{"id":295433,"date":"2026-03-10T10:50:00","date_gmt":"2026-03-10T09:50:00","guid":{"rendered":"https:\/\/www.tucomarca.com\/wordpress\/segunda\/?p=295433"},"modified":"2026-03-10T19:56:54","modified_gmt":"2026-03-10T18:56:54","slug":"susana-camarero-destaca-en-utiel-que-el-futuro-del-mundo-rural-pasa-necesariamente-por-el-impulso-del-talento-y-el-liderazgo-de-las-mujeres","status":"publish","type":"post","link":"https:\/\/www.tucomarca.com\/wordpress\/segunda\/susana-camarero-destaca-en-utiel-que-el-futuro-del-mundo-rural-pasa-necesariamente-por-el-impulso-del-talento-y-el-liderazgo-de-las-mujeres\/","title":{"rendered":"Susana Camarero destaca en Utiel \u00abque el futuro del mundo rural pasa, necesariamente, por el impulso del talento y el liderazgo de las mujeres\u00bb"},"content":{"rendered":"\n<h3 class=\"wp-block-heading\">La vicepresidenta primera apuesta por \u201cseguir generando oportunidades de empleo en el medio rural, reforzar los servicios sociosanitarios, mejorar la conciliaci\u00f3n, as\u00ed como garantizar la igualdad de oportunidades entre territorios\u201d.<\/h3>\n\n\n\n<h3 class=\"wp-block-heading\">La titular de Empleo subraya que el Programa Dona Rural y Urbana cuenta con una inversi\u00f3n de 4,5 millones de euros y atiende a 1.780 mujeres, ofreci\u00e9ndoles orientaci\u00f3n laboral y mejorando su empleabilidad.<\/h3>\n\n\n\n<h3 class=\"wp-block-heading\">Camarero participa en el foro \u2018Desaf\u00edos y oportunidades de la Espa\u00f1a rural: Comunidad Valenciana\u2019, organizado por la Fundaci\u00f3n Mapfre para abordar las claves del desarrollo en el entorno rural.<\/h3>\n\n\n\n<p>La vicepresidenta primera y consellera de Vivienda, Empleo, Juventud e Igualdad, Susana Camarero, ha subrayado que \u201cel mundo rural tiene futuro\u201d, y que ese futuro \u201cpasa, necesariamente, por el impulso del talento, el emprendimiento y el liderazgo de las mujeres rurales\u201d.<\/p>\n\n\n\n<p>En este sentido, la vicepresidenta ha apostado por \u201cseguir generando oportunidades de empleo en el medio rural, reforzar los servicios sociosanitarios y de cuidados, mejorar la conciliaci\u00f3n y la corresponsabilidad, as\u00ed como garantizar la igualdad de oportunidades entre territorios\u201d.<\/p>\n\n\n\n<p>Susana Camarero ha participado en el foro \u2018Desaf\u00edos y oportunidades de la Espa\u00f1a rural: Comunitat Valenciana\u2019, organizado por la Fundaci\u00f3n Mapfre en colaboraci\u00f3n con el Ayuntamiento de Utiel. Esta jornada, celebrada en la Casa de Cultura de la localidad, ha contado con representantes de las administraciones p\u00fablicas, del sector privado y del entorno rural, y en la misma se han abordado las claves para impulsar el desarrollo del medio rural, centradas en el empleo y el acceso a servicios sociosanitarios y cuidados de larga duraci\u00f3n.<\/p>\n\n\n\n<p>Camarero ha se\u00f1alado que durante demasiado tiempo el medio rural ha sido analizado desde la perspectiva del despoblamiento, del envejecimiento de la poblaci\u00f3n, de la falta de servicios o de las dificultades de acceso al empleo. Sin embargo, el mundo rural \u201ces un espacio lleno de oportunidades para el emprendimiento, para la innovaci\u00f3n y para la diversificaci\u00f3n econ\u00f3mica\u201d. Por lo que desde la Generalitat \u201cestamos trabajando en generar oportunidades reales de empleo, en mejorar los servicios y en reforzar la calidad de vida en nuestros pueblos\u201d. Y en ese prop\u00f3sito destaca un elemento fundamental: el papel de las mujeres rurales.<\/p>\n\n\n\n<p>La consellera de Empleo ha se\u00f1alado que las mujeres rurales \u201chan sido el pilar econ\u00f3mico, social y familiar de nuestros pueblos\u201d, y ha subrayado que en la actualidad \u201ccontamos con mujeres rurales m\u00e1s formadas, m\u00e1s preparadas y con m\u00e1s oportunidades que nunca\u201d.<\/p>\n\n\n\n<p>Este hecho abre nuevas oportunidades para las mujeres, pero tambi\u00e9n para el desarrollo econ\u00f3mico del territorio. \u201cCuando una mujer puede emprender y desarrollar su proyecto profesional en su municipio, se genera empleo, se fija poblaci\u00f3n y se fortalece la vida econ\u00f3mica y social del territorio\u201d, ha indicado la vicepresidenta.<\/p>\n\n\n\n<p>Sin embargo, las mujeres que viven en municipios rurales tambi\u00e9n afrontan dificultades espec\u00edficas, como \u201cuna menor diversificaci\u00f3n del mercado laboral, menor acceso a redes empresariales, la brecha digital y una mayor carga de responsabilidades familiares y de cuidados\u201d, ha apuntado Camarero.<\/p>\n\n\n\n<p>Por todo ello, \u201clas pol\u00edticas p\u00fablicas deben incorporar una doble mirada: territorial y de g\u00e9nero. Y en esa l\u00ednea se orientan muchas de las iniciativas en las que estamos trabajando desde este Consell\u201d, ha resaltado la vicepresidenta.<\/p>\n\n\n\n<p><strong>Pol\u00edticas de empleo<\/strong><\/p>\n\n\n\n<p>Camarero ha puesto de relieve las acciones puestas en marcha desde Labora, el Servicio Valenciano de Empleo y Formaci\u00f3n, para que las mujeres que viven en entornos rurales dispongan de las mismas oportunidades de acceso al empleo, a la formaci\u00f3n y al emprendimiento que en las zonas urbanas.<\/p>\n\n\n\n<p>\u201cDesde Labora estamos firmemente comprometidos con la igualdad real. Muestra de ello es que m\u00e1s del 60 % de los itinerarios personalizados de inserci\u00f3n laboral est\u00e1n dirigidos a mujeres. Solo en 2025, m\u00e1s de 92.000 mujeres fueron atendidas en los Espais Labora, el 53,4 % del total. Y en apenas dos a\u00f1os, casi 166.000 mujeres han participado en acciones formativas impulsadas por Labora\u201d, ha indicado la vicepresidenta.<\/p>\n\n\n\n<p>La consellera de Empleo ha destacado el Programa Dona Rural y Urbana, que cuenta con una inversi\u00f3n de 4,5 millones de euros y est\u00e1 destinado a mejorar la empleabilidad de mujeres que viven en zonas rurales o en entornos con especiales dificultades de acceso al empleo. \u201cGracias a este programa se han atendido a 1.780 mujeres, ofreci\u00e9ndoles orientaci\u00f3n laboral personalizada, formaci\u00f3n en competencias digitales y verdes, acompa\u00f1amiento en la b\u00fasqueda de empleo y apoyo al emprendimiento\u201d.<\/p>\n\n\n\n<p>Adem\u00e1s, el Plan de Formaci\u00f3n para el Empleo de Labora prioriza la capacitaci\u00f3n de mujeres en sectores con gran potencial en el medio rural, como son la econom\u00eda verde, la rehabilitaci\u00f3n energ\u00e9tica, la agricultura sostenible, el turismo rural, la digitalizaci\u00f3n, el emprendimiento o los servicios sociosanitarios.<\/p>\n\n\n\n<p><strong>Emprendimiento y servicios asistenciales de calidad<\/strong><\/p>\n\n\n\n<p>Otro elemento fundamental citado por Camarero para promover el desarrollo rural es el emprendimiento. De este modo, la promoci\u00f3n de la titularidad compartida \u201cayuda al emprendimiento y supone un gran avance social. En un pa\u00eds donde las mujeres no llegan al 30 % de titularidad de explotaci\u00f3n, promover la titularidad compartida impulsa el emprendedurismo y favorece la justicia social, ya que, si los dos trabajan la tierra, los dos cotizan por su trabajo y los dos recibir\u00e1n una pensi\u00f3n de jubilaci\u00f3n. Con esta pol\u00edtica, se rompe la brecha de g\u00e9nero y se lucha contra el despoblamiento, manteniendo la actividad econ\u00f3mica\u201d, ha subrayado la vicepresidenta.<\/p>\n\n\n\n<p>Desde la Generalitat tambi\u00e9n se han desarrollado acciones de apoyo a las mujeres del sector primario, con una inversi\u00f3n de 200.000 euros. Mientras que a trav\u00e9s del \u2018Plan Oportunitats al Teu Poble\u2019, el Consell ha destinado diez millones de euros para crear oportunidades laborales en municipios de menos de 2.000 habitantes, con el objetivo de reactivar la econom\u00eda de las zonas rurales y frenar la emigraci\u00f3n de los j\u00f3venes.<\/p>\n\n\n\n<figure class=\"wp-block-image size-large\"><img loading=\"lazy\" decoding=\"async\" width=\"1024\" height=\"550\" src=\"https:\/\/www.tucomarca.com\/wordpress\/segunda\/wp-content\/uploads\/2026\/03\/SusanaCamarero2-1024x550.jpg\" alt=\"\" class=\"wp-image-295434\" srcset=\"https:\/\/www.tucomarca.com\/wordpress\/segunda\/wp-content\/uploads\/2026\/03\/SusanaCamarero2-1024x550.jpg 1024w, https:\/\/www.tucomarca.com\/wordpress\/segunda\/wp-content\/uploads\/2026\/03\/SusanaCamarero2-300x161.jpg 300w, https:\/\/www.tucomarca.com\/wordpress\/segunda\/wp-content\/uploads\/2026\/03\/SusanaCamarero2-768x413.jpg 768w, https:\/\/www.tucomarca.com\/wordpress\/segunda\/wp-content\/uploads\/2026\/03\/SusanaCamarero2-1536x826.jpg 1536w, https:\/\/www.tucomarca.com\/wordpress\/segunda\/wp-content\/uploads\/2026\/03\/SusanaCamarero2-2048x1101.jpg 2048w\" sizes=\"auto, (max-width: 1024px) 100vw, 1024px\" \/><\/figure>\n\n\n\n<p><\/p>\n\n\n\n<p><strong>Avanzar hacia la igualdad real<\/strong><\/p>\n\n\n\n<p>La vicepresidenta primera ha asegurado que \u201csi queremos avanzar hacia una igualdad real en el medio rural, la conciliaci\u00f3n y la corresponsabilidad son fundamentales\u201d. En este sentido, el Plan Corresponsables de la Generalitat permite habilitar servicios profesionales de cuidado para menores de 16 a\u00f1os. Este programa cuenta con una dotaci\u00f3n de m\u00e1s de 16,5 millones de euros y prioriza, especialmente, a los municipios con menor poblaci\u00f3n. \u201cSu objetivo es facilitar la conciliaci\u00f3n de las familias y permitir que muchas mujeres puedan incorporarse o mantenerse en el mercado laboral\u201d, ha detallado la vicepresidenta.<\/p>\n\n\n\n<p>Desde la Generalitat tambi\u00e9n se est\u00e1n reforzando los instrumentos institucionales para garantizar la igualdad de oportunidades. Uno de ellos es la Comisi\u00f3n Interdepartamental para la Igualdad entre Mujeres y Hombres, encargada de coordinar la aplicaci\u00f3n de la perspectiva de g\u00e9nero en todas las pol\u00edticas p\u00fablicas de la Generalitat.<\/p>\n\n\n\n<p>En este marco se desarrolla el I Plan de Promoci\u00f3n de las Mujeres Rurales de la Comunitat Valenciana 2023-2026, cuyo objetivo se centra en visibilizar el papel de las mujeres rurales; fomentar su participaci\u00f3n econ\u00f3mica; mejorar su calidad de vida y promover su formaci\u00f3n y especializaci\u00f3n.<\/p>\n\n\n\n<p>Adem\u00e1s, \u201cimpulsamos el movimiento asociativo de mujeres a trav\u00e9s de ayudas destinadas a colectivos que desarrollan proyectos de igualdad, especialmente en el \u00e1mbito rural\u201d, ha explicado Camarero.<\/p>\n\n\n\n<p>La vicepresidenta tambi\u00e9n ha avanzado que se quiere ir \u201cun paso m\u00e1s all\u00e1\u201d con la elaboraci\u00f3n del Estatuto de las Mujeres Rurales, Agricultoras y del Mar de la Comunitat Valenciana.<\/p>\n\n\n\n<p>\u201cUn instrumento que permitir\u00e1 reconocer, visibilizar y proteger los derechos de las mujeres que desarrollan su vida y su actividad econ\u00f3mica en el medio rural, en el sector agrario o en el \u00e1mbito mar\u00edtimo pesquero. Ser\u00e1 una herramienta clave para avanzar hacia una igualdad real y efectiva en todos los \u00e1mbitos del territorio\u201d, ha detallado la vicepresidenta.<\/p>\n\n\n\n<p>Todas estas medidas se acompa\u00f1an con otras de visi\u00f3n m\u00e1s generalista pero que ponen de manifiesto la implicaci\u00f3n del Consell con el mundo rural. A este respecto, Camarero ha citado el incremento en un 58 % del fondo de municipios en riesgo de despoblamiento; las iniciativas orientadas a combatir la exclusi\u00f3n financiera a trav\u00e9s de f\u00f3rmulas como el&nbsp;<em>ofibus<\/em>&nbsp;y la colaboraci\u00f3n con los ayuntamientos para la instalaci\u00f3n de cajeros autom\u00e1ticos en municipios peque\u00f1os; o el Plan de Ayudas a la compra de viviendas para j\u00f3venes en localidades peque\u00f1as o en riesgo de despoblaci\u00f3n, entre otras.<\/p>\n","protected":false},"excerpt":{"rendered":"<div class=\"mh-excerpt\">La vicepresidenta primera apuesta por \u201cseguir generando oportunidades de empleo en el medio rural, reforzar los servicios sociosanitarios, mejorar la conciliaci\u00f3n, as\u00ed como garantizar la igualdad de oportunidades entre territorios\u201d. La titular de Empleo subraya <a class=\"mh-excerpt-more\" href=\"https:\/\/www.tucomarca.com\/wordpress\/segunda\/susana-camarero-destaca-en-utiel-que-el-futuro-del-mundo-rural-pasa-necesariamente-por-el-impulso-del-talento-y-el-liderazgo-de-las-mujeres\/\" title=\"Susana Camarero destaca en Utiel \u00abque el futuro del mundo rural pasa, necesariamente, por el impulso del talento y el liderazgo de las mujeres\u00bb\">[+] <\/a><\/div>\n","protected":false},"author":1,"featured_media":295436,"comment_status":"closed","ping_status":"open","sticky":false,"template":"","format":"standard","meta":{"footnotes":""},"categories":[128,8,72,142,27,3,116,29,45],"tags":[10716,10387,21388,10389],"class_list":{"0":"post-295433","1":"post","2":"type-post","3":"status-publish","4":"format-standard","5":"has-post-thumbnail","7":"category-infraestructuras","8":"category-la-comarca","9":"category-sin-categorizar","10":"category-politica-la-comarca","11":"category-requena-utiel","12":"category-seccion","13":"category-sucesos-la-comarca","14":"category-utiel","15":"category-ventana","16":"tag-generalitat-valenciana","17":"tag-requena-utiel","18":"tag-susana-camarero","19":"tag-utiel"},"_links":{"self":[{"href":"https:\/\/www.tucomarca.com\/wordpress\/segunda\/wp-json\/wp\/v2\/posts\/295433","targetHints":{"allow":["GET"]}}],"collection":[{"href":"https:\/\/www.tucomarca.com\/wordpress\/segunda\/wp-json\/wp\/v2\/posts"}],"about":[{"href":"https:\/\/www.tucomarca.com\/wordpress\/segunda\/wp-json\/wp\/v2\/types\/post"}],"author":[{"embeddable":true,"href":"https:\/\/www.tucomarca.com\/wordpress\/segunda\/wp-json\/wp\/v2\/users\/1"}],"replies":[{"embeddable":true,"href":"https:\/\/www.tucomarca.com\/wordpress\/segunda\/wp-json\/wp\/v2\/comments?post=295433"}],"version-history":[{"count":0,"href":"https:\/\/www.tucomarca.com\/wordpress\/segunda\/wp-json\/wp\/v2\/posts\/295433\/revisions"}],"wp:featuredmedia":[{"embeddable":true,"href":"https:\/\/www.tucomarca.com\/wordpress\/segunda\/wp-json\/wp\/v2\/media\/295436"}],"wp:attachment":[{"href":"https:\/\/www.tucomarca.com\/wordpress\/segunda\/wp-json\/wp\/v2\/media?parent=295433"}],"wp:term":[{"taxonomy":"category","embeddable":true,"href":"https:\/\/www.tucomarca.com\/wordpress\/segunda\/wp-json\/wp\/v2\/categories?post=295433"},{"taxonomy":"post_tag","embeddable":true,"href":"https:\/\/www.tucomarca.com\/wordpress\/segunda\/wp-json\/wp\/v2\/tags?post=295433"}],"curies":[{"name":"wp","href":"https:\/\/api.w.org\/{rel}","templated":true}]}}