{"id":295462,"date":"2026-03-11T09:45:00","date_gmt":"2026-03-11T08:45:00","guid":{"rendered":"https:\/\/www.tucomarca.com\/wordpress\/segunda\/?p=295462"},"modified":"2026-03-11T20:36:51","modified_gmt":"2026-03-11T19:36:51","slug":"el-musico-bunolense-jose-luis-ramon-criado-brilla-como-solista-con-la-banda-sinfonica-municipal-de-valencia","status":"publish","type":"post","link":"https:\/\/www.tucomarca.com\/wordpress\/segunda\/el-musico-bunolense-jose-luis-ramon-criado-brilla-como-solista-con-la-banda-sinfonica-municipal-de-valencia\/","title":{"rendered":"El m\u00fasico bu\u00f1olense Jos\u00e9 Luis Ram\u00f3n Criado brilla como solista con la Banda Sinf\u00f3nica Municipal de Val\u00e8ncia"},"content":{"rendered":"\n<p>El m\u00fasico bu\u00f1olense <strong>Jos\u00e9 Luis Ram\u00f3n Criado<\/strong>, profesor de la Banda Sinf\u00f3nica Municipal de Val\u00e8ncia, protagoniz\u00f3 una destacada actuaci\u00f3n como solista en el concierto <strong>\u201cEn clave femenina\u201d<\/strong>, dirigido por la directora invitada <strong>Clara Ziegelbauer<\/strong>.<\/p>\n\n\n\n<p>Durante el recital, Ram\u00f3n Criado interpret\u00f3 el <strong>Concierto para bombardino de Martin Ellerby<\/strong>, una obra que cautiv\u00f3 al p\u00fablico asistente y que permiti\u00f3 descubrir la riqueza sonora y expresiva de este instrumento, que en muchas ocasiones pasa desapercibido dentro de la formaci\u00f3n band\u00edstica.<\/p>\n\n\n\n<p>El m\u00fasico, que forma parte de la <strong>Banda Sinf\u00f3nica de la Sociedad Musical \u201cLa Art\u00edstica\u201d de Bu\u00f1ol<\/strong> y de su <strong>Big Band<\/strong>, volvi\u00f3 a demostrar su talento y maestr\u00eda sobre el escenario, convirti\u00e9ndose en uno de los protagonistas de la jornada. Su actuaci\u00f3n fue recibida con entusiasmo por el p\u00fablico, que disfrut\u00f3 de una interpretaci\u00f3n llena de sensibilidad y virtuosismo.<\/p>\n\n\n\n<figure class=\"wp-block-gallery has-nested-images columns-default is-cropped wp-block-gallery-1 is-layout-flex wp-block-gallery-is-layout-flex\">\n<figure class=\"wp-block-image size-large\"><img loading=\"lazy\" decoding=\"async\" width=\"1024\" height=\"768\" data-id=\"295464\" src=\"https:\/\/www.tucomarca.com\/wordpress\/segunda\/wp-content\/uploads\/2026\/03\/JoseBandaMunicipal1-1024x768.jpg\" alt=\"\" class=\"wp-image-295464\" srcset=\"https:\/\/www.tucomarca.com\/wordpress\/segunda\/wp-content\/uploads\/2026\/03\/JoseBandaMunicipal1-1024x768.jpg 1024w, https:\/\/www.tucomarca.com\/wordpress\/segunda\/wp-content\/uploads\/2026\/03\/JoseBandaMunicipal1-300x225.jpg 300w, https:\/\/www.tucomarca.com\/wordpress\/segunda\/wp-content\/uploads\/2026\/03\/JoseBandaMunicipal1-768x576.jpg 768w, https:\/\/www.tucomarca.com\/wordpress\/segunda\/wp-content\/uploads\/2026\/03\/JoseBandaMunicipal1-678x509.jpg 678w, https:\/\/www.tucomarca.com\/wordpress\/segunda\/wp-content\/uploads\/2026\/03\/JoseBandaMunicipal1-326x245.jpg 326w, https:\/\/www.tucomarca.com\/wordpress\/segunda\/wp-content\/uploads\/2026\/03\/JoseBandaMunicipal1-80x60.jpg 80w, https:\/\/www.tucomarca.com\/wordpress\/segunda\/wp-content\/uploads\/2026\/03\/JoseBandaMunicipal1.jpg 1181w\" sizes=\"auto, (max-width: 1024px) 100vw, 1024px\" \/><\/figure>\n\n\n\n<figure class=\"wp-block-image size-large\"><img loading=\"lazy\" decoding=\"async\" width=\"1024\" height=\"768\" data-id=\"295466\" src=\"https:\/\/www.tucomarca.com\/wordpress\/segunda\/wp-content\/uploads\/2026\/03\/JoseBandaMunicipal2-1024x768.jpg\" alt=\"\" class=\"wp-image-295466\" srcset=\"https:\/\/www.tucomarca.com\/wordpress\/segunda\/wp-content\/uploads\/2026\/03\/JoseBandaMunicipal2-1024x768.jpg 1024w, https:\/\/www.tucomarca.com\/wordpress\/segunda\/wp-content\/uploads\/2026\/03\/JoseBandaMunicipal2-300x225.jpg 300w, https:\/\/www.tucomarca.com\/wordpress\/segunda\/wp-content\/uploads\/2026\/03\/JoseBandaMunicipal2-768x576.jpg 768w, https:\/\/www.tucomarca.com\/wordpress\/segunda\/wp-content\/uploads\/2026\/03\/JoseBandaMunicipal2-678x509.jpg 678w, https:\/\/www.tucomarca.com\/wordpress\/segunda\/wp-content\/uploads\/2026\/03\/JoseBandaMunicipal2-326x245.jpg 326w, https:\/\/www.tucomarca.com\/wordpress\/segunda\/wp-content\/uploads\/2026\/03\/JoseBandaMunicipal2-80x60.jpg 80w, https:\/\/www.tucomarca.com\/wordpress\/segunda\/wp-content\/uploads\/2026\/03\/JoseBandaMunicipal2.jpg 1181w\" sizes=\"auto, (max-width: 1024px) 100vw, 1024px\" \/><\/figure>\n<\/figure>\n\n\n\n<p>El programa del concierto incluy\u00f3 adem\u00e1s dos estrenos para la Banda Sinf\u00f3nica Municipal de Val\u00e8ncia. Por un lado, la <em>Symphonie pour orchestre d\u2019harmonie<\/em> de <strong>Ida Gotkovsky<\/strong>, considerada una de las figuras clave en la literatura para orquesta de viento del siglo XX. Por otro, el citado <strong>Concierto para bombardino de Martin Ellerby<\/strong>, interpretado por Jos\u00e9 Luis Ram\u00f3n como solista.<\/p>\n\n\n\n<p>La ma\u00f1ana musical se complet\u00f3 con otras destacadas piezas del repertorio band\u00edstico, como la <em>Fanfare pour pr\u00e9c\u00e9der La P\u00e9ri<\/em> de <strong>Paul Dukas<\/strong>, el pasodoble <em>Churumbeler\u00edas<\/em> de <strong>Emilio Cebri\u00e1n<\/strong> y el c\u00e9lebre <em>Bol\u00e9ro<\/em> de <strong>Maurice Ravel<\/strong>, cerrando as\u00ed un concierto brillante y emocionante que puso en valor tanto la calidad de la Banda Sinf\u00f3nica Municipal como el talento del m\u00fasico bu\u00f1olense. Informa, <strong>P. Ferrer<\/strong>.<\/p>\n","protected":false},"excerpt":{"rendered":"<div class=\"mh-excerpt\">El m\u00fasico bu\u00f1olense Jos\u00e9 Luis Ram\u00f3n Criado, profesor de la Banda Sinf\u00f3nica Municipal de Val\u00e8ncia, protagoniz\u00f3 una destacada actuaci\u00f3n como solista en el concierto \u201cEn clave femenina\u201d, dirigido por la directora invitada Clara Ziegelbauer. Durante <a class=\"mh-excerpt-more\" href=\"https:\/\/www.tucomarca.com\/wordpress\/segunda\/el-musico-bunolense-jose-luis-ramon-criado-brilla-como-solista-con-la-banda-sinfonica-municipal-de-valencia\/\" title=\"El m\u00fasico bu\u00f1olense Jos\u00e9 Luis Ram\u00f3n Criado brilla como solista con la Banda Sinf\u00f3nica Municipal de Val\u00e8ncia\">[+] <\/a><\/div>\n","protected":false},"author":12,"featured_media":295468,"comment_status":"closed","ping_status":"open","sticky":false,"template":"","format":"gallery","meta":{"footnotes":""},"categories":[18,66,8,10,7,3],"tags":[21247,10385,24027,5952],"class_list":{"0":"post-295462","1":"post","2":"type-post","3":"status-publish","4":"format-gallery","5":"has-post-thumbnail","7":"category-bunol","8":"category-musica","9":"category-la-comarca","10":"category-la-hoya","11":"category-ocio-y-cultura","12":"category-seccion","13":"tag-banda-sinfonica-municipal-de-valencia","14":"tag-bunol","15":"tag-jose-luis-ramon-criado","16":"tag-la-hoya-de-bunol-chiva","17":"post_format-post-format-gallery"},"_links":{"self":[{"href":"https:\/\/www.tucomarca.com\/wordpress\/segunda\/wp-json\/wp\/v2\/posts\/295462","targetHints":{"allow":["GET"]}}],"collection":[{"href":"https:\/\/www.tucomarca.com\/wordpress\/segunda\/wp-json\/wp\/v2\/posts"}],"about":[{"href":"https:\/\/www.tucomarca.com\/wordpress\/segunda\/wp-json\/wp\/v2\/types\/post"}],"author":[{"embeddable":true,"href":"https:\/\/www.tucomarca.com\/wordpress\/segunda\/wp-json\/wp\/v2\/users\/12"}],"replies":[{"embeddable":true,"href":"https:\/\/www.tucomarca.com\/wordpress\/segunda\/wp-json\/wp\/v2\/comments?post=295462"}],"version-history":[{"count":0,"href":"https:\/\/www.tucomarca.com\/wordpress\/segunda\/wp-json\/wp\/v2\/posts\/295462\/revisions"}],"wp:featuredmedia":[{"embeddable":true,"href":"https:\/\/www.tucomarca.com\/wordpress\/segunda\/wp-json\/wp\/v2\/media\/295468"}],"wp:attachment":[{"href":"https:\/\/www.tucomarca.com\/wordpress\/segunda\/wp-json\/wp\/v2\/media?parent=295462"}],"wp:term":[{"taxonomy":"category","embeddable":true,"href":"https:\/\/www.tucomarca.com\/wordpress\/segunda\/wp-json\/wp\/v2\/categories?post=295462"},{"taxonomy":"post_tag","embeddable":true,"href":"https:\/\/www.tucomarca.com\/wordpress\/segunda\/wp-json\/wp\/v2\/tags?post=295462"}],"curies":[{"name":"wp","href":"https:\/\/api.w.org\/{rel}","templated":true}]}}