{"id":295476,"date":"2026-03-11T12:00:00","date_gmt":"2026-03-11T11:00:00","guid":{"rendered":"https:\/\/www.tucomarca.com\/wordpress\/segunda\/?p=295476"},"modified":"2026-03-11T20:29:48","modified_gmt":"2026-03-11T19:29:48","slug":"desarticulado-un-grupo-criminal-especializado-en-el-robo-de-vehiculos-para-su-exportacion-ilegal-al-extranjero-asentado-en-lliria-y-benidorm","status":"publish","type":"post","link":"https:\/\/www.tucomarca.com\/wordpress\/segunda\/desarticulado-un-grupo-criminal-especializado-en-el-robo-de-vehiculos-para-su-exportacion-ilegal-al-extranjero-asentado-en-lliria-y-benidorm\/","title":{"rendered":"Desarticulado un grupo criminal especializado en el robo de veh\u00edculos para su exportaci\u00f3n ilegal al extranjero\u00a0asentado en Ll\u00edria y Benidorm"},"content":{"rendered":"\n<h3 class=\"wp-block-heading\">El grupo seleccionaba los veh\u00edculos, instalaba dispositivos de geolocalizaci\u00f3n y empleaba inhibidores de frecuencia, junto a t\u00e9cnicas avanzadas de apertura electr\u00f3nica, para sustraerlos.<\/h3>\n\n\n\n<h3 class=\"wp-block-heading\">Se han realizado registros en Benidorm, Finestrat y Ll\u00edria, donde se ha intervenido diverso material utilizado para la comisi\u00f3n de los delitos, as\u00ed como ocho veh\u00edculos sustra\u00eddos.<\/h3>\n\n\n\n<h3 class=\"wp-block-heading\">Cuatro personas, a quienes se les imputan los delitos de robo con fuerza, falsificaci\u00f3n de documento p\u00fablico y pertenencia a grupo criminal, han ingresado en prisi\u00f3n provisional por estos hechos.<\/h3>\n\n\n\n<p>La Guardia Civil y la Polic\u00eda Nacional, en el marco de una operaci\u00f3n conjunta desarrollada contra el tr\u00e1fico il\u00edcito internacional de veh\u00edculos, han logrado desarticular un grupo criminal perfectamente estructurado que operaba con un alto grado de especializaci\u00f3n t\u00e9cnica y log\u00edstica, evitando as\u00ed la salida il\u00edcita de numerosos veh\u00edculos hacia el extranjero.<\/p>\n\n\n\n<p>La investigaci\u00f3n se inici\u00f3 el pasado mes de octubre tras la localizaci\u00f3n de un turismo con placas falsificadas en el municipio de Campello. Este hallazgo permiti\u00f3 destapar una trama criminal organizada dedicada al robo de veh\u00edculos y su posterior introducci\u00f3n en el mercado internacional.<\/p>\n\n\n\n<p>Ante el notable incremento de robos con fuerza de determinadas marcas de veh\u00edculos en la provincia de Alicante, se puso en marcha una operaci\u00f3n conjunta entre el Equipo de Patrimonio de la Unidad Org\u00e1nica de Polic\u00eda Judicial de la Guardia Civil de Alicante y el Grupo de Tr\u00e1fico Il\u00edcito de Veh\u00edculos de la Polic\u00eda Nacional.<\/p>\n\n\n\n<p>Las pesquisas permitieron identificar a un grupo criminal compuesto por cuatro individuos de origen bielorruso, asentados en las localidades de Ll\u00edria y Benidorm. Los investigados estaban especializados no solo en la sustracci\u00f3n de veh\u00edculos en las provincias de Alicante y Valencia, sino en completar todo el proceso necesario para su reintroducci\u00f3n en el mercado fuera de Espa\u00f1a.<\/p>\n\n\n\n<p>El grupo seleccionaba previamente los veh\u00edculos y colocaba dispositivos de geolocalizaci\u00f3n para controlar sus movimientos. Posteriormente, empleaban inhibidores de frecuencia para neutralizar los sistemas de seguridad y utilizaban t\u00e9cnicas avanzadas de apertura electr\u00f3nica de \u00faltima generaci\u00f3n para acceder a los turismos.<\/p>\n\n\n\n<p>Una vez sustra\u00eddos, los veh\u00edculos eran trasladados a zonas apartadas donde permanec\u00edan \u201cenfri\u00e1ndose\u201d durante varias semanas para dificultar su detecci\u00f3n. Despu\u00e9s, proced\u00edan al troquelado de nuevos n\u00fameros de bastidor, la colocaci\u00f3n de etiquetas identificativas falsas y la obtenci\u00f3n de documentaci\u00f3n fraudulenta expedida en otros pa\u00edses europeos.<\/p>\n\n\n\n<p>Las modificaciones finales se realizaban en un chalet ubicado en Ll\u00edria. En la fase final del proceso, los miembros del grupo contactaban con conductores desplazados desde otros pa\u00edses, quienes transportaban los veh\u00edculos por carretera desde Alicante hasta Francia, donde eran comercializados como si fueran legales.<\/p>\n\n\n\n<figure class=\"wp-block-gallery has-nested-images columns-2 is-cropped wp-block-gallery-1 is-layout-flex wp-block-gallery-is-layout-flex\">\n<figure class=\"wp-block-image size-large\"><img loading=\"lazy\" decoding=\"async\" width=\"1024\" height=\"576\" data-id=\"295488\" src=\"https:\/\/www.tucomarca.com\/wordpress\/segunda\/wp-content\/uploads\/2026\/03\/GCRoboVehiculos4-1-1024x576.jpg\" alt=\"\" class=\"wp-image-295488\" srcset=\"https:\/\/www.tucomarca.com\/wordpress\/segunda\/wp-content\/uploads\/2026\/03\/GCRoboVehiculos4-1-1024x576.jpg 1024w, https:\/\/www.tucomarca.com\/wordpress\/segunda\/wp-content\/uploads\/2026\/03\/GCRoboVehiculos4-1-300x169.jpg 300w, https:\/\/www.tucomarca.com\/wordpress\/segunda\/wp-content\/uploads\/2026\/03\/GCRoboVehiculos4-1-768x432.jpg 768w, https:\/\/www.tucomarca.com\/wordpress\/segunda\/wp-content\/uploads\/2026\/03\/GCRoboVehiculos4-1-1536x864.jpg 1536w, https:\/\/www.tucomarca.com\/wordpress\/segunda\/wp-content\/uploads\/2026\/03\/GCRoboVehiculos4-1-678x381.jpg 678w, https:\/\/www.tucomarca.com\/wordpress\/segunda\/wp-content\/uploads\/2026\/03\/GCRoboVehiculos4-1.jpg 1920w\" sizes=\"auto, (max-width: 1024px) 100vw, 1024px\" \/><\/figure>\n\n\n\n<figure class=\"wp-block-image size-large\"><img loading=\"lazy\" decoding=\"async\" width=\"1024\" height=\"576\" data-id=\"295486\" src=\"https:\/\/www.tucomarca.com\/wordpress\/segunda\/wp-content\/uploads\/2026\/03\/GCRobovehiculos3-1-1024x576.jpg\" alt=\"\" class=\"wp-image-295486\" srcset=\"https:\/\/www.tucomarca.com\/wordpress\/segunda\/wp-content\/uploads\/2026\/03\/GCRobovehiculos3-1-1024x576.jpg 1024w, https:\/\/www.tucomarca.com\/wordpress\/segunda\/wp-content\/uploads\/2026\/03\/GCRobovehiculos3-1-300x169.jpg 300w, https:\/\/www.tucomarca.com\/wordpress\/segunda\/wp-content\/uploads\/2026\/03\/GCRobovehiculos3-1-768x432.jpg 768w, https:\/\/www.tucomarca.com\/wordpress\/segunda\/wp-content\/uploads\/2026\/03\/GCRobovehiculos3-1-1536x864.jpg 1536w, https:\/\/www.tucomarca.com\/wordpress\/segunda\/wp-content\/uploads\/2026\/03\/GCRobovehiculos3-1-678x381.jpg 678w, https:\/\/www.tucomarca.com\/wordpress\/segunda\/wp-content\/uploads\/2026\/03\/GCRobovehiculos3-1.jpg 1920w\" sizes=\"auto, (max-width: 1024px) 100vw, 1024px\" \/><\/figure>\n\n\n\n<figure class=\"wp-block-image size-large\"><img loading=\"lazy\" decoding=\"async\" width=\"1024\" height=\"576\" data-id=\"295478\" src=\"https:\/\/www.tucomarca.com\/wordpress\/segunda\/wp-content\/uploads\/2026\/03\/GCRoboVehiculos1-1024x576.jpg\" alt=\"\" class=\"wp-image-295478\" srcset=\"https:\/\/www.tucomarca.com\/wordpress\/segunda\/wp-content\/uploads\/2026\/03\/GCRoboVehiculos1-1024x576.jpg 1024w, https:\/\/www.tucomarca.com\/wordpress\/segunda\/wp-content\/uploads\/2026\/03\/GCRoboVehiculos1-300x169.jpg 300w, https:\/\/www.tucomarca.com\/wordpress\/segunda\/wp-content\/uploads\/2026\/03\/GCRoboVehiculos1-768x432.jpg 768w, https:\/\/www.tucomarca.com\/wordpress\/segunda\/wp-content\/uploads\/2026\/03\/GCRoboVehiculos1-1536x864.jpg 1536w, https:\/\/www.tucomarca.com\/wordpress\/segunda\/wp-content\/uploads\/2026\/03\/GCRoboVehiculos1-678x381.jpg 678w, https:\/\/www.tucomarca.com\/wordpress\/segunda\/wp-content\/uploads\/2026\/03\/GCRoboVehiculos1.jpg 1920w\" sizes=\"auto, (max-width: 1024px) 100vw, 1024px\" \/><\/figure>\n<\/figure>\n\n\n\n<p><\/p>\n\n\n\n<p>El pasado 9 de febrero, una vez acreditada la participaci\u00f3n de los investigados, se llevaron a cabo un registro en Benidorm en un piso, otro en un trastero alquilado en Finestrat y un tercer registro en el chalet de Ll\u00edria. Durante esta actuaci\u00f3n los agentes contaron con el apoyo de la Unidad de Seguridad Ciudadana de la Comandancia (USECIC) de Valencia y la Unidad de Prevenci\u00f3n y Reacci\u00f3n (UPR) de la Comisar\u00eda de Benidorm.<\/p>\n\n\n\n<p>Como resultado de las entradas y registros se intervino abundante material utilizado para la comisi\u00f3n de los delitos, entre el que destaca: una m\u00e1quina troqueladora para fabricar n\u00fameros de bastidor, instrumentos de apertura electr\u00f3nica de veh\u00edculos, placas de matr\u00edcula falsas, documentaci\u00f3n falsa de veh\u00edculos, m\u00e1quina clonadora\/codificadora de llaves, dispositivos de geolocalizaci\u00f3n, inhibidores de frecuencia, numerosos espadines para apertura de puertas, pintura para la modificaci\u00f3n de n\u00fameros de bastidor, un juego de cuchillos ornamentados y m\u00f3dems port\u00e1tiles para veh\u00edculos.<\/p>\n\n\n\n<p>Asimismo, durante la operaci\u00f3n se lograron recuperar ocho veh\u00edculos sustra\u00eddos y se intervino la totalidad del material almacenado en el trastero de Finestrat.<\/p>\n\n\n\n<p>Los cuatro detenidos, varones de entre 40 y 50 a\u00f1os, con antecedentes recientes por hechos similares, han sido imputados por delitos de robo con fuerza de veh\u00edculos, falsedad documental y pertenencia a grupo criminal. Tras su puesta a disposici\u00f3n judicial, se ha decretado su ingreso en prisi\u00f3n provisional.<\/p>\n","protected":false},"excerpt":{"rendered":"<div class=\"mh-excerpt\">El grupo seleccionaba los veh\u00edculos, instalaba dispositivos de geolocalizaci\u00f3n y empleaba inhibidores de frecuencia, junto a t\u00e9cnicas avanzadas de apertura electr\u00f3nica, para sustraerlos. Se han realizado registros en Benidorm, Finestrat y Ll\u00edria, donde se ha <a class=\"mh-excerpt-more\" href=\"https:\/\/www.tucomarca.com\/wordpress\/segunda\/desarticulado-un-grupo-criminal-especializado-en-el-robo-de-vehiculos-para-su-exportacion-ilegal-al-extranjero-asentado-en-lliria-y-benidorm\/\" title=\"Desarticulado un grupo criminal especializado en el robo de veh\u00edculos para su exportaci\u00f3n ilegal al extranjero\u00a0asentado en Ll\u00edria y Benidorm\">[+] <\/a><\/div>\n","protected":false},"author":1,"featured_media":295491,"comment_status":"closed","ping_status":"open","sticky":false,"template":"","format":"standard","meta":{"footnotes":""},"categories":[46,128,8,72,47,3,116,45],"tags":[10395,1098,10396],"class_list":{"0":"post-295476","1":"post","2":"type-post","3":"status-publish","4":"format-standard","5":"has-post-thumbnail","7":"category-camp-de-turia","8":"category-infraestructuras","9":"category-la-comarca","10":"category-sin-categorizar","11":"category-lliria","12":"category-seccion","13":"category-sucesos-la-comarca","14":"category-ventana","15":"tag-camp-de-turia","16":"tag-guardia-civil","17":"tag-lliria"},"_links":{"self":[{"href":"https:\/\/www.tucomarca.com\/wordpress\/segunda\/wp-json\/wp\/v2\/posts\/295476","targetHints":{"allow":["GET"]}}],"collection":[{"href":"https:\/\/www.tucomarca.com\/wordpress\/segunda\/wp-json\/wp\/v2\/posts"}],"about":[{"href":"https:\/\/www.tucomarca.com\/wordpress\/segunda\/wp-json\/wp\/v2\/types\/post"}],"author":[{"embeddable":true,"href":"https:\/\/www.tucomarca.com\/wordpress\/segunda\/wp-json\/wp\/v2\/users\/1"}],"replies":[{"embeddable":true,"href":"https:\/\/www.tucomarca.com\/wordpress\/segunda\/wp-json\/wp\/v2\/comments?post=295476"}],"version-history":[{"count":0,"href":"https:\/\/www.tucomarca.com\/wordpress\/segunda\/wp-json\/wp\/v2\/posts\/295476\/revisions"}],"wp:featuredmedia":[{"embeddable":true,"href":"https:\/\/www.tucomarca.com\/wordpress\/segunda\/wp-json\/wp\/v2\/media\/295491"}],"wp:attachment":[{"href":"https:\/\/www.tucomarca.com\/wordpress\/segunda\/wp-json\/wp\/v2\/media?parent=295476"}],"wp:term":[{"taxonomy":"category","embeddable":true,"href":"https:\/\/www.tucomarca.com\/wordpress\/segunda\/wp-json\/wp\/v2\/categories?post=295476"},{"taxonomy":"post_tag","embeddable":true,"href":"https:\/\/www.tucomarca.com\/wordpress\/segunda\/wp-json\/wp\/v2\/tags?post=295476"}],"curies":[{"name":"wp","href":"https:\/\/api.w.org\/{rel}","templated":true}]}}