{"id":295500,"date":"2026-03-11T11:30:00","date_gmt":"2026-03-11T10:30:00","guid":{"rendered":"https:\/\/www.tucomarca.com\/wordpress\/segunda\/?p=295500"},"modified":"2026-03-11T20:47:09","modified_gmt":"2026-03-11T19:47:09","slug":"la-diputacio-y-el-instituto-valenciano-de-la-edificacion-colaboran-para-mejorar-la-sostenibilidad-de-los-edificios-publicos","status":"publish","type":"post","link":"https:\/\/www.tucomarca.com\/wordpress\/segunda\/la-diputacio-y-el-instituto-valenciano-de-la-edificacion-colaboran-para-mejorar-la-sostenibilidad-de-los-edificios-publicos\/","title":{"rendered":"La Diputaci\u00f3 y el Instituto Valenciano de la Edificaci\u00f3n colaboran para mejorar la sostenibilidad de los edificios p\u00fablicos"},"content":{"rendered":"\n<h3 class=\"wp-block-heading\">El acuerdo permitir\u00e1 compartir informaci\u00f3n y herramientas t\u00e9cnicas para ayudar a los ayuntamientos a reducir el consumo energ\u00e9tico de sus instalaciones.<\/h3>\n\n\n\n<p>La Diputaci\u00f3 de Val\u00e8ncia y el Instituto Valenciano de la Edificaci\u00f3n (IVE) han firmado un convenio de colaboraci\u00f3n para, en palabras del diputado de Medio Ambiente, Avelino Mascarell, \u00abayudar a los ayuntamientos de la provincia a reducir el consumo energ\u00e9tico de sus edificios p\u00fablicos y avanzar hacia instalaciones m\u00e1s sostenibles\u00bb.<\/p>\n\n\n\n<p>El acuerdo permitir\u00e1 que ambas entidades compartan informaci\u00f3n, herramientas t\u00e9cnicas y conocimiento especializado con el objetivo de mejorar el conocimiento sobre el estado energ\u00e9tico de los edificios municipales y facilitar la planificaci\u00f3n de futuras actuaciones de rehabilitaci\u00f3n y mejora en estas instalaciones.&nbsp;<\/p>\n\n\n\n<p>El&nbsp; diputado de Medio Ambiente explica que \u201cen el d\u00eda a d\u00eda de los ayuntamientos, los edificios p\u00fablicos como ayuntamientos, centros culturales, instalaciones deportivas o colegios suponen una parte importante del consumo energ\u00e9tico municipal. La calefacci\u00f3n, la climatizaci\u00f3n o la iluminaci\u00f3n generan un gasto que, en muchos casos, representa una parte significativa del presupuesto de funcionamiento de los municipios\u201d.<\/p>\n\n\n\n<p>En este sentido, Mascarell a\u00f1ade que \u201cmuchos ayuntamientos, especialmente los de menor tama\u00f1o, no siempre cuentan con personal t\u00e9cnico especializado para analizar c\u00f3mo consumen energ\u00eda sus edificios o qu\u00e9 mejoras pueden aplicar para reducir ese consumo. Por eso es tan importante disponer de informaci\u00f3n fiable y de herramientas t\u00e9cnicas que ayuden a identificar d\u00f3nde se producen los mayores consumos y qu\u00e9 actuaciones pueden ser m\u00e1s eficaces\u201d.<\/p>\n\n\n\n<p>En el marco de esta colaboraci\u00f3n, la Diputaci\u00f3 aportar\u00e1 informaci\u00f3n procedente de estudios y evaluaciones energ\u00e9ticas realizadas en edificios municipales de la provincia, mientras que el Instituto Valenciano de la Edificaci\u00f3n pondr\u00e1 a disposici\u00f3n de los t\u00e9cnicos provinciales distintas herramientas y bases de datos especializadas en el \u00e1mbito de la construcci\u00f3n y la rehabilitaci\u00f3n energ\u00e9tica.&nbsp;<\/p>\n\n\n\n<p>El convenio tendr\u00e1 una vigencia inicial de dos a\u00f1os, con posibilidad de pr\u00f3rroga, y no supondr\u00e1 coste econ\u00f3mico para ninguna de las partes, ya que las actuaciones previstas se desarrollar\u00e1n con medios propios de ambas entidades.<\/p>\n\n\n\n<p><strong>Del ahorro energ\u00e9tico a nuevos ingresos municipales<\/strong><\/p>\n\n\n\n<p>El an\u00e1lisis energ\u00e9tico de los equipamientos p\u00fablicos permite identificar d\u00f3nde se concentran los mayores consumos y qu\u00e9 actuaciones pueden resultar m\u00e1s eficaces para reducirlos. Un ejemplo reciente es el estudio impulsado por la Diputaci\u00f3 en las piscinas municipales de la provincia, que ha detectado un potencial de ahorro cercano a los dos millones de euros anuales mediante mejoras en climatizaci\u00f3n, filtrado, iluminaci\u00f3n o gesti\u00f3n de las instalaciones.<\/p>\n\n\n\n<p>Adem\u00e1s de reducir la factura energ\u00e9tica, estas actuaciones pueden generar tambi\u00e9n un retorno econ\u00f3mico para los ayuntamientos. La Diputaci\u00f3 de Val\u00e8ncia ha impulsado un sistema para que los municipios puedan monetizar el ahorro energ\u00e9tico obtenido en edificios e instalaciones p\u00fablicas, recuperando parte de las inversiones realizadas en eficiencia y convirtiendo esa reducci\u00f3n del consumo en ingresos directos para las arcas municipales.&nbsp;<\/p>\n\n\n\n<p>De este modo, el ahorro energ\u00e9tico deja de ser \u00fanicamente una medida de sostenibilidad ambiental para convertirse tambi\u00e9n en una herramienta de gesti\u00f3n econ\u00f3mica. La combinaci\u00f3n de diagn\u00f3sticos t\u00e9cnicos, actuaciones de mejora y mecanismos de monetizaci\u00f3n permite a los ayuntamientos avanzar hacia instalaciones p\u00fablicas m\u00e1s eficientes y, al mismo tiempo, reforzar su capacidad financiera.<\/p>\n","protected":false},"excerpt":{"rendered":"<div class=\"mh-excerpt\">El acuerdo permitir\u00e1 compartir informaci\u00f3n y herramientas t\u00e9cnicas para ayudar a los ayuntamientos a reducir el consumo energ\u00e9tico de sus instalaciones. La Diputaci\u00f3 de Val\u00e8ncia y el Instituto Valenciano de la Edificaci\u00f3n (IVE) han firmado <a class=\"mh-excerpt-more\" href=\"https:\/\/www.tucomarca.com\/wordpress\/segunda\/la-diputacio-y-el-instituto-valenciano-de-la-edificacion-colaboran-para-mejorar-la-sostenibilidad-de-los-edificios-publicos\/\" title=\"La Diputaci\u00f3 y el Instituto Valenciano de la Edificaci\u00f3n colaboran para mejorar la sostenibilidad de los edificios p\u00fablicos\">[+] <\/a><\/div>\n","protected":false},"author":1,"featured_media":295501,"comment_status":"closed","ping_status":"open","sticky":false,"template":"","format":"standard","meta":{"footnotes":""},"categories":[128,8,72,142,3,45],"tags":[3677,2142],"class_list":{"0":"post-295500","1":"post","2":"type-post","3":"status-publish","4":"format-standard","5":"has-post-thumbnail","7":"category-infraestructuras","8":"category-la-comarca","9":"category-sin-categorizar","10":"category-politica-la-comarca","11":"category-seccion","12":"category-ventana","13":"tag-diputacio-de-valencia","14":"tag-la-comunitat"},"_links":{"self":[{"href":"https:\/\/www.tucomarca.com\/wordpress\/segunda\/wp-json\/wp\/v2\/posts\/295500","targetHints":{"allow":["GET"]}}],"collection":[{"href":"https:\/\/www.tucomarca.com\/wordpress\/segunda\/wp-json\/wp\/v2\/posts"}],"about":[{"href":"https:\/\/www.tucomarca.com\/wordpress\/segunda\/wp-json\/wp\/v2\/types\/post"}],"author":[{"embeddable":true,"href":"https:\/\/www.tucomarca.com\/wordpress\/segunda\/wp-json\/wp\/v2\/users\/1"}],"replies":[{"embeddable":true,"href":"https:\/\/www.tucomarca.com\/wordpress\/segunda\/wp-json\/wp\/v2\/comments?post=295500"}],"version-history":[{"count":0,"href":"https:\/\/www.tucomarca.com\/wordpress\/segunda\/wp-json\/wp\/v2\/posts\/295500\/revisions"}],"wp:featuredmedia":[{"embeddable":true,"href":"https:\/\/www.tucomarca.com\/wordpress\/segunda\/wp-json\/wp\/v2\/media\/295501"}],"wp:attachment":[{"href":"https:\/\/www.tucomarca.com\/wordpress\/segunda\/wp-json\/wp\/v2\/media?parent=295500"}],"wp:term":[{"taxonomy":"category","embeddable":true,"href":"https:\/\/www.tucomarca.com\/wordpress\/segunda\/wp-json\/wp\/v2\/categories?post=295500"},{"taxonomy":"post_tag","embeddable":true,"href":"https:\/\/www.tucomarca.com\/wordpress\/segunda\/wp-json\/wp\/v2\/tags?post=295500"}],"curies":[{"name":"wp","href":"https:\/\/api.w.org\/{rel}","templated":true}]}}