{"id":295508,"date":"2026-03-11T10:15:00","date_gmt":"2026-03-11T09:15:00","guid":{"rendered":"https:\/\/www.tucomarca.com\/wordpress\/segunda\/?p=295508"},"modified":"2026-03-11T20:56:21","modified_gmt":"2026-03-11T19:56:21","slug":"benaguasil-rinde-homenaje-a-la-disenadora-isabel-sanchis-con-motivo-del-8m","status":"publish","type":"post","link":"https:\/\/www.tucomarca.com\/wordpress\/segunda\/benaguasil-rinde-homenaje-a-la-disenadora-isabel-sanchis-con-motivo-del-8m\/","title":{"rendered":"Benaguasil rinde homenaje a la dise\u00f1adora Isabel Sanchis con motivo del 8M"},"content":{"rendered":"\n<h3 class=\"wp-block-heading\">El Consistorio reconoce la trayectoria de la dise\u00f1adora de Benaguasil en un acto institucional celebrado en el sal\u00f3n de plenos y en el que el alcalde le impuso el escudo de oro del municipio.<\/h3>\n\n\n\n<p>El Ayuntamiento de Benaguasil ha rendido homenaje a la reconocida dise\u00f1adora y vecina del municipio, Isabel Sanchis, con motivo del D\u00eda Internacional de la Mujer. El acto institucional se celebr\u00f3 en el sal\u00f3n de plenos del Consistorio y reuni\u00f3 a familiares, vecinos y miembros de la corporaci\u00f3n municipal.<\/p>\n\n\n\n<p>El homenaje comenz\u00f3 con la proyecci\u00f3n de un v\u00eddeo que repas\u00f3 la trayectoria profesional de Sanchis, poniendo en valor su consolidaci\u00f3n en el mundo de la moda y su proyecci\u00f3n internacional, as\u00ed como sus ra\u00edces en la localidad.<\/p>\n\n\n\n<p>Durante el evento el alcalde, Ximo Segarra, impuso a la dise\u00f1adora el escudo de oro del municipio y le hizo entrega del galard\u00f3n 8M de Igualdad, as\u00ed como de una litograf\u00eda conmemorativa. En su intervenci\u00f3n, el alcalde destac\u00f3 que \u201cIsabel Sanchis representa el talento y la dedicaci\u00f3n que queremos visibilizar en nuestro municipio. Su trayectoria no solo engrandece a Benaguasil, sino que inspira a todas las mujeres a perseguir sus sue\u00f1os con pasi\u00f3n y constancia\u201d.<\/p>\n\n\n\n<p>El concejal de Igualdad, Stephane Spriano, destac\u00f3 durante su intervenci\u00f3n la importancia de reconocer referentes femeninos, especialmente en una fecha como el 8 de marzo. \u201cHoy rendimos homenaje a una mujer que, con talento, esfuerzo y constancia, ha construido una trayectoria admirada dentro y fuera de nuestras fronteras\u201d, se\u00f1al\u00f3. Asimismo, subray\u00f3 el orgullo que supone para el municipio contar con una figura como Isabel Sanchis. \u201cGracias por tu talento, por tu trayectoria y por llevar el nombre de Benaguasil por el mundo\u201d, afirm\u00f3.<\/p>\n\n\n\n<p>Por su parte, Isabel Sanchis agradeci\u00f3 emocionada el reconocimiento recibido y dedic\u00f3 el premio \u201ca todas las mujeres que cada d\u00eda luchan por sus derechos\u201d, destacando tambi\u00e9n el orgullo por su familia y el legado que ha podido transmitir.<\/p>\n\n\n\n<p>Con este acto, el Ayuntamiento quiso poner en valor la figura de Isabel Sanchis como referente de talento, esfuerzo y emprendimiento femenino, reconociendo su contribuci\u00f3n al prestigio de Benaguasil dentro y fuera de Espa\u00f1a, en el marco de la programaci\u00f3n organizada por el consistorio con motivo del 8M.<\/p>\n\n\n\n<figure class=\"wp-block-gallery has-nested-images columns-1 is-cropped wp-block-gallery-1 is-layout-flex wp-block-gallery-is-layout-flex\">\n<figure class=\"wp-block-image size-large\"><img loading=\"lazy\" decoding=\"async\" width=\"1024\" height=\"683\" data-id=\"295511\" src=\"https:\/\/www.tucomarca.com\/wordpress\/segunda\/wp-content\/uploads\/2026\/03\/BenaguasilHomenajeDis2-1024x683.jpg\" alt=\"\" class=\"wp-image-295511\" srcset=\"https:\/\/www.tucomarca.com\/wordpress\/segunda\/wp-content\/uploads\/2026\/03\/BenaguasilHomenajeDis2-1024x683.jpg 1024w, https:\/\/www.tucomarca.com\/wordpress\/segunda\/wp-content\/uploads\/2026\/03\/BenaguasilHomenajeDis2-300x200.jpg 300w, https:\/\/www.tucomarca.com\/wordpress\/segunda\/wp-content\/uploads\/2026\/03\/BenaguasilHomenajeDis2-768x512.jpg 768w, https:\/\/www.tucomarca.com\/wordpress\/segunda\/wp-content\/uploads\/2026\/03\/BenaguasilHomenajeDis2-1536x1024.jpg 1536w, https:\/\/www.tucomarca.com\/wordpress\/segunda\/wp-content\/uploads\/2026\/03\/BenaguasilHomenajeDis2-2048x1365.jpg 2048w\" sizes=\"auto, (max-width: 1024px) 100vw, 1024px\" \/><\/figure>\n\n\n\n<figure class=\"wp-block-image size-large\"><img loading=\"lazy\" decoding=\"async\" width=\"1024\" height=\"683\" data-id=\"295509\" src=\"https:\/\/www.tucomarca.com\/wordpress\/segunda\/wp-content\/uploads\/2026\/03\/BenaguasilHomenajeDis1-1024x683.jpg\" alt=\"\" class=\"wp-image-295509\" srcset=\"https:\/\/www.tucomarca.com\/wordpress\/segunda\/wp-content\/uploads\/2026\/03\/BenaguasilHomenajeDis1-1024x683.jpg 1024w, https:\/\/www.tucomarca.com\/wordpress\/segunda\/wp-content\/uploads\/2026\/03\/BenaguasilHomenajeDis1-300x200.jpg 300w, https:\/\/www.tucomarca.com\/wordpress\/segunda\/wp-content\/uploads\/2026\/03\/BenaguasilHomenajeDis1-768x512.jpg 768w, https:\/\/www.tucomarca.com\/wordpress\/segunda\/wp-content\/uploads\/2026\/03\/BenaguasilHomenajeDis1-1536x1024.jpg 1536w, https:\/\/www.tucomarca.com\/wordpress\/segunda\/wp-content\/uploads\/2026\/03\/BenaguasilHomenajeDis1-2048x1365.jpg 2048w\" sizes=\"auto, (max-width: 1024px) 100vw, 1024px\" \/><\/figure>\n<\/figure>\n\n\n\n<p><\/p>\n","protected":false},"excerpt":{"rendered":"<div class=\"mh-excerpt\">El Consistorio reconoce la trayectoria de la dise\u00f1adora de Benaguasil en un acto institucional celebrado en el sal\u00f3n de plenos y en el que el alcalde le impuso el escudo de oro del municipio. El <a class=\"mh-excerpt-more\" href=\"https:\/\/www.tucomarca.com\/wordpress\/segunda\/benaguasil-rinde-homenaje-a-la-disenadora-isabel-sanchis-con-motivo-del-8m\/\" title=\"Benaguasil rinde homenaje a la dise\u00f1adora Isabel Sanchis con motivo del 8M\">[+] <\/a><\/div>\n","protected":false},"author":1,"featured_media":295513,"comment_status":"closed","ping_status":"open","sticky":false,"template":"","format":"gallery","meta":{"footnotes":""},"categories":[172,46,8,7,3],"tags":[10429,10395],"class_list":{"0":"post-295508","1":"post","2":"type-post","3":"status-publish","4":"format-gallery","5":"has-post-thumbnail","7":"category-benaguasil","8":"category-camp-de-turia","9":"category-la-comarca","10":"category-ocio-y-cultura","11":"category-seccion","12":"tag-benaguasil","13":"tag-camp-de-turia","14":"post_format-post-format-gallery"},"_links":{"self":[{"href":"https:\/\/www.tucomarca.com\/wordpress\/segunda\/wp-json\/wp\/v2\/posts\/295508","targetHints":{"allow":["GET"]}}],"collection":[{"href":"https:\/\/www.tucomarca.com\/wordpress\/segunda\/wp-json\/wp\/v2\/posts"}],"about":[{"href":"https:\/\/www.tucomarca.com\/wordpress\/segunda\/wp-json\/wp\/v2\/types\/post"}],"author":[{"embeddable":true,"href":"https:\/\/www.tucomarca.com\/wordpress\/segunda\/wp-json\/wp\/v2\/users\/1"}],"replies":[{"embeddable":true,"href":"https:\/\/www.tucomarca.com\/wordpress\/segunda\/wp-json\/wp\/v2\/comments?post=295508"}],"version-history":[{"count":0,"href":"https:\/\/www.tucomarca.com\/wordpress\/segunda\/wp-json\/wp\/v2\/posts\/295508\/revisions"}],"wp:featuredmedia":[{"embeddable":true,"href":"https:\/\/www.tucomarca.com\/wordpress\/segunda\/wp-json\/wp\/v2\/media\/295513"}],"wp:attachment":[{"href":"https:\/\/www.tucomarca.com\/wordpress\/segunda\/wp-json\/wp\/v2\/media?parent=295508"}],"wp:term":[{"taxonomy":"category","embeddable":true,"href":"https:\/\/www.tucomarca.com\/wordpress\/segunda\/wp-json\/wp\/v2\/categories?post=295508"},{"taxonomy":"post_tag","embeddable":true,"href":"https:\/\/www.tucomarca.com\/wordpress\/segunda\/wp-json\/wp\/v2\/tags?post=295508"}],"curies":[{"name":"wp","href":"https:\/\/api.w.org\/{rel}","templated":true}]}}