{"id":295526,"date":"2026-03-12T07:00:00","date_gmt":"2026-03-12T06:00:00","guid":{"rendered":"https:\/\/www.tucomarca.com\/wordpress\/segunda\/?p=295526"},"modified":"2026-03-12T10:27:30","modified_gmt":"2026-03-12T09:27:30","slug":"antonio-valiente-poyo-presenta-un-proyecto-que-combina-experiencia-y-nuevas-caras-para-presidir-el-cim-la-armonica-de-bunyol","status":"publish","type":"post","link":"https:\/\/www.tucomarca.com\/wordpress\/segunda\/antonio-valiente-poyo-presenta-un-proyecto-que-combina-experiencia-y-nuevas-caras-para-presidir-el-cim-la-armonica-de-bunyol\/","title":{"rendered":"Antonio Valiente Poyo presenta un proyecto que combina experiencia y nuevas caras para presidir el CIM \u00abLa Arm\u00f3nica\u00bb de Bu\u00f1ol\u00a0"},"content":{"rendered":"\n<h3 class=\"wp-block-heading\">Formada por 25 miembros, la candidatura a la presidencia del CIM La Arm\u00f3nica combina a\u00f1os de dedicaci\u00f3n por y para la instituci\u00f3n junto las ideas y ambici\u00f3n de numerosas caras nuevas.<\/h3>\n\n\n\n<h3 class=\"wp-block-heading\">Su programa se estructura en seis grandes \u00e1reas de trabajo: cultural, estructural, gesti\u00f3n, comunicaci\u00f3n, educativa y art\u00edstico.<\/h3>\n\n\n<div class=\"wp-block-image\">\n<figure class=\"alignleft size-large is-resized\"><img loading=\"lazy\" decoding=\"async\" width=\"768\" height=\"1024\" src=\"https:\/\/www.tucomarca.com\/wordpress\/segunda\/wp-content\/uploads\/2026\/03\/ToniValientePoyo-768x1024.jpg\" alt=\"\" class=\"wp-image-295528\" style=\"width:300px;height:auto\" srcset=\"https:\/\/www.tucomarca.com\/wordpress\/segunda\/wp-content\/uploads\/2026\/03\/ToniValientePoyo-768x1024.jpg 768w, https:\/\/www.tucomarca.com\/wordpress\/segunda\/wp-content\/uploads\/2026\/03\/ToniValientePoyo-225x300.jpg 225w, https:\/\/www.tucomarca.com\/wordpress\/segunda\/wp-content\/uploads\/2026\/03\/ToniValientePoyo.jpg 886w\" sizes=\"auto, (max-width: 768px) 100vw, 768px\" \/><\/figure>\n<\/div>\n\n\n<p>Antonio Valiente Poyo ha anunciado su candidatura a la presidencia del Centro Instructivo Musical La Arm\u00f3nica de Bu\u00f1ol, conocido como El Litro, <strong>con un proyecto respaldado por un equipo de 25 personas que combina juventud, experiencia y perfiles diversos <\/strong>dentro de la sociedad musical.&nbsp;<\/p>\n\n\n\n<p>La candidatura nace con el compromiso de la excelencia en el d\u00eda a d\u00eda, honrando el legado de la sociedad construyendo el mejor futuro posible de la misma. Bajo el lema de seguir creciendo, innovando y llevar el nombre de El Litro a lo m\u00e1s alto, la candidatura muestra una fuerte uni\u00f3n entre las nuevas generaciones y la experiencia.&nbsp;<\/p>\n\n\n\n<p>Seg\u00fan ha explicado Valiente, el equipo que integra la candidatura est\u00e1 formado por personas comprometidas con la sociedad y con una amplia trayectoria dentro de la misma. \u201cCada integrante tiene una implicaci\u00f3n m\u00e1xima por el bienestar de nuestra sociedad. Damos paso a una nueva generaci\u00f3n de litreros que trabajar\u00e1n codo con codo con aquellos que gozan de mayor experiencia\u201d, ha afirmado Antonio Valiente.&nbsp;<\/p>\n\n\n\n<p><strong>Un programa estructurado en seis grandes \u00e1reas&nbsp;<\/strong><\/p>\n\n\n\n<p>El programa de la candidatura se articula en seis \u00e1reas estrat\u00e9gicas: <strong>cultural, estructural, gesti\u00f3n, comunicaci\u00f3n, educativa y art\u00edstico<\/strong>, con medidas destinadas a reforzar tanto la actividad musical como la vida social de la entidad.&nbsp;<\/p>\n\n\n\n<p>En el <strong>\u00e1mbito cultural<\/strong>, el proyecto apuesta por <strong>reforzar el compromiso social y las alianzas <\/strong>con el comercio local. Tambi\u00e9n contempla la <strong>digitalizaci\u00f3n del archivo hist\u00f3rico y la ampliaci\u00f3n de la oferta cultural<\/strong>, adem\u00e1s de viajes de intercambio con otras sociedades musicales para fomentar el crecimiento art\u00edstico de los j\u00f3venes m\u00fasicos.&nbsp;<\/p>\n\n\n\n<p>En <strong>materia estructural<\/strong>, la candidatura plantea diversas mejoras en las instalaciones de la sociedad, entre ellas la <strong>transformaci\u00f3n de la antigua sala de pleno en una sala polivalente<\/strong>, el <strong>acondicionamiento de antiguas aulas <\/strong>con nuevo material y climatizaci\u00f3n, y el traslado de las oficinas a la planta baja para mejorar la accesibilidad. Asimismo, se prev\u00e9 la mejora en instalaciones como <strong>Viach\u00e9n, el Palacio de la M\u00fasica y La Nave.&nbsp;<\/strong><\/p>\n\n\n\n<p>En el <strong>\u00e1rea de gesti\u00f3n<\/strong>, el proyecto propone <strong>abrir la sociedad al exterior <\/strong>mediante acuerdos con instituciones, empresas y universidades, adem\u00e1s de <strong>potenciar las&nbsp;<\/strong><\/p>\n\n\n\n<p><strong>relaciones <\/strong>con referentes del \u00e1mbito musical. Tambi\u00e9n se plantea <strong>reforzar la gesti\u00f3n de subvenciones y ayudas <\/strong>para impulsar nuevas mejoras en la entidad.&nbsp;<\/p>\n\n\n\n<p>La <strong>comunicaci\u00f3n <\/strong>constituye otro de los pilares del programa, con la creaci\u00f3n de un <strong>gabinete de comunicaci\u00f3n<\/strong>, la <strong>actualizaci\u00f3n de la p\u00e1gina web<\/strong>, la puesta en marcha de <strong>una revista digital <\/strong>para difundir las actividades de la sociedad y el impulso de las redes sociales. Adem\u00e1s, se habilitar\u00e1 <strong>un buz\u00f3n de sugerencias <\/strong>para fomentar la participaci\u00f3n de los socios.&nbsp;<\/p>\n\n\n\n<p>En el <strong>\u00e1mbito educativo<\/strong>, el proyecto apuesta por la <strong>excelencia formativa en la escuela de m\u00fasica <\/strong>enriqueciendo el aprendizaje de m\u00fasicos y profesorado. Tambi\u00e9n se impulsar\u00e1n <strong>intercambios con otras escuelas de m\u00fasica<\/strong>, la renovaci\u00f3n del inventario de instrumentos y la creaci\u00f3n de <strong>una asociaci\u00f3n de familias en la Escuela Manuel Carrascosa <\/strong>para fortalecer la participaci\u00f3n.&nbsp;<\/p>\n\n\n\n<p>Finalmente, en el <strong>apartado art\u00edstico<\/strong>, la candidatura plantea <strong>potenciar tanto la Banda Sinf\u00f3nica como la Banda Juvenil<\/strong>, impulsar proyectos musicales acordes al <strong>prestigio de la sociedad <\/strong>y apostar por una <strong>comisi\u00f3n de m\u00fasicos<\/strong>, trabajando junto a ella. Tambi\u00e9n se prev\u00e9 <strong>involucrar a compositores <\/strong>en el proceso interpretativo de las obras y crear la distinci\u00f3n <strong>\u201cFundadores\u201d<\/strong>, destinada a reconocer trayectorias y aportaciones destacadas a la m\u00fasica, la cultura y la sociedad.&nbsp;<\/p>\n\n\n\n<figure class=\"wp-block-image size-large\"><img loading=\"lazy\" decoding=\"async\" width=\"1024\" height=\"599\" src=\"https:\/\/www.tucomarca.com\/wordpress\/segunda\/wp-content\/uploads\/2026\/03\/JuntaLitroToniValiente-1024x599.jpg\" alt=\"\" class=\"wp-image-295600\" srcset=\"https:\/\/www.tucomarca.com\/wordpress\/segunda\/wp-content\/uploads\/2026\/03\/JuntaLitroToniValiente-1024x599.jpg 1024w, https:\/\/www.tucomarca.com\/wordpress\/segunda\/wp-content\/uploads\/2026\/03\/JuntaLitroToniValiente-300x176.jpg 300w, https:\/\/www.tucomarca.com\/wordpress\/segunda\/wp-content\/uploads\/2026\/03\/JuntaLitroToniValiente-768x449.jpg 768w, https:\/\/www.tucomarca.com\/wordpress\/segunda\/wp-content\/uploads\/2026\/03\/JuntaLitroToniValiente.jpg 1181w\" sizes=\"auto, (max-width: 1024px) 100vw, 1024px\" \/><\/figure>\n\n\n\n<p><\/p>\n\n\n\n<p><strong>Candidatura completa:&nbsp;<\/strong><\/p>\n\n\n\n<p>Presidente: Antonio Claudio Valiente Poyo<\/p>\n\n\n\n<p>Secretaria: Zaida Mar\u00eda Fontelles Navarro<\/p>\n\n\n\n<p>Tesorero: Jose Fernando Carri\u00f3n Agustina<\/p>\n\n\n\n<p>Alejandra Valiente Poyo&nbsp;<br>Alfonso Cano March<br>\u00c1ngeles Bened\u00e9 S\u00e1ez<br>Jos\u00e9 Joaqu\u00edn Faubell Perell\u00f3<br>Josefina Escarlata Guerrero Navarro<br>Juan Francisco Casas Fern\u00e1ndez<br>Gema Agustina Perez<br>Jaime Valiente Criado<br>Marcos Jabaloyas Mor\u00e1n<br>Mar\u00eda Josefa Carre\u00f1o Mart\u00ednez<br>Gervasio Larrazabal Sevilla<br>M\u00f3nica M\u00e1s Santiago<br>Pedro Rehu\u00e9s Moscard\u00f3<br>Josefina Lavilla Bernabeu<br>Ra\u00fal Tar\u00edn L\u00f3pez<br>Rosa Ana Bernal Gonz\u00e1lez<br>Yolanda Miguel Lambies<br>V\u00edctor S\u00e1nchez Carrascosa<br>Mar\u00eda Galarza Galarza<br>Manuel Fuertes Valero<br>Mercedes Pedr\u00f3n S\u00e1nchez&nbsp;<\/p>\n\n\n\n<p><\/p>\n","protected":false},"excerpt":{"rendered":"<div class=\"mh-excerpt\">Formada por 25 miembros, la candidatura a la presidencia del CIM La Arm\u00f3nica combina a\u00f1os de dedicaci\u00f3n por y para la instituci\u00f3n junto las ideas y ambici\u00f3n de numerosas caras nuevas. Su programa se estructura <a class=\"mh-excerpt-more\" href=\"https:\/\/www.tucomarca.com\/wordpress\/segunda\/antonio-valiente-poyo-presenta-un-proyecto-que-combina-experiencia-y-nuevas-caras-para-presidir-el-cim-la-armonica-de-bunyol\/\" title=\"Antonio Valiente Poyo presenta un proyecto que combina experiencia y nuevas caras para presidir el CIM \u00abLa Arm\u00f3nica\u00bb de Bu\u00f1ol\u00a0\">[+] <\/a><\/div>\n","protected":false},"author":1,"featured_media":295535,"comment_status":"closed","ping_status":"open","sticky":false,"template":"","format":"standard","meta":{"footnotes":""},"categories":[18,66,8,10,7,3],"tags":[10385,67,5952],"class_list":{"0":"post-295526","1":"post","2":"type-post","3":"status-publish","4":"format-standard","5":"has-post-thumbnail","7":"category-bunol","8":"category-musica","9":"category-la-comarca","10":"category-la-hoya","11":"category-ocio-y-cultura","12":"category-seccion","13":"tag-bunol","14":"tag-la-armonica","15":"tag-la-hoya-de-bunol-chiva"},"_links":{"self":[{"href":"https:\/\/www.tucomarca.com\/wordpress\/segunda\/wp-json\/wp\/v2\/posts\/295526","targetHints":{"allow":["GET"]}}],"collection":[{"href":"https:\/\/www.tucomarca.com\/wordpress\/segunda\/wp-json\/wp\/v2\/posts"}],"about":[{"href":"https:\/\/www.tucomarca.com\/wordpress\/segunda\/wp-json\/wp\/v2\/types\/post"}],"author":[{"embeddable":true,"href":"https:\/\/www.tucomarca.com\/wordpress\/segunda\/wp-json\/wp\/v2\/users\/1"}],"replies":[{"embeddable":true,"href":"https:\/\/www.tucomarca.com\/wordpress\/segunda\/wp-json\/wp\/v2\/comments?post=295526"}],"version-history":[{"count":0,"href":"https:\/\/www.tucomarca.com\/wordpress\/segunda\/wp-json\/wp\/v2\/posts\/295526\/revisions"}],"wp:featuredmedia":[{"embeddable":true,"href":"https:\/\/www.tucomarca.com\/wordpress\/segunda\/wp-json\/wp\/v2\/media\/295535"}],"wp:attachment":[{"href":"https:\/\/www.tucomarca.com\/wordpress\/segunda\/wp-json\/wp\/v2\/media?parent=295526"}],"wp:term":[{"taxonomy":"category","embeddable":true,"href":"https:\/\/www.tucomarca.com\/wordpress\/segunda\/wp-json\/wp\/v2\/categories?post=295526"},{"taxonomy":"post_tag","embeddable":true,"href":"https:\/\/www.tucomarca.com\/wordpress\/segunda\/wp-json\/wp\/v2\/tags?post=295526"}],"curies":[{"name":"wp","href":"https:\/\/api.w.org\/{rel}","templated":true}]}}