{"id":29565,"date":"2014-07-22T19:12:53","date_gmt":"2014-07-22T16:12:53","guid":{"rendered":"http:\/\/www.tucomarca.com\/wordpress\/segunda\/?p=29565"},"modified":"2014-07-22T19:12:53","modified_gmt":"2014-07-22T16:12:53","slug":"la-unio-de-llauradors-senala-que-los-cultivos-de-la-hoya-sufren-gravemente-la-sequia-y-se-buscan-urgentemente-alternativas-hidricas","status":"publish","type":"post","link":"https:\/\/www.tucomarca.com\/wordpress\/segunda\/la-unio-de-llauradors-senala-que-los-cultivos-de-la-hoya-sufren-gravemente-la-sequia-y-se-buscan-urgentemente-alternativas-hidricas\/","title":{"rendered":"La Uni\u00f3 de Llauradors se\u00f1ala que los cultivos de La Hoya sufren gravemente la sequ\u00eda y se buscan urgentemente alternativas h\u00eddricas"},"content":{"rendered":"<p>La Uni\u00f3 de Llauradors se\u00f1ala que la grave sequ\u00eda que afecta al campo valenciano se ceba con m\u00e1s fuerza si cabe en la comarca de la Hoya de Bu\u00f1ol donde los diferentes cultivos podr\u00edan sufrir una merma de cosecha muy importante, superior en muchos casos a m\u00e1s del 50%.<\/p>\n<p>La campa\u00f1a citr\u00edcola ha sido realmente desastrosa con un descenso de producci\u00f3n muy grande y con la clareta haciendo estragos en la fruta por los efectos de la sequ\u00eda. La futura campa\u00f1a de la uva moscatel ser\u00e1 ruinosa pues se espera un descenso muy grande superior a la mitad de la cosecha y la del caqui ser\u00e1 algo mejor pero tendr\u00e1 problema con los calibres. Las lluvias de hace tres semanas supusieron un alivio pero ya no solucionan los problemas de los cultivos y en algunos casos los da\u00f1os tambi\u00e9n se notar\u00e1n en la pr\u00f3xima campa\u00f1a.<\/p>\n<p>Los ayuntamientos de la zona plantean restricciones de uso de agua y las diferentes comunidades de regantes hacen esfuerzos denodados para salvar la situaci\u00f3n porque se trata de poblaciones eminentemente agr\u00edcolas como son los casos de Chiva, Cheste o Godelleta. Los acu\u00edferos y pozos actuales en esa zona est\u00e1n pr\u00e1cticamente secos. <\/p>\n<p>Por ello en la localidad de Godelleta la Comunidad de Regantes y Usuarios San Pedro Ap\u00f3stol ha invertido cinco millones de euros a trav\u00e9s de un cr\u00e9dito, sin ning\u00fan tipo de ayudas oficiales, para abrir uno o varios pozos en la sierra de Perenchiza que d\u00e9 suministro a las cerca de 1.900 hect\u00e1reas agr\u00edcolas que riegan all\u00ed. Desde hace tiempo, y m\u00e1s ahora en una \u00e9poca de m\u00e1s necesidad de riego, s\u00f3lo pueden dar una dotaci\u00f3n de 10 metros c\u00fabicos por hanegada, \u201cuna cifra rid\u00edcula pero acorde a la realidad de la situaci\u00f3n\u201d, se\u00f1alan fuentes de la comunidad de regantes.<\/p>\n<p>Conf\u00edan en que la pr\u00f3xima semana lleguen los primeros caudales ya en pruebas aunque \u201ccritican que se haya hecho con un gran sacrificio humano y econ\u00f3mico porque las Administraciones invierten mucho dinero en otras cosas y abandonan sin embargo a la agricultura que da riqueza a nuestros pueblos\u201d.<\/p>\n<p>Desde la Comunidad de Regantes y Usuarios de Godelleta agradecen la colaboraci\u00f3n y agilidad de la Confederaci\u00f3n Hidrogr\u00e1fica del J\u00facar a la hora de conceder permisos y concesiones y echan en falta \u201cmayor apoyo de nuestras instituciones para ayudar a poner en marcha iniciativas como la que han hecho, pues nosotros los agricultores ya no podemos poner m\u00e1s. Tenemos un pueblo de s\u00f3lo 2.000 habitantes de los que muchos de ellos viven de la agricultura y quieren seguir viviendo de ella si les dejan\u201d.<\/p>\n<p>Por si fuera poco todo lo anterior el nuevo plan de la cuenca del J\u00facar no contempla la aportaci\u00f3n de aguas superficiales a las localidades de Godelleta, Cheste y Chiva que como se observa sufren las consecuencias de la sequ\u00eda y el agotamiento de los acu\u00edferos. \u201cLos agricultores del Vinalop\u00f3 quieren una segunda toma para el trasvase y nosotros ya nos conformar\u00edamos con tener la que les ofrecen de inicio\u201d, indican con resignaci\u00f3n y un punto de cr\u00edtica. <\/p>\n","protected":false},"excerpt":{"rendered":"<div class=\"mh-excerpt\">La Uni\u00f3 de Llauradors se\u00f1ala que la grave sequ\u00eda que afecta al campo valenciano se ceba con m\u00e1s fuerza si cabe en la comarca de la Hoya de Bu\u00f1ol donde los diferentes cultivos podr\u00edan sufrir <a class=\"mh-excerpt-more\" href=\"https:\/\/www.tucomarca.com\/wordpress\/segunda\/la-unio-de-llauradors-senala-que-los-cultivos-de-la-hoya-sufren-gravemente-la-sequia-y-se-buscan-urgentemente-alternativas-hidricas\/\" title=\"La Uni\u00f3 de Llauradors se\u00f1ala que los cultivos de La Hoya sufren gravemente la sequ\u00eda y se buscan urgentemente alternativas h\u00eddricas\">[+] <\/a><\/div>\n","protected":false},"author":2,"featured_media":0,"comment_status":"open","ping_status":"open","sticky":false,"template":"","format":"standard","meta":{"footnotes":""},"categories":[8,10,3],"tags":[5301,5300,2185,5299,5022,2238],"class_list":{"0":"post-29565","1":"post","2":"type-post","3":"status-publish","4":"format-standard","6":"category-la-comarca","7":"category-la-hoya","8":"category-seccion","9":"tag-alternativas","10":"tag-busqueda","11":"tag-campos","12":"tag-la-unio-llauradors","13":"tag-produccion","14":"tag-sequia"},"_links":{"self":[{"href":"https:\/\/www.tucomarca.com\/wordpress\/segunda\/wp-json\/wp\/v2\/posts\/29565","targetHints":{"allow":["GET"]}}],"collection":[{"href":"https:\/\/www.tucomarca.com\/wordpress\/segunda\/wp-json\/wp\/v2\/posts"}],"about":[{"href":"https:\/\/www.tucomarca.com\/wordpress\/segunda\/wp-json\/wp\/v2\/types\/post"}],"author":[{"embeddable":true,"href":"https:\/\/www.tucomarca.com\/wordpress\/segunda\/wp-json\/wp\/v2\/users\/2"}],"replies":[{"embeddable":true,"href":"https:\/\/www.tucomarca.com\/wordpress\/segunda\/wp-json\/wp\/v2\/comments?post=29565"}],"version-history":[{"count":0,"href":"https:\/\/www.tucomarca.com\/wordpress\/segunda\/wp-json\/wp\/v2\/posts\/29565\/revisions"}],"wp:attachment":[{"href":"https:\/\/www.tucomarca.com\/wordpress\/segunda\/wp-json\/wp\/v2\/media?parent=29565"}],"wp:term":[{"taxonomy":"category","embeddable":true,"href":"https:\/\/www.tucomarca.com\/wordpress\/segunda\/wp-json\/wp\/v2\/categories?post=29565"},{"taxonomy":"post_tag","embeddable":true,"href":"https:\/\/www.tucomarca.com\/wordpress\/segunda\/wp-json\/wp\/v2\/tags?post=29565"}],"curies":[{"name":"wp","href":"https:\/\/api.w.org\/{rel}","templated":true}]}}