{"id":295693,"date":"2026-03-12T13:00:00","date_gmt":"2026-03-12T12:00:00","guid":{"rendered":"https:\/\/www.tucomarca.com\/wordpress\/segunda\/?p=295693"},"modified":"2026-03-12T21:17:33","modified_gmt":"2026-03-12T20:17:33","slug":"camarero-valora-la-recuperacion-de-espacios-historicos-para-el-fomento-de-la-cultura-y-el-asociacionismo-en-la-inauguracion-del-nuevo-proyecto-para-la-estacio-de-dalt-de-benaguasil","status":"publish","type":"post","link":"https:\/\/www.tucomarca.com\/wordpress\/segunda\/camarero-valora-la-recuperacion-de-espacios-historicos-para-el-fomento-de-la-cultura-y-el-asociacionismo-en-la-inauguracion-del-nuevo-proyecto-para-la-estacio-de-dalt-de-benaguasil\/","title":{"rendered":"Camarero valora la recuperaci\u00f3n de espacios hist\u00f3ricos \u201cpara el fomento de la cultura y el asociacionismo\u201d en la inauguraci\u00f3n del nuevo proyecto para la Estaci\u00f3 de Dalt de Benaguasil"},"content":{"rendered":"\n<h3 class=\"wp-block-heading\">Vivienda destina cerca de 500.000 euros a la rehabilitaci\u00f3n de las antiguas instalaciones ferroviarias del municipio para disponer de un Foro Cultural y de Se\u00f1as de Identidad y albergar el Museo Fallero<\/h3>\n\n\n\n<h3 class=\"wp-block-heading\">La Generalitat invierte en Benaguasil casi 3,5 millones de euros durante la presente legislatura en distintos proyectos sociales, de empleo y transporte p\u00fablico<\/h3>\n\n\n\n<p>La vicepresidenta primera y consellera de Vivienda, Empleo, Juventud e Igualdad, Susana Camarero, ha destacado la importancia de \u201crecuperar espacios hist\u00f3ricos para el fomento de la cultura y el asociacionismo en los municipios, donde la gente pueda encontrarse, participar y seguir construyendo comunidad\u201d.<\/p>\n\n\n\n<p>La vicepresidenta primera ha asistido a la inauguraci\u00f3n del proyecto de rehabilitaci\u00f3n de las antiguas instalaciones ferroviarias de Renfe en Benaguasil, conocida como Antiga Estaci\u00f3 de Dalt. Unas actuaciones que han contado con la inversi\u00f3n de 454.986 euros por parte de la Secretar\u00eda Auton\u00f3mica de Vivienda, y que han permitido acondicionar tanto el edificio como su entorno en un nuevo Foro Cultural y de Se\u00f1as de Identidad.<\/p>\n\n\n\n<p>Este nuevo espacio albergar\u00e1 tambi\u00e9n el Museo Fallero de Benaguasil, el cual permitir\u00e1 poner en valor la tradici\u00f3n fallera del municipio y conservar su patrimonio cultural.<\/p>\n\n\n\n<figure class=\"wp-block-image size-large\"><img loading=\"lazy\" decoding=\"async\" width=\"1024\" height=\"768\" src=\"https:\/\/www.tucomarca.com\/wordpress\/segunda\/wp-content\/uploads\/2026\/03\/BenaguasilEstacioDalt-1024x768.jpg\" alt=\"\" class=\"wp-image-295695\" srcset=\"https:\/\/www.tucomarca.com\/wordpress\/segunda\/wp-content\/uploads\/2026\/03\/BenaguasilEstacioDalt-1024x768.jpg 1024w, https:\/\/www.tucomarca.com\/wordpress\/segunda\/wp-content\/uploads\/2026\/03\/BenaguasilEstacioDalt-300x225.jpg 300w, https:\/\/www.tucomarca.com\/wordpress\/segunda\/wp-content\/uploads\/2026\/03\/BenaguasilEstacioDalt-768x576.jpg 768w, https:\/\/www.tucomarca.com\/wordpress\/segunda\/wp-content\/uploads\/2026\/03\/BenaguasilEstacioDalt-678x509.jpg 678w, https:\/\/www.tucomarca.com\/wordpress\/segunda\/wp-content\/uploads\/2026\/03\/BenaguasilEstacioDalt-326x245.jpg 326w, https:\/\/www.tucomarca.com\/wordpress\/segunda\/wp-content\/uploads\/2026\/03\/BenaguasilEstacioDalt-80x60.jpg 80w, https:\/\/www.tucomarca.com\/wordpress\/segunda\/wp-content\/uploads\/2026\/03\/BenaguasilEstacioDalt.jpg 1181w\" sizes=\"auto, (max-width: 1024px) 100vw, 1024px\" \/><\/figure>\n\n\n\n<p>La vicepresidenta primera ha subrayado que este nuevo espacio \u201cser\u00e1 un punto de encuentro para muchas entidades de Benaguasil y un lugar donde seguir manteniendo viva la memoria fallera y transmiti\u00e9ndola a las pr\u00f3ximas generaciones\u201d. Un especio, en definitiva, \u201cpara la cultura, para las asociaciones y para la vida de la localidad, que muy pronto se llenar\u00e1 de actividad y de momentos compartidos\u201d.<\/p>\n\n\n\n<p>El acto ha contado con la participaci\u00f3n del alcalde de Benaguasil, Ximo Segarra, y la presencia de las Falleras Mayores de la localidad, representantes de la Junta Local Fallera y diferentes entidades y asociaciones del municipio.<\/p>\n\n\n\n<p>La inversi\u00f3n de la Generalitat en el municipio de Benaguasil cuenta, adem\u00e1s, con cerca de un mill\u00f3n de euros del contrato-programa del Centro de D\u00eda, el cual ser\u00e1 una realidad en este 2026; otros 700.000 euros para acondicionar las Antiguas Escuelas Sagrada Familia como futuro centro de Servicios Sociales de la localidad; y la puesta en marcha de tres talleres de empleo, que cuentan con una financiaci\u00f3n de 1,2 millones de euros por parte de Labora, el Servicio Valenciano de Empleo y Formaci\u00f3n.<\/p>\n","protected":false},"excerpt":{"rendered":"<div class=\"mh-excerpt\">Vivienda destina cerca de 500.000 euros a la rehabilitaci\u00f3n de las antiguas instalaciones ferroviarias del municipio para disponer de un Foro Cultural y de Se\u00f1as de Identidad y albergar el Museo Fallero La Generalitat invierte <a class=\"mh-excerpt-more\" href=\"https:\/\/www.tucomarca.com\/wordpress\/segunda\/camarero-valora-la-recuperacion-de-espacios-historicos-para-el-fomento-de-la-cultura-y-el-asociacionismo-en-la-inauguracion-del-nuevo-proyecto-para-la-estacio-de-dalt-de-benaguasil\/\" title=\"Camarero valora la recuperaci\u00f3n de espacios hist\u00f3ricos \u201cpara el fomento de la cultura y el asociacionismo\u201d en la inauguraci\u00f3n del nuevo proyecto para la Estaci\u00f3 de Dalt de Benaguasil\">[+] <\/a><\/div>\n","protected":false},"author":12,"featured_media":295697,"comment_status":"closed","ping_status":"open","sticky":false,"template":"","format":"standard","meta":{"footnotes":""},"categories":[172,46,8,7,3,45],"tags":[10429,10395,24031],"class_list":{"0":"post-295693","1":"post","2":"type-post","3":"status-publish","4":"format-standard","5":"has-post-thumbnail","7":"category-benaguasil","8":"category-camp-de-turia","9":"category-la-comarca","10":"category-ocio-y-cultura","11":"category-seccion","12":"category-ventana","13":"tag-benaguasil","14":"tag-camp-de-turia","15":"tag-estacio-de-dalt-de-benaguasil"},"_links":{"self":[{"href":"https:\/\/www.tucomarca.com\/wordpress\/segunda\/wp-json\/wp\/v2\/posts\/295693","targetHints":{"allow":["GET"]}}],"collection":[{"href":"https:\/\/www.tucomarca.com\/wordpress\/segunda\/wp-json\/wp\/v2\/posts"}],"about":[{"href":"https:\/\/www.tucomarca.com\/wordpress\/segunda\/wp-json\/wp\/v2\/types\/post"}],"author":[{"embeddable":true,"href":"https:\/\/www.tucomarca.com\/wordpress\/segunda\/wp-json\/wp\/v2\/users\/12"}],"replies":[{"embeddable":true,"href":"https:\/\/www.tucomarca.com\/wordpress\/segunda\/wp-json\/wp\/v2\/comments?post=295693"}],"version-history":[{"count":0,"href":"https:\/\/www.tucomarca.com\/wordpress\/segunda\/wp-json\/wp\/v2\/posts\/295693\/revisions"}],"wp:featuredmedia":[{"embeddable":true,"href":"https:\/\/www.tucomarca.com\/wordpress\/segunda\/wp-json\/wp\/v2\/media\/295697"}],"wp:attachment":[{"href":"https:\/\/www.tucomarca.com\/wordpress\/segunda\/wp-json\/wp\/v2\/media?parent=295693"}],"wp:term":[{"taxonomy":"category","embeddable":true,"href":"https:\/\/www.tucomarca.com\/wordpress\/segunda\/wp-json\/wp\/v2\/categories?post=295693"},{"taxonomy":"post_tag","embeddable":true,"href":"https:\/\/www.tucomarca.com\/wordpress\/segunda\/wp-json\/wp\/v2\/tags?post=295693"}],"curies":[{"name":"wp","href":"https:\/\/api.w.org\/{rel}","templated":true}]}}