{"id":295705,"date":"2026-03-13T09:00:00","date_gmt":"2026-03-13T08:00:00","guid":{"rendered":"https:\/\/www.tucomarca.com\/wordpress\/segunda\/?p=295705"},"modified":"2026-03-14T12:34:10","modified_gmt":"2026-03-14T11:34:10","slug":"un-hombre-de-49-anos-resulta-herido-tras-ser-incendiado-presuntamente-por-su-pareja-en-chiva","status":"publish","type":"post","link":"https:\/\/www.tucomarca.com\/wordpress\/segunda\/un-hombre-de-49-anos-resulta-herido-tras-ser-incendiado-presuntamente-por-su-pareja-en-chiva\/","title":{"rendered":"Un hombre de 49 a\u00f1os resulta herido tras ser incendiado presuntamente por su pareja en Chiva"},"content":{"rendered":"\n<p>Un hombre de 49 a\u00f1os permanece ingresado en estado muy grave despu\u00e9s de que, presuntamente, su pareja le rociara con un l\u00edquido inflamable y le prendiera fuego durante la pasada noche en el domicilio familiar de Chiva. La mujer ha sido detenida por agentes de la Guardia Civil poco despu\u00e9s de los hechos.<\/p>\n\n\n\n<p>Seg\u00fan las primeras informaciones de la investigaci\u00f3n, el suceso se produjo mientras la v\u00edctima se encontraba durmiendo. La mujer habr\u00eda utilizado un combustible que la familia empleaba habitualmente para encender la estufa de la vivienda y, tras rociar al hombre con el l\u00edquido, le prendi\u00f3 fuego.<\/p>\n\n\n\n<p>Tras la agresi\u00f3n, el hombre consigui\u00f3 pedir ayuda desde una de las ventanas de la casa. Un vecino alert\u00f3 de inmediato a la Polic\u00eda Local y a la Guardia Civil, cuyos agentes acudieron r\u00e1pidamente al lugar para auxiliar a la v\u00edctima.<\/p>\n\n\n\n<p>En un primer momento, el herido fue trasladado en un veh\u00edculo policial al centro de salud de la localidad, donde recibi\u00f3 las primeras atenciones m\u00e9dicas. Posteriormente fue evacuado al Hospital Universitari i Polit\u00e8cnic La Fe de Valencia, donde ha quedado ingresado en la Unidad de Quemados con lesiones de car\u00e1cter muy grave.<\/p>\n\n\n\n<p>Durante el suceso se encontraba en el interior de la vivienda la hija de la mujer, una menor de 16 a\u00f1os, que presenci\u00f3 los hechos.<\/p>\n\n\n\n<p>La Guardia Civil mantiene abierta la investigaci\u00f3n para esclarecer completamente lo ocurrido y determinar las circunstancias que rodearon la agresi\u00f3n, para lo que ya ha tomado declaraci\u00f3n a varias personas del entorno familiar de la pareja.<\/p>\n","protected":false},"excerpt":{"rendered":"<div class=\"mh-excerpt\">Un hombre de 49 a\u00f1os permanece ingresado en estado muy grave despu\u00e9s de que, presuntamente, su pareja le rociara con un l\u00edquido inflamable y le prendiera fuego durante la pasada noche en el domicilio familiar <a class=\"mh-excerpt-more\" href=\"https:\/\/www.tucomarca.com\/wordpress\/segunda\/un-hombre-de-49-anos-resulta-herido-tras-ser-incendiado-presuntamente-por-su-pareja-en-chiva\/\" title=\"Un hombre de 49 a\u00f1os resulta herido tras ser incendiado presuntamente por su pareja en Chiva\">[+] <\/a><\/div>\n","protected":false},"author":12,"featured_media":115118,"comment_status":"closed","ping_status":"open","sticky":false,"template":"","format":"standard","meta":{"footnotes":""},"categories":[16,8,10,3,116,45],"tags":[10384,5952],"class_list":{"0":"post-295705","1":"post","2":"type-post","3":"status-publish","4":"format-standard","5":"has-post-thumbnail","7":"category-chiva","8":"category-la-comarca","9":"category-la-hoya","10":"category-seccion","11":"category-sucesos-la-comarca","12":"category-ventana","13":"tag-chiva","14":"tag-la-hoya-de-bunol-chiva"},"_links":{"self":[{"href":"https:\/\/www.tucomarca.com\/wordpress\/segunda\/wp-json\/wp\/v2\/posts\/295705","targetHints":{"allow":["GET"]}}],"collection":[{"href":"https:\/\/www.tucomarca.com\/wordpress\/segunda\/wp-json\/wp\/v2\/posts"}],"about":[{"href":"https:\/\/www.tucomarca.com\/wordpress\/segunda\/wp-json\/wp\/v2\/types\/post"}],"author":[{"embeddable":true,"href":"https:\/\/www.tucomarca.com\/wordpress\/segunda\/wp-json\/wp\/v2\/users\/12"}],"replies":[{"embeddable":true,"href":"https:\/\/www.tucomarca.com\/wordpress\/segunda\/wp-json\/wp\/v2\/comments?post=295705"}],"version-history":[{"count":0,"href":"https:\/\/www.tucomarca.com\/wordpress\/segunda\/wp-json\/wp\/v2\/posts\/295705\/revisions"}],"wp:featuredmedia":[{"embeddable":true,"href":"https:\/\/www.tucomarca.com\/wordpress\/segunda\/wp-json\/wp\/v2\/media\/115118"}],"wp:attachment":[{"href":"https:\/\/www.tucomarca.com\/wordpress\/segunda\/wp-json\/wp\/v2\/media?parent=295705"}],"wp:term":[{"taxonomy":"category","embeddable":true,"href":"https:\/\/www.tucomarca.com\/wordpress\/segunda\/wp-json\/wp\/v2\/categories?post=295705"},{"taxonomy":"post_tag","embeddable":true,"href":"https:\/\/www.tucomarca.com\/wordpress\/segunda\/wp-json\/wp\/v2\/tags?post=295705"}],"curies":[{"name":"wp","href":"https:\/\/api.w.org\/{rel}","templated":true}]}}