{"id":295719,"date":"2026-03-13T11:00:00","date_gmt":"2026-03-13T10:00:00","guid":{"rendered":"https:\/\/www.tucomarca.com\/wordpress\/segunda\/?p=295719"},"modified":"2026-03-14T14:08:14","modified_gmt":"2026-03-14T13:08:14","slug":"la-diputacio-da-un-nuevo-impulso-a-su-circuito-de-carreras-de-la-mano-de-la-asociacion-espanola-contra-el-cancer","status":"publish","type":"post","link":"https:\/\/www.tucomarca.com\/wordpress\/segunda\/la-diputacio-da-un-nuevo-impulso-a-su-circuito-de-carreras-de-la-mano-de-la-asociacion-espanola-contra-el-cancer\/","title":{"rendered":"La Diputaci\u00f3 da un nuevo impulso a su Circuito de Carreras de la mano de la Asociaci\u00f3n Espa\u00f1ola Contra el C\u00e1ncer"},"content":{"rendered":"\n<h3 class=\"wp-block-heading\">Despu\u00e9s de 26 ediciones, el rebautizado Circuito de Carreras by Diputaci\u00f3 de Val\u00e8ncia se integra en la iniciativa solidaria RunC\u00e1ncer, celebrando carreras en 14 municipios entre el 1 de marzo y el 27 de diciembre.<\/h3>\n\n\n\n<h3 class=\"wp-block-heading\">El presidente Vicent Momp\u00f3 destaca que \u201cel nuevo circuito supone la consolidaci\u00f3n de un movimiento que ya forma parte de la identidad solidaria de nuestra provincia\u201d.<\/h3>\n\n\n\n<p>La Diputaci\u00f3 de Val\u00e8ncia ha decidido dar un nuevo impulso, de la mano de la Asociaci\u00f3n Espa\u00f1ola Contra el C\u00e1ncer, a su c\u00e9lebre Circuito de Carreras Populares, que pasa a denominarse Circuito de Carreras by Diputaci\u00f3 de Val\u00e8ncia. Despu\u00e9s de 26 ediciones, tras las que la competici\u00f3n ha logrado consolidarse como uno de los cert\u00e1menes deportivos m\u00e1s emblem\u00e1ticos de toda Espa\u00f1a, el \u00e1rea de Deportes que dirige el diputado Pedro Cuesta ha tomado la decisi\u00f3n de integrar las carreras dentro del circuito solidario RunC\u00e1ncer.<\/p>\n\n\n\n<p>A partir de este a\u00f1o, las pruebas del Circuito de Carreras by Diputaci\u00f3 de Val\u00e8ncia pasan a formar parte de las m\u00e1s de 100 marchas que componen el calendario de RunC\u00e1ncer, un proyecto que destina el 100% de su recaudaci\u00f3n a la investigaci\u00f3n en c\u00e1ncer. Esta integraci\u00f3n permite a los corredores participar en una clasificaci\u00f3n general, lo que refuerza el atractivo competitivo sin perder la esencia solidaria que caracteriza al proyecto.<\/p>\n\n\n\n<figure class=\"wp-block-image size-large\"><img loading=\"lazy\" decoding=\"async\" width=\"1024\" height=\"686\" src=\"https:\/\/www.tucomarca.com\/wordpress\/segunda\/wp-content\/uploads\/2026\/03\/DipuRUNCANCER--1024x686.jpg\" alt=\"\" class=\"wp-image-295721\" srcset=\"https:\/\/www.tucomarca.com\/wordpress\/segunda\/wp-content\/uploads\/2026\/03\/DipuRUNCANCER--1024x686.jpg 1024w, https:\/\/www.tucomarca.com\/wordpress\/segunda\/wp-content\/uploads\/2026\/03\/DipuRUNCANCER--300x201.jpg 300w, https:\/\/www.tucomarca.com\/wordpress\/segunda\/wp-content\/uploads\/2026\/03\/DipuRUNCANCER--768x514.jpg 768w, https:\/\/www.tucomarca.com\/wordpress\/segunda\/wp-content\/uploads\/2026\/03\/DipuRUNCANCER-.jpg 1181w\" sizes=\"auto, (max-width: 1024px) 100vw, 1024px\" \/><\/figure>\n\n\n\n<p><\/p>\n\n\n\n<p>Este viernes se ha presentado de manera oficial la nueva iniciativa, con la presencia del presidente de la Diputaci\u00f3n, Vicent Momp\u00f3, el diputado de Deportes, Pedro Cuesta, y el presidente de la Asociaci\u00f3n Espa\u00f1ola Contra el C\u00e1ncer en Valencia, Tom\u00e1s Trenor. Momp\u00f3 ha subrayado que \u201choy damos un paso m\u00e1s en nuestro compromiso con la lucha contra el c\u00e1ncer. El nuevo circuito no es simplemente una novedad, sino la consolidaci\u00f3n de un movimiento que ya forma parte de la identidad solidaria de nuestra provincia\u201d.<\/p>\n\n\n\n<p>El presidente provincial ha manifestado, asimismo, \u201cque con esta colaboraci\u00f3n la provincia de Valencia vuelve a demostrar que sabe correr unida cuando la meta es ayudar a los otros, por eso estoy convencido que el nuevo circuito ser\u00e1 todo un \u00e9xito, porque cuando deporte y solidaridad corren juntos la meta siempre merece la pena.&nbsp;<\/p>\n\n\n\n<p>\u201cEl objetivo del cambio de formato es continuar con la promoci\u00f3n del deporte, y en concreto el deporte popular, permitiendo a los corredores participar en un circuito de carreras con un fin solidario, al mismo tiempo que llevar nuestra competici\u00f3n a m\u00e1s poblaciones de la provincia\u201d, ha se\u00f1alado Pedro Cuesta, a\u00f1adiendo que \u201cdespu\u00e9s de a\u00f1os apoyando un proyecto que destina el 100% de su recaudaci\u00f3n a la investigaci\u00f3n contra el c\u00e1ncer, hemos dado un paso m\u00e1s formando parte de \u00e9l y as\u00ed consolid\u00e1ndolo como el mayor movimiento deportivo y solidario de nuestro territorio\u201d.<\/p>\n\n\n\n<p>Por su parte, Tom\u00e1s Trenor ha agradecido a la Diputaci\u00f3n \u201cir un paso m\u00e1s all\u00e1 en vuestro compromiso con RunC\u00e1ncer. Esta integraci\u00f3n viene a complementar y reforzar las tradicionales marchas solidarias, ofreciendo tambi\u00e9n a los corredores la oportunidad de formar parte de una competici\u00f3n solidaria que suma deporte, compromiso y solidaridad. Este apoyo no solo impulsa este circuito, sino que env\u00eda un mensaje muy claro: que la lucha contra el c\u00e1ncer es una causa de todos y que solo desde la colaboraci\u00f3n podemos seguir avanzando\u201d.<\/p>\n\n\n\n<p>Hay que recordar que las marchas de RunC\u00e1ncer, cuya recaudaci\u00f3n se destina \u00edntegramente a financiar proyectos de investigaci\u00f3n oncol\u00f3gica impulsados por la Asociaci\u00f3n Espa\u00f1ola Contra el C\u00e1ncer en Valencia, moviliza cada a\u00f1o a m\u00e1s de 100.000 personas en toda la provincia, lo cual ha permitido desarrollar en la actualidad m\u00e1s de 50 proyectos de investigaci\u00f3n des pues de 12 ediciones. Se espera que, con la integraci\u00f3n de las carreras del Circuito de la Diputaci\u00f3n el incremento de la participaci\u00f3n y, por tanto, de la recaudaci\u00f3n, sea sustancial.<\/p>\n\n\n\n<p><strong>Novedades y calendario de pruebas&nbsp;<\/strong><\/p>\n\n\n\n<p>El renovado circuito ha incrementado asimismo el n\u00famero de pruebas que lo componen, pasando de las 11 de 2025 a las 14 que por ahora est\u00e1n confirmadas para este a\u00f1o, a las que todav\u00eda puede unirse alguna m\u00e1s en pr\u00f3ximas fechas. Para competir por la clasificaci\u00f3n general del circuito, es suficiente con participar y terminar el m\u00ednimo de carreras que se exige en el reglamento (la mitad m\u00e1s una). La participaci\u00f3n en el circuito contin\u00faa siendo gratuita, por lo que s\u00f3lo es necesario abonar la inscripci\u00f3n de la carrera en la que cada atleta vaya a competir.<\/p>\n\n\n\n<p>Este a\u00f1o el importe de las inscripciones en las carreras se ha unificado en 5 euros, que ir\u00e1n destinados \u00edntegramente a financiar proyectos de investigaci\u00f3n contra el c\u00e1ncer. Adem\u00e1s, en concordancia con el fin solidario del nuevo formato, se han eliminado los premios en met\u00e1lico, sin perjuicio de poder obsequiar a los mejores clasificados con material deportivo.<\/p>\n\n\n\n<p>La primera de las 14 pruebas confirmadas ya se disput\u00f3 el pasado 1 de marzo en la localidad de Rafelbunyol, donde ya se pudo comprobar el gran \u00e9xito de p\u00fablico y de recaudaci\u00f3n que genera el nuevo proyecto. La siguiente carrera tendr\u00e1 lugar el 24 de abril en Montserrat, a la que seguir\u00e1n las pruebas de Paterna (26 de abril), Paiporta (31 de mayo), Alboraya (27 de junio), l\u2019Alc\u00fadia (5 de septiembre), Torrent (26 de septiembre), X\u00e0tiva (27 de septiembre), Valencia (18 de octubre), Gandia (25 de octubre), Alfafar (8 de noviembre), l\u2019Olleria (15 de noviembre) y Picassent (13 de diciembre). La carrera que cierra el circuito se celebrar\u00e1 el 27 de diciembre en el municipio de Alc\u00e0sser.<\/p>\n","protected":false},"excerpt":{"rendered":"<div class=\"mh-excerpt\">Despu\u00e9s de 26 ediciones, el rebautizado Circuito de Carreras by Diputaci\u00f3 de Val\u00e8ncia se integra en la iniciativa solidaria RunC\u00e1ncer, celebrando carreras en 14 municipios entre el 1 de marzo y el 27 de diciembre. <a class=\"mh-excerpt-more\" href=\"https:\/\/www.tucomarca.com\/wordpress\/segunda\/la-diputacio-da-un-nuevo-impulso-a-su-circuito-de-carreras-de-la-mano-de-la-asociacion-espanola-contra-el-cancer\/\" title=\"La Diputaci\u00f3 da un nuevo impulso a su Circuito de Carreras de la mano de la Asociaci\u00f3n Espa\u00f1ola Contra el C\u00e1ncer\">[+] <\/a><\/div>\n","protected":false},"author":12,"featured_media":295723,"comment_status":"closed","ping_status":"open","sticky":false,"template":"","format":"gallery","meta":{"footnotes":""},"categories":[4,98,6,128,8,72,7,142,3,45],"tags":[3677,10524],"class_list":{"0":"post-295719","1":"post","2":"type-post","3":"status-publish","4":"format-gallery","5":"has-post-thumbnail","7":"category-agenda","8":"category-atletismo","9":"category-deportes","10":"category-infraestructuras","11":"category-la-comarca","12":"category-sin-categorizar","13":"category-ocio-y-cultura","14":"category-politica-la-comarca","15":"category-seccion","16":"category-ventana","17":"tag-diputacio-de-valencia","18":"tag-runcancer","19":"post_format-post-format-gallery"},"_links":{"self":[{"href":"https:\/\/www.tucomarca.com\/wordpress\/segunda\/wp-json\/wp\/v2\/posts\/295719","targetHints":{"allow":["GET"]}}],"collection":[{"href":"https:\/\/www.tucomarca.com\/wordpress\/segunda\/wp-json\/wp\/v2\/posts"}],"about":[{"href":"https:\/\/www.tucomarca.com\/wordpress\/segunda\/wp-json\/wp\/v2\/types\/post"}],"author":[{"embeddable":true,"href":"https:\/\/www.tucomarca.com\/wordpress\/segunda\/wp-json\/wp\/v2\/users\/12"}],"replies":[{"embeddable":true,"href":"https:\/\/www.tucomarca.com\/wordpress\/segunda\/wp-json\/wp\/v2\/comments?post=295719"}],"version-history":[{"count":0,"href":"https:\/\/www.tucomarca.com\/wordpress\/segunda\/wp-json\/wp\/v2\/posts\/295719\/revisions"}],"wp:featuredmedia":[{"embeddable":true,"href":"https:\/\/www.tucomarca.com\/wordpress\/segunda\/wp-json\/wp\/v2\/media\/295723"}],"wp:attachment":[{"href":"https:\/\/www.tucomarca.com\/wordpress\/segunda\/wp-json\/wp\/v2\/media?parent=295719"}],"wp:term":[{"taxonomy":"category","embeddable":true,"href":"https:\/\/www.tucomarca.com\/wordpress\/segunda\/wp-json\/wp\/v2\/categories?post=295719"},{"taxonomy":"post_tag","embeddable":true,"href":"https:\/\/www.tucomarca.com\/wordpress\/segunda\/wp-json\/wp\/v2\/tags?post=295719"}],"curies":[{"name":"wp","href":"https:\/\/api.w.org\/{rel}","templated":true}]}}