{"id":295823,"date":"2026-03-15T12:00:00","date_gmt":"2026-03-15T11:00:00","guid":{"rendered":"https:\/\/www.tucomarca.com\/wordpress\/segunda\/?p=295823"},"modified":"2026-03-15T20:43:28","modified_gmt":"2026-03-15T19:43:28","slug":"perez-llorca-visita-las-fallas-de-alcasser-y-algemesi-donde-destaca-el-caracter-cohesionador-y-de-sena-de-identidad-de-estas-fiestas-para-el-pueblo-valenciano","status":"publish","type":"post","link":"https:\/\/www.tucomarca.com\/wordpress\/segunda\/perez-llorca-visita-las-fallas-de-alcasser-y-algemesi-donde-destaca-el-caracter-cohesionador-y-de-sena-de-identidad-de-estas-fiestas-para-el-pueblo-valenciano\/","title":{"rendered":"P\u00e9rez Llorca visita las Fallas de Alc\u00e0sser y Algemes\u00ed donde destaca el car\u00e1cter cohesionador y de se\u00f1a de identidad de estas fiestas para el pueblo valenciano"},"content":{"rendered":"\n<p>El president de la Generalitat, Juanfran P\u00e9rez Llorca, ha visitado las Fallas de los municipios de Alc\u00e0sser y Algemes\u00ed donde ha destacado el elemento \u201ccohesionador y de se\u00f1a de identidad\u201d que tienen estas fiestas para el pueblo valenciano.<\/p>\n\n\n\n<p>As\u00ed lo ha manifestado el jefe del Consell durante la visita que ha cursado a las localidades de Alc\u00e0sser y Algemes\u00ed, donde ha visitado los principales monumentos falleros de estos pueblos, acompa\u00f1ado por el alcalde de Alc\u00e0sser, Alberto Primo, y por el primer edil de Algemes\u00ed, Jos\u00e9 Javier Sanchis, as\u00ed como por representantes de las distintas comisiones falleras.<\/p>\n\n\n\n<p>Durante su visita a Alc\u00e0sser, P\u00e9rez Llorca ha enfatizado que la Comunitat Valenciana \u201ces una tierra hospitalaria, alegre y, sobre todo, una tierra de oportunidades, en la que mucha gente se fija en ella para vivir\u201d.<\/p>\n\n\n\n<figure class=\"wp-block-gallery has-nested-images columns-2 is-cropped wp-block-gallery-1 is-layout-flex wp-block-gallery-is-layout-flex\">\n<figure class=\"wp-block-image size-large\"><img loading=\"lazy\" decoding=\"async\" width=\"945\" height=\"630\" data-id=\"295827\" src=\"https:\/\/www.tucomarca.com\/wordpress\/segunda\/wp-content\/uploads\/2026\/03\/PerezLlorcaFallasAlgemesi02.jpg\" alt=\"\" class=\"wp-image-295827\" srcset=\"https:\/\/www.tucomarca.com\/wordpress\/segunda\/wp-content\/uploads\/2026\/03\/PerezLlorcaFallasAlgemesi02.jpg 945w, https:\/\/www.tucomarca.com\/wordpress\/segunda\/wp-content\/uploads\/2026\/03\/PerezLlorcaFallasAlgemesi02-300x200.jpg 300w, https:\/\/www.tucomarca.com\/wordpress\/segunda\/wp-content\/uploads\/2026\/03\/PerezLlorcaFallasAlgemesi02-768x512.jpg 768w\" sizes=\"auto, (max-width: 945px) 100vw, 945px\" \/><\/figure>\n\n\n\n<figure class=\"wp-block-image size-large\"><img loading=\"lazy\" decoding=\"async\" width=\"945\" height=\"630\" data-id=\"295833\" src=\"https:\/\/www.tucomarca.com\/wordpress\/segunda\/wp-content\/uploads\/2026\/03\/PerezLlorcaFallasAlgemesi05.jpg\" alt=\"\" class=\"wp-image-295833\" srcset=\"https:\/\/www.tucomarca.com\/wordpress\/segunda\/wp-content\/uploads\/2026\/03\/PerezLlorcaFallasAlgemesi05.jpg 945w, https:\/\/www.tucomarca.com\/wordpress\/segunda\/wp-content\/uploads\/2026\/03\/PerezLlorcaFallasAlgemesi05-300x200.jpg 300w, https:\/\/www.tucomarca.com\/wordpress\/segunda\/wp-content\/uploads\/2026\/03\/PerezLlorcaFallasAlgemesi05-768x512.jpg 768w\" sizes=\"auto, (max-width: 945px) 100vw, 945px\" \/><\/figure>\n\n\n\n<figure class=\"wp-block-image size-large\"><img loading=\"lazy\" decoding=\"async\" width=\"945\" height=\"630\" data-id=\"295829\" src=\"https:\/\/www.tucomarca.com\/wordpress\/segunda\/wp-content\/uploads\/2026\/03\/PerezLlorcaFallasAlgemesi03.jpg\" alt=\"\" class=\"wp-image-295829\" srcset=\"https:\/\/www.tucomarca.com\/wordpress\/segunda\/wp-content\/uploads\/2026\/03\/PerezLlorcaFallasAlgemesi03.jpg 945w, https:\/\/www.tucomarca.com\/wordpress\/segunda\/wp-content\/uploads\/2026\/03\/PerezLlorcaFallasAlgemesi03-300x200.jpg 300w, https:\/\/www.tucomarca.com\/wordpress\/segunda\/wp-content\/uploads\/2026\/03\/PerezLlorcaFallasAlgemesi03-768x512.jpg 768w\" sizes=\"auto, (max-width: 945px) 100vw, 945px\" \/><\/figure>\n\n\n\n<figure class=\"wp-block-image size-large\"><img loading=\"lazy\" decoding=\"async\" width=\"945\" height=\"636\" data-id=\"295831\" src=\"https:\/\/www.tucomarca.com\/wordpress\/segunda\/wp-content\/uploads\/2026\/03\/PerezLlorcaFallasAlgemesi04.jpg\" alt=\"\" class=\"wp-image-295831\" srcset=\"https:\/\/www.tucomarca.com\/wordpress\/segunda\/wp-content\/uploads\/2026\/03\/PerezLlorcaFallasAlgemesi04.jpg 945w, https:\/\/www.tucomarca.com\/wordpress\/segunda\/wp-content\/uploads\/2026\/03\/PerezLlorcaFallasAlgemesi04-300x202.jpg 300w, https:\/\/www.tucomarca.com\/wordpress\/segunda\/wp-content\/uploads\/2026\/03\/PerezLlorcaFallasAlgemesi04-768x517.jpg 768w\" sizes=\"auto, (max-width: 945px) 100vw, 945px\" \/><\/figure>\n<\/figure>\n","protected":false},"excerpt":{"rendered":"<div class=\"mh-excerpt\">El president de la Generalitat, Juanfran P\u00e9rez Llorca, ha visitado las Fallas de los municipios de Alc\u00e0sser y Algemes\u00ed donde ha destacado el elemento \u201ccohesionador y de se\u00f1a de identidad\u201d que tienen estas fiestas para <a class=\"mh-excerpt-more\" href=\"https:\/\/www.tucomarca.com\/wordpress\/segunda\/perez-llorca-visita-las-fallas-de-alcasser-y-algemesi-donde-destaca-el-caracter-cohesionador-y-de-sena-de-identidad-de-estas-fiestas-para-el-pueblo-valenciano\/\" title=\"P\u00e9rez Llorca visita las Fallas de Alc\u00e0sser y Algemes\u00ed donde destaca el car\u00e1cter cohesionador y de se\u00f1a de identidad de estas fiestas para el pueblo valenciano\">[+] <\/a><\/div>\n","protected":false},"author":12,"featured_media":295825,"comment_status":"closed","ping_status":"open","sticky":false,"template":"","format":"gallery","meta":{"footnotes":""},"categories":[99,128,8,42,5,7,383,3,45],"tags":[10409,10716,23465,1407],"class_list":{"0":"post-295823","1":"post","2":"type-post","3":"status-publish","4":"format-gallery","5":"has-post-thumbnail","7":"category-algemesi","8":"category-infraestructuras","9":"category-la-comarca","10":"category-la-ribera","11":"category-la-semana-en-imagenes","12":"category-ocio-y-cultura","13":"category-pueblos-en-fiestas","14":"category-seccion","15":"category-ventana","16":"tag-algemesi","17":"tag-generalitat-valenciana","18":"tag-juanfran-perez-llorca","19":"tag-ribera-alta","20":"post_format-post-format-gallery"},"_links":{"self":[{"href":"https:\/\/www.tucomarca.com\/wordpress\/segunda\/wp-json\/wp\/v2\/posts\/295823","targetHints":{"allow":["GET"]}}],"collection":[{"href":"https:\/\/www.tucomarca.com\/wordpress\/segunda\/wp-json\/wp\/v2\/posts"}],"about":[{"href":"https:\/\/www.tucomarca.com\/wordpress\/segunda\/wp-json\/wp\/v2\/types\/post"}],"author":[{"embeddable":true,"href":"https:\/\/www.tucomarca.com\/wordpress\/segunda\/wp-json\/wp\/v2\/users\/12"}],"replies":[{"embeddable":true,"href":"https:\/\/www.tucomarca.com\/wordpress\/segunda\/wp-json\/wp\/v2\/comments?post=295823"}],"version-history":[{"count":0,"href":"https:\/\/www.tucomarca.com\/wordpress\/segunda\/wp-json\/wp\/v2\/posts\/295823\/revisions"}],"wp:featuredmedia":[{"embeddable":true,"href":"https:\/\/www.tucomarca.com\/wordpress\/segunda\/wp-json\/wp\/v2\/media\/295825"}],"wp:attachment":[{"href":"https:\/\/www.tucomarca.com\/wordpress\/segunda\/wp-json\/wp\/v2\/media?parent=295823"}],"wp:term":[{"taxonomy":"category","embeddable":true,"href":"https:\/\/www.tucomarca.com\/wordpress\/segunda\/wp-json\/wp\/v2\/categories?post=295823"},{"taxonomy":"post_tag","embeddable":true,"href":"https:\/\/www.tucomarca.com\/wordpress\/segunda\/wp-json\/wp\/v2\/tags?post=295823"}],"curies":[{"name":"wp","href":"https:\/\/api.w.org\/{rel}","templated":true}]}}