{"id":2962,"date":"2012-06-04T21:00:05","date_gmt":"2012-06-04T19:00:05","guid":{"rendered":"http:\/\/www.tucomarca.com\/wordpress\/segunda\/?p=2962"},"modified":"2012-06-04T21:00:45","modified_gmt":"2012-06-04T19:00:45","slug":"pablo-jimenez-sera-el-nuevo-entrenador-del-cd-cheste-para-la-proxima-temporada","status":"publish","type":"post","link":"https:\/\/www.tucomarca.com\/wordpress\/segunda\/pablo-jimenez-sera-el-nuevo-entrenador-del-cd-cheste-para-la-proxima-temporada\/","title":{"rendered":"Pablo Jim\u00e9nez ser\u00e1 el nuevo entrenador del CD Cheste para la pr\u00f3xima temporada"},"content":{"rendered":"<figure id=\"attachment_2963\" aria-describedby=\"caption-attachment-2963\" style=\"width: 300px\" class=\"wp-caption alignleft\"><a href=\"https:\/\/www.tucomarca.com\/wordpress\/segunda\/wp-content\/uploads\/2012\/06\/PabloJimenez.jpg\"><img loading=\"lazy\" decoding=\"async\" class=\"size-medium wp-image-2963\" title=\"PabloJimenez\" src=\"https:\/\/www.tucomarca.com\/wordpress\/segunda\/wp-content\/uploads\/2012\/06\/PabloJimenez-300x199.jpg\" alt=\"Pablo Jim\u00e9nez, nuevo entrenador del CD Cheste.\" width=\"300\" height=\"199\" srcset=\"https:\/\/www.tucomarca.com\/wordpress\/segunda\/wp-content\/uploads\/2012\/06\/PabloJimenez-300x199.jpg 300w, https:\/\/www.tucomarca.com\/wordpress\/segunda\/wp-content\/uploads\/2012\/06\/PabloJimenez.jpg 640w\" sizes=\"auto, (max-width: 300px) 100vw, 300px\" \/><\/a><figcaption id=\"caption-attachment-2963\" class=\"wp-caption-text\">Pablo Jim\u00e9nez, nuevo entrenador del CD Cheste.<\/figcaption><\/figure>\n<p>Pablo Jimenez Ramirez ser\u00e1 el nuevo entrenador del CD Cheste para la temporada 2012-2013, tal como ha informado el club a <strong>tucomarca.com<\/strong>. Este joven entrenador de 29 a\u00f1os entren\u00f3 esta temporada al\u00a0 CD Massamagrell en el mismo grupo del CD Cheste y con anterioridad estuvo en la escuela del Torre Levante. Entre su biograf\u00eda, tambiu\u00e9n destaca el haber participado en Juvenil Divisi\u00f3n de Honor (2010\/2011);\u00a0 en Juvenil Liga Nacional (2009\/2010); as\u00ed como en Cadete Auton\u00f3mico (2008\/2009). Informa,<strong> Chimo Mir<\/strong>.<\/p>\n","protected":false},"excerpt":{"rendered":"<div class=\"mh-excerpt\">Pablo Jimenez Ramirez ser\u00e1 el nuevo entrenador del CD Cheste para la temporada 2012-2013, tal como ha informado el club a tucomarca.com. Este joven entrenador de 29 a\u00f1os entren\u00f3 esta temporada al\u00a0 CD Massamagrell en <a class=\"mh-excerpt-more\" href=\"https:\/\/www.tucomarca.com\/wordpress\/segunda\/pablo-jimenez-sera-el-nuevo-entrenador-del-cd-cheste-para-la-proxima-temporada\/\" title=\"Pablo Jim\u00e9nez ser\u00e1 el nuevo entrenador del CD Cheste para la pr\u00f3xima temporada\">[+] <\/a><\/div>\n","protected":false},"author":1,"featured_media":2963,"comment_status":"open","ping_status":"open","sticky":false,"template":"","format":"standard","meta":{"footnotes":""},"categories":[50,17,6,10,3],"tags":[],"class_list":{"0":"post-2962","1":"post","2":"type-post","3":"status-publish","4":"format-standard","5":"has-post-thumbnail","7":"category-futbol-deportes","8":"category-cheste","9":"category-deportes","10":"category-la-hoya","11":"category-seccion"},"_links":{"self":[{"href":"https:\/\/www.tucomarca.com\/wordpress\/segunda\/wp-json\/wp\/v2\/posts\/2962","targetHints":{"allow":["GET"]}}],"collection":[{"href":"https:\/\/www.tucomarca.com\/wordpress\/segunda\/wp-json\/wp\/v2\/posts"}],"about":[{"href":"https:\/\/www.tucomarca.com\/wordpress\/segunda\/wp-json\/wp\/v2\/types\/post"}],"author":[{"embeddable":true,"href":"https:\/\/www.tucomarca.com\/wordpress\/segunda\/wp-json\/wp\/v2\/users\/1"}],"replies":[{"embeddable":true,"href":"https:\/\/www.tucomarca.com\/wordpress\/segunda\/wp-json\/wp\/v2\/comments?post=2962"}],"version-history":[{"count":0,"href":"https:\/\/www.tucomarca.com\/wordpress\/segunda\/wp-json\/wp\/v2\/posts\/2962\/revisions"}],"wp:featuredmedia":[{"embeddable":true,"href":"https:\/\/www.tucomarca.com\/wordpress\/segunda\/wp-json\/wp\/v2\/media\/2963"}],"wp:attachment":[{"href":"https:\/\/www.tucomarca.com\/wordpress\/segunda\/wp-json\/wp\/v2\/media?parent=2962"}],"wp:term":[{"taxonomy":"category","embeddable":true,"href":"https:\/\/www.tucomarca.com\/wordpress\/segunda\/wp-json\/wp\/v2\/categories?post=2962"},{"taxonomy":"post_tag","embeddable":true,"href":"https:\/\/www.tucomarca.com\/wordpress\/segunda\/wp-json\/wp\/v2\/tags?post=2962"}],"curies":[{"name":"wp","href":"https:\/\/api.w.org\/{rel}","templated":true}]}}