{"id":2972,"date":"2012-06-04T21:18:28","date_gmt":"2012-06-04T19:18:28","guid":{"rendered":"http:\/\/www.tucomarca.com\/wordpress\/segunda\/?p=2972"},"modified":"2012-06-04T21:18:28","modified_gmt":"2012-06-04T19:18:28","slug":"el-ayuntamiento-de-turis-aprueba-un-presupuesto-municipal-de-cinco-millones-seiscientos-mil-euros","status":"publish","type":"post","link":"https:\/\/www.tucomarca.com\/wordpress\/segunda\/el-ayuntamiento-de-turis-aprueba-un-presupuesto-municipal-de-cinco-millones-seiscientos-mil-euros\/","title":{"rendered":"El Ayuntamiento de Tur\u00eds aprueba un Presupuesto municipal de cinco millones seiscientos mil euros"},"content":{"rendered":"<p>El Ayuntamiento de Tur\u00eds ha aprobado en sesi\u00f3n plenaria, con los votos a favor del equipo de gobierno popular, en contra del PSOE y la abstenci\u00f3n del edil independiente el Presupuesto para 2012. Seg\u00fan ha explicado la propia alcaldesa, Pilar Lozano, \u201cpor fin el grupo popular expone y presenta un presupuesto realista y adecuado a los ingresos que hay en el Ayuntamiento\u201d.<\/p>\n<p>El total del Presupuesto asciende a 5.598.075\u201902 euros, \u201cuna cifra casi id\u00e9ntica a la de 2007 en la que ascendi\u00f3 a 5.515.622\u201982 euros. Para Lozano lo \u201crealmente llamativo es que cuando estudias las cifras y haces un comparativo con otros a\u00f1os se comprueba como el anterior equipo de gobierno socialista continuaba incrementando el presupuesto a medida que avanzaba la crisis econ\u00f3mica\u201d. As\u00ed, en 2008 fue de 6.925.121\u201943 euros y en 2009 lleg\u00f3 hasta los 8.085.783\u201906 euros.<\/p>\n<p>En 2010 los Presupuestos alcanzaron la cifra de 13.656.215 euros \u201cporque inclu\u00edan seis millones de euros en cuotas de urbanziaci\u00f3n del pol\u00edgono industrial\u201d. En contraste con estos n\u00fameros, desde la alcald\u00eda no se explican como \u201cen los a\u00f1os de bonanza econ\u00f3mica el presupuesto era mucho m\u00e1s bajo no pasando de los cinco millones de euros durante los a\u00f1os 2004, 2005 y 2006\u201d.<\/p>\n<p>La m\u00e0xima autoridad turisana asegur\u00f3 que por primera vez se trata de unas cuentas realistas. \u201cLa memoria explicativa del presupuesto refleja que para cumplir con todos los objetivos marcados hemos sido realistas a la hora de presupuestar los ingresos necesarios para sufragar los gastos, de acuerdo con las previsiones calculadas en funci\u00f3n de la tendencia de ingresos de los \u00faltimos a\u00f1os\u201d.<br \/>\nLozano a\u00f1adi\u00f3 que el presupuesto estimado de 2011 \u201cera de 4.919.622\u201971 euros, ya que como todos sabemos se trabaja con el prorrogado de 2010\u201d.<\/p>\n<p>La alcaldesa detall\u00f3 que en el apartado de gastos el cap\u00edtulo de personal tiene un importe global de 2.841.774\u201970 euros, \u201crepresentando un 50\u201976% del total, y disminuye un 7\u201912% respecto al a\u00f1o anterior\u201d. Los gastos de funcionamiento reresentan un coste del 29\u201920% (1.634.860\u201903\u20ac) y supone un incremento del 1\u20199% \u201cdebido a que el ayuntamiento asumir\u00e1 las fiestas taurinas de agosto que anteriormente estaban reflejadas en el cap\u00edtulo 4 a trav\u00e9s de una subvenci\u00f3n que se conced\u00eda a la pe\u00f1a taurina. Aqu\u00ed tambi\u00e9n se ha incluido el contrato de gesti\u00f3n del gimnasio y la piscina\u201d.<br \/>\nEn este apartado \u201chay que tener en cuenta que estamos realizando actuaciones en el alumbrado p\u00fablico y en las comunicaciones que est\u00e1n permitiendo la disminuci\u00f3n del gasto\u201d.<\/p>\n<p>En cuanto a los pr\u00e9stamos que mantiene el consistorio y los intereses que paga por ellos Pilar Lozano explic\u00f3 que \u201clos intereses representan un 2\u201962% del total y, aunque se mantienen estables, este a\u00f1o habr\u00e1 que hacer frente a los que origina el pr\u00e9stamo del Real Decreto 4\/2012, si bien de momento no genera gasto al no estar dispuesta la operaci\u00f3n de tesorer\u00eda\u201d.<br \/>\nDicho pr\u00e9stamo procede del gobierno y asciende a 1.250.220\u201915\u20ac. Es para un periodo de diez a\u00f1os m\u00e1s dos de carencia y el inter\u00e9s, que originar\u00e1 gastos a partir de junio, es de 5\u2019939%. Con este dinero se han pagado facturas de entre 2000 y 2004, ambos inclusive, y 2009, 2010 y 2011.<\/p>\n<p>Con el pr\u00e9stamo ICO del anterior gobierno \u201chemos pagado facturas por valor de 225.382\u201910\u20ac de los a\u00f1os 2009 y 2010\u201d, continu\u00f3 detallando Lozano.<br \/>\nPara finalizar con este apartado, a\u00f1adi\u00f3 que \u201cla amortizaci\u00f3n de deuda representa un 8\u201966% del total del presupuesto, un 3% m\u00e1s que en 2011, porque este a\u00f1o empezamos a amortizar el pr\u00e9stamo que financia las inversiones de 2009 y el pr\u00e9stamo ICO tras finalizar el periodo de carencia\u201d.<\/p>\n<p>Ya en el cap\u00edtulo de ingresos el Ayuntamiento de Tur\u00eds prev\u00e9 recaudar a trav\u00e9s de los diferentes impuestos un total de 3.271.791\u201980 \u20ac, representando el 58\u201944% del presupuesto municipal. En este punto Lozano aclar\u00f3 que el equipo de gobierno popular \u201cbaj\u00f3 el tipo de gravamen del IBI urbana del 0\u201972% al 0\u201969% para que los recibos se quedaran pr\u00e1cticamente igual que el a\u00f1o pasado\u201d.<br \/>\nSin embargo, el Real Decreto 20\/2011 de medidas urgentes en materia presupuestaria \u201cprev\u00e9 un incremento del 6% para los municipios que han sido objeto de un procedimiento de valoraci\u00f3n colectiva para los bienes inmuebles urbanos como consecuencia de una ponencia de valores aprobada entre 2002 y 2004\u201d.<\/p>\n<p>Pilar Lozano record\u00f3 que Tur\u00eds aprob\u00f3 dicha ponencia en 2003 \u201ccon el voto en contra del Partido Popular\u201d. Por lo tanto, \u201csi nuestro equipo de gobierno no hubiera propuesto la bajada del tipo de gravamen del IBI urbana, en el recibo de este a\u00f1o nos hubieran aplicado el 0\u201976% en lugar del 0\u201973%. En el pr\u00f3ximo pleno que convoquemos la propuesta ser\u00e1 la de bajar el tipo de gravamen local al 0\u201965% para que el recibo no suba el a\u00f1o que viene\u201d.<\/p>\n<p>Finalmente la alcaldesa turisana destac\u00f3 los 259.371\u201970\u20ac en subvenciones concedidas y el convenio para servicios sociales generales con la Diputaci\u00f3n de Valencia que se incrementa en 5.000\u20ac llegando a los 38.979 euros<\/p>\n","protected":false},"excerpt":{"rendered":"<div class=\"mh-excerpt\">El Ayuntamiento de Tur\u00eds ha aprobado en sesi\u00f3n plenaria, con los votos a favor del equipo de gobierno popular, en contra del PSOE y la abstenci\u00f3n del edil independiente el Presupuesto para 2012. Seg\u00fan ha <a class=\"mh-excerpt-more\" href=\"https:\/\/www.tucomarca.com\/wordpress\/segunda\/el-ayuntamiento-de-turis-aprueba-un-presupuesto-municipal-de-cinco-millones-seiscientos-mil-euros\/\" title=\"El Ayuntamiento de Tur\u00eds aprueba un Presupuesto municipal de cinco millones seiscientos mil euros\">[+] <\/a><\/div>\n","protected":false},"author":1,"featured_media":0,"comment_status":"open","ping_status":"open","sticky":false,"template":"","format":"standard","meta":{"footnotes":""},"categories":[8,42,142,3,43],"tags":[],"class_list":{"0":"post-2972","1":"post","2":"type-post","3":"status-publish","4":"format-standard","6":"category-la-comarca","7":"category-la-ribera","8":"category-politica-la-comarca","9":"category-seccion","10":"category-turis"},"_links":{"self":[{"href":"https:\/\/www.tucomarca.com\/wordpress\/segunda\/wp-json\/wp\/v2\/posts\/2972","targetHints":{"allow":["GET"]}}],"collection":[{"href":"https:\/\/www.tucomarca.com\/wordpress\/segunda\/wp-json\/wp\/v2\/posts"}],"about":[{"href":"https:\/\/www.tucomarca.com\/wordpress\/segunda\/wp-json\/wp\/v2\/types\/post"}],"author":[{"embeddable":true,"href":"https:\/\/www.tucomarca.com\/wordpress\/segunda\/wp-json\/wp\/v2\/users\/1"}],"replies":[{"embeddable":true,"href":"https:\/\/www.tucomarca.com\/wordpress\/segunda\/wp-json\/wp\/v2\/comments?post=2972"}],"version-history":[{"count":0,"href":"https:\/\/www.tucomarca.com\/wordpress\/segunda\/wp-json\/wp\/v2\/posts\/2972\/revisions"}],"wp:attachment":[{"href":"https:\/\/www.tucomarca.com\/wordpress\/segunda\/wp-json\/wp\/v2\/media?parent=2972"}],"wp:term":[{"taxonomy":"category","embeddable":true,"href":"https:\/\/www.tucomarca.com\/wordpress\/segunda\/wp-json\/wp\/v2\/categories?post=2972"},{"taxonomy":"post_tag","embeddable":true,"href":"https:\/\/www.tucomarca.com\/wordpress\/segunda\/wp-json\/wp\/v2\/tags?post=2972"}],"curies":[{"name":"wp","href":"https:\/\/api.w.org\/{rel}","templated":true}]}}