{"id":297485,"date":"2026-04-01T09:03:00","date_gmt":"2026-04-01T07:03:00","guid":{"rendered":"https:\/\/www.tucomarca.com\/wordpress\/segunda\/?p=297485"},"modified":"2026-04-01T21:48:49","modified_gmt":"2026-04-01T19:48:49","slug":"enguix-llevara-a-pleno-el-incremento-del-20-en-las-ayudas-de-memoria-ante-las-solicitudes-de-ayuntamientos-y-asociaciones","status":"publish","type":"post","link":"https:\/\/www.tucomarca.com\/wordpress\/segunda\/enguix-llevara-a-pleno-el-incremento-del-20-en-las-ayudas-de-memoria-ante-las-solicitudes-de-ayuntamientos-y-asociaciones\/","title":{"rendered":"Enguix llevar\u00e1 a pleno el incremento del 20% en las ayudas de Memoria ante las solicitudes de ayuntamientos y asociaciones"},"content":{"rendered":"\n<h3 class=\"wp-block-heading\">La vicepresidenta y responsable de Memoria Democr\u00e1tica propone una ampliaci\u00f3n de cr\u00e9dito de 250.000 euros, que deber\u00e1 votarse en el pleno de la Diputaci\u00f3n, para \u201chacer frente a las numerosas peticiones recibidas\u201d.<\/h3>\n\n\n\n<h3 class=\"wp-block-heading\">Desde la creaci\u00f3n de la delegaci\u00f3n en 2016, el presupuesto ha pasado de 350.000 euros a m\u00e1s de dos millones en 10 a\u00f1os. \u201cLa memoria es un derecho que debemos proteger desde las instituciones\u201d, asegura Nat\u00e0lia Enguix.<\/h3>\n\n\n\n<h3 class=\"wp-block-heading\">La Diputaci\u00f3n ofrece ayuda a Paterna para dotar de contenido el Memorial en el que descansar\u00e1n los represaliados cuyas familias lo soliciten.<\/h3>\n\n\n\n<p>La vicepresidenta primera de la Diputaci\u00f3n y responsable de Memoria Democr\u00e1tica, Nat\u00e0lia Enguix, llevar\u00e1 al pleno provincial el incremento de 250.000 euros en las ayudas de este a\u00f1o para ayuntamientos y asociaciones memorialistas, lo que elevar\u00eda el presupuesto en materia de Memoria Democr\u00e1tica a cifras hist\u00f3ricas. \u201cTenemos muchas solicitudes para poner en marcha proyectos de dignificaci\u00f3n de las v\u00edctimas y queremos aumentar la partida, que el a\u00f1o pasado fue de 700.000 euros para ayuntamientos y 150.000 para asociaciones, y que en 2026 hemos subido a 875.000 y 200.000 euros respectivamente\u201d, ha detallado la responsable provincial de Memoria durante su visita al cementerio de Paterna.<\/p>\n\n\n\n<p>Enguix ha se\u00f1alado que \u201cla propuesta que hemos remitido al \u00e1rea de Hacienda de la Diputaci\u00f3n est\u00e1 contemplada en las bases de la convocatoria, y responde al volumen de solicitudes que estamos recibiendo por parte de los ayuntamientos y las asociaciones de familiares, a las que no queremos negar la posibilidad de dignificar el recuerdo de sus seres queridos\u201d. La posibilidad de incrementar el presupuesto en materia de Memoria deber\u00e1 votarse en el pleno de la corporaci\u00f3n.<\/p>\n\n\n\n<p>Al margen de estos ajustes, la evoluci\u00f3n de la \u00faltima d\u00e9cada muestra la apuesta de la corporaci\u00f3n en materia de Memoria Democr\u00e1tica. La Diputaci\u00f3n ha pasado de un presupuesto de 356.000 euros en 2016, a\u00f1o en que se cre\u00f3 la delegaci\u00f3n con Jorge Rodr\u00edguez como presidente y Rosa P\u00e9rez Garijo como diputada, a los cerca de 2,2 millones de euros que recogen las cuentas de 2026.&nbsp;<\/p>\n\n\n\n<p>Entre los proyectos que tiene en marcha la delegaci\u00f3n de Memoria encontramos talleres en centros de Secundaria, gu\u00edas docentes y unidades did\u00e1cticas, exposiciones itinerantes, el redise\u00f1o de la web, la adquisici\u00f3n de fondos documentales y materiales de difusi\u00f3n, el programa La Memoria en las Bibliotecas, publicaciones, los premios La Mem\u00f2ria a l\u2019Escola y el certamen de investigaci\u00f3n hist\u00f3rica Mar\u00eda la Jabalina. \u201cEstas iniciativas complementan las subvenciones a ayuntamientos y asociaciones y la inversi\u00f3n en exhumaciones, lo que demuestra la importancia de la educaci\u00f3n en memoria\u201d, concluye Nat\u00e0lia Enguix.<\/p>\n\n\n\n<figure class=\"wp-block-gallery has-nested-images columns-default is-cropped wp-block-gallery-1 is-layout-flex wp-block-gallery-is-layout-flex\">\n<figure class=\"wp-block-image size-large\"><img loading=\"lazy\" decoding=\"async\" width=\"945\" height=\"638\" data-id=\"297487\" src=\"https:\/\/www.tucomarca.com\/wordpress\/segunda\/wp-content\/uploads\/2026\/04\/EnguixCementerioPaterna1.jpg\" alt=\"\" class=\"wp-image-297487\" srcset=\"https:\/\/www.tucomarca.com\/wordpress\/segunda\/wp-content\/uploads\/2026\/04\/EnguixCementerioPaterna1.jpg 945w, https:\/\/www.tucomarca.com\/wordpress\/segunda\/wp-content\/uploads\/2026\/04\/EnguixCementerioPaterna1-300x203.jpg 300w, https:\/\/www.tucomarca.com\/wordpress\/segunda\/wp-content\/uploads\/2026\/04\/EnguixCementerioPaterna1-768x519.jpg 768w\" sizes=\"auto, (max-width: 945px) 100vw, 945px\" \/><\/figure>\n\n\n\n<figure class=\"wp-block-image size-large\"><img loading=\"lazy\" decoding=\"async\" width=\"945\" height=\"638\" data-id=\"297489\" src=\"https:\/\/www.tucomarca.com\/wordpress\/segunda\/wp-content\/uploads\/2026\/04\/EnguixCementerioPaterna2.jpg\" alt=\"\" class=\"wp-image-297489\" srcset=\"https:\/\/www.tucomarca.com\/wordpress\/segunda\/wp-content\/uploads\/2026\/04\/EnguixCementerioPaterna2.jpg 945w, https:\/\/www.tucomarca.com\/wordpress\/segunda\/wp-content\/uploads\/2026\/04\/EnguixCementerioPaterna2-300x203.jpg 300w, https:\/\/www.tucomarca.com\/wordpress\/segunda\/wp-content\/uploads\/2026\/04\/EnguixCementerioPaterna2-768x519.jpg 768w\" sizes=\"auto, (max-width: 945px) 100vw, 945px\" \/><\/figure>\n<\/figure>\n\n\n\n<p><strong>Completar el Memorial de Paterna<\/strong><\/p>\n\n\n\n<p>Por otro lado, la vicepresidenta Enguix aprovech\u00f3 su visita a Paterna para ofrecer al consistorio los recursos de la Diputaci\u00f3n con el fin de abrir un aula de difusi\u00f3n hist\u00f3rica en el Memorial construido por el Consell en el cementerio. Acompa\u00f1ada por la diputada Nuria Campos y el concejal de Protecci\u00f3n a las Personas, Julio Fern\u00e1ndez, la titular de Memoria explor\u00f3 junto a los responsables locales posibles v\u00edas de colaboraci\u00f3n para culminar el Memorial y dotar de contenido el aula expositiva que forma parte de la instalaci\u00f3n. \u201cDesde la Diputaci\u00f3n ponemos a disposici\u00f3n del ayuntamiento nuestros recursos para completar la instalaci\u00f3n, lo que permitir\u00e1 difundir una historia que a menudo queda incompleta y que deben conocer las nuevas generaciones\u201d.<\/p>\n\n\n\n<p>La historia recoge 2.386 personas que fueron fusiladas en el conocido como Pared\u00f3n de Espa\u00f1a, a escasos metros del Memorial. Los restos de los represaliados est\u00e1n siendo recuperados e identificados a trav\u00e9s de proyectos de exhumaci\u00f3n como los que subvenciona la Diputaci\u00f3n a petici\u00f3n de los ayuntamientos o los propios familiares de las v\u00edctimas.<\/p>\n\n\n\n<p>En este sentido, Julio Fern\u00e1ndez agradece la inversi\u00f3n realizada por la Diputaci\u00f3n para exhumar distintas fosas del cementerio, as\u00ed como el respaldo ofrecido para completar el Memorial, que cuenta con un mausoleo para la reinhumaci\u00f3n de los restos extra\u00eddos de las fosas comunes y un espacio expositivo, con una superficie global de unos 800 metros cuadrados. \u201cEl mausoleo se construy\u00f3 en unos terrenos cedidos por el ayuntamiento para dignificar a estas personas que cayeron en el olvido. Las familias pueden solicitar que los restos de sus seres queridos descansen aqu\u00ed\u201d, explica el concejal de Protecci\u00f3n a las Personas.<\/p>\n\n\n\n<p><\/p>\n","protected":false},"excerpt":{"rendered":"<div class=\"mh-excerpt\">La vicepresidenta y responsable de Memoria Democr\u00e1tica propone una ampliaci\u00f3n de cr\u00e9dito de 250.000 euros, que deber\u00e1 votarse en el pleno de la Diputaci\u00f3n, para \u201chacer frente a las numerosas peticiones recibidas\u201d. Desde la creaci\u00f3n <a class=\"mh-excerpt-more\" href=\"https:\/\/www.tucomarca.com\/wordpress\/segunda\/enguix-llevara-a-pleno-el-incremento-del-20-en-las-ayudas-de-memoria-ante-las-solicitudes-de-ayuntamientos-y-asociaciones\/\" title=\"Enguix llevar\u00e1 a pleno el incremento del 20% en las ayudas de Memoria ante las solicitudes de ayuntamientos y asociaciones\">[+] <\/a><\/div>\n","protected":false},"author":12,"featured_media":297491,"comment_status":"closed","ping_status":"open","sticky":false,"template":"","format":"gallery","meta":{"footnotes":""},"categories":[8,72,142,3,45],"tags":[3677,16618],"class_list":{"0":"post-297485","1":"post","2":"type-post","3":"status-publish","4":"format-gallery","5":"has-post-thumbnail","7":"category-la-comarca","8":"category-sin-categorizar","9":"category-politica-la-comarca","10":"category-seccion","11":"category-ventana","12":"tag-diputacio-de-valencia","13":"tag-memoria-democratica","14":"post_format-post-format-gallery"},"_links":{"self":[{"href":"https:\/\/www.tucomarca.com\/wordpress\/segunda\/wp-json\/wp\/v2\/posts\/297485","targetHints":{"allow":["GET"]}}],"collection":[{"href":"https:\/\/www.tucomarca.com\/wordpress\/segunda\/wp-json\/wp\/v2\/posts"}],"about":[{"href":"https:\/\/www.tucomarca.com\/wordpress\/segunda\/wp-json\/wp\/v2\/types\/post"}],"author":[{"embeddable":true,"href":"https:\/\/www.tucomarca.com\/wordpress\/segunda\/wp-json\/wp\/v2\/users\/12"}],"replies":[{"embeddable":true,"href":"https:\/\/www.tucomarca.com\/wordpress\/segunda\/wp-json\/wp\/v2\/comments?post=297485"}],"version-history":[{"count":0,"href":"https:\/\/www.tucomarca.com\/wordpress\/segunda\/wp-json\/wp\/v2\/posts\/297485\/revisions"}],"wp:featuredmedia":[{"embeddable":true,"href":"https:\/\/www.tucomarca.com\/wordpress\/segunda\/wp-json\/wp\/v2\/media\/297491"}],"wp:attachment":[{"href":"https:\/\/www.tucomarca.com\/wordpress\/segunda\/wp-json\/wp\/v2\/media?parent=297485"}],"wp:term":[{"taxonomy":"category","embeddable":true,"href":"https:\/\/www.tucomarca.com\/wordpress\/segunda\/wp-json\/wp\/v2\/categories?post=297485"},{"taxonomy":"post_tag","embeddable":true,"href":"https:\/\/www.tucomarca.com\/wordpress\/segunda\/wp-json\/wp\/v2\/tags?post=297485"}],"curies":[{"name":"wp","href":"https:\/\/api.w.org\/{rel}","templated":true}]}}