{"id":297514,"date":"2026-04-02T09:15:00","date_gmt":"2026-04-02T07:15:00","guid":{"rendered":"https:\/\/www.tucomarca.com\/wordpress\/segunda\/?p=297514"},"modified":"2026-04-02T14:37:30","modified_gmt":"2026-04-02T12:37:30","slug":"bunol-celebra-la-semana-santa-en-las-parroquias-san-pedro-apostol-y-nuestra-senora-de-los-dolores","status":"publish","type":"post","link":"https:\/\/www.tucomarca.com\/wordpress\/segunda\/bunol-celebra-la-semana-santa-en-las-parroquias-san-pedro-apostol-y-nuestra-senora-de-los-dolores\/","title":{"rendered":"Bu\u00f1ol celebra la Semana Santa en las parroquias San Pedro Ap\u00f3stol y Nuestra Se\u00f1ora de los Dolores"},"content":{"rendered":"\n<p>Bu\u00f1ol celebra la Semana Santa en las parroquias de Nuestra Se\u00f1ora de los Dolores y San Pedro Ap\u00f3stol, con un amplio calendario de actos lit\u00fargicos y procesionales.<\/p>\n\n\n\n<p>Las celebraciones ha comenzado eeste Lunes Santo con eucarist\u00edas y actos penitenciales comunitarios, dando paso a una intensa semana marcada por procesiones, viacrucis y celebraciones religiosas.<\/p>\n\n\n\n<p>Uno de los momentos m\u00e1s destacados ha tenido lugar el Mi\u00e9rcoles Santo con la Procesi\u00f3n del Silencio, que ha recorrido las calles desde la iglesia de San Rafael hasta la parroquia de Nuestra Se\u00f1ora de los Dolores, en uno de los actos m\u00e1s solemnes de la programaci\u00f3n.<\/p>\n\n\n\n<p>Durante el Jueves Santo se celebran las misas de la Cena del Se\u00f1or en ambos templos, seguidas de procesiones y la tradicional Hora Santa, mientras que el Viernes Santo estar\u00e1 marcado por los viacrucis, la celebraci\u00f3n de la Pasi\u00f3n y las procesiones del Santo Entierro.<\/p>\n\n\n\n<p>El S\u00e1bado de Gloria se celebrar\u00e1 la solemne Vigilia Pascual en ambas parroquias, uno de los actos centrales del calendario lit\u00fargico.<\/p>\n\n\n\n<p>La programaci\u00f3n culminar\u00e1 el Domingo de Pascua con el tradicional Encuentro en la plaza del Castillo, conocido popularmente como \u201cArrempuj\u00f3n\u201d, seguido de la misa de Resurrecci\u00f3n en la parroquia de San Pedro Ap\u00f3stol.<\/p>\n","protected":false},"excerpt":{"rendered":"<div class=\"mh-excerpt\">Bu\u00f1ol celebra la Semana Santa en las parroquias de Nuestra Se\u00f1ora de los Dolores y San Pedro Ap\u00f3stol, con un amplio calendario de actos lit\u00fargicos y procesionales. Las celebraciones ha comenzado eeste Lunes Santo con <a class=\"mh-excerpt-more\" href=\"https:\/\/www.tucomarca.com\/wordpress\/segunda\/bunol-celebra-la-semana-santa-en-las-parroquias-san-pedro-apostol-y-nuestra-senora-de-los-dolores\/\" title=\"Bu\u00f1ol celebra la Semana Santa en las parroquias San Pedro Ap\u00f3stol y Nuestra Se\u00f1ora de los Dolores\">[+] <\/a><\/div>\n","protected":false},"author":12,"featured_media":216601,"comment_status":"closed","ping_status":"open","sticky":false,"template":"","format":"standard","meta":{"footnotes":""},"categories":[4,18,8,10,7,3],"tags":[10385,5952,24085],"class_list":{"0":"post-297514","1":"post","2":"type-post","3":"status-publish","4":"format-standard","5":"has-post-thumbnail","7":"category-agenda","8":"category-bunol","9":"category-la-comarca","10":"category-la-hoya","11":"category-ocio-y-cultura","12":"category-seccion","13":"tag-bunol","14":"tag-la-hoya-de-bunol-chiva","15":"tag-semana-santa-2026"},"_links":{"self":[{"href":"https:\/\/www.tucomarca.com\/wordpress\/segunda\/wp-json\/wp\/v2\/posts\/297514","targetHints":{"allow":["GET"]}}],"collection":[{"href":"https:\/\/www.tucomarca.com\/wordpress\/segunda\/wp-json\/wp\/v2\/posts"}],"about":[{"href":"https:\/\/www.tucomarca.com\/wordpress\/segunda\/wp-json\/wp\/v2\/types\/post"}],"author":[{"embeddable":true,"href":"https:\/\/www.tucomarca.com\/wordpress\/segunda\/wp-json\/wp\/v2\/users\/12"}],"replies":[{"embeddable":true,"href":"https:\/\/www.tucomarca.com\/wordpress\/segunda\/wp-json\/wp\/v2\/comments?post=297514"}],"version-history":[{"count":0,"href":"https:\/\/www.tucomarca.com\/wordpress\/segunda\/wp-json\/wp\/v2\/posts\/297514\/revisions"}],"wp:featuredmedia":[{"embeddable":true,"href":"https:\/\/www.tucomarca.com\/wordpress\/segunda\/wp-json\/wp\/v2\/media\/216601"}],"wp:attachment":[{"href":"https:\/\/www.tucomarca.com\/wordpress\/segunda\/wp-json\/wp\/v2\/media?parent=297514"}],"wp:term":[{"taxonomy":"category","embeddable":true,"href":"https:\/\/www.tucomarca.com\/wordpress\/segunda\/wp-json\/wp\/v2\/categories?post=297514"},{"taxonomy":"post_tag","embeddable":true,"href":"https:\/\/www.tucomarca.com\/wordpress\/segunda\/wp-json\/wp\/v2\/tags?post=297514"}],"curies":[{"name":"wp","href":"https:\/\/api.w.org\/{rel}","templated":true}]}}