{"id":297526,"date":"2026-04-02T11:00:00","date_gmt":"2026-04-02T09:00:00","guid":{"rendered":"https:\/\/www.tucomarca.com\/wordpress\/segunda\/?p=297526"},"modified":"2026-04-02T12:57:45","modified_gmt":"2026-04-02T10:57:45","slug":"fotogaleria-cheste-rinde-homenaje-a-las-victimas-de-la-dana-con-marcha-civica-y-actos-conmemorativos","status":"publish","type":"post","link":"https:\/\/www.tucomarca.com\/wordpress\/segunda\/fotogaleria-cheste-rinde-homenaje-a-las-victimas-de-la-dana-con-marcha-civica-y-actos-conmemorativos\/","title":{"rendered":"Fotogaler\u00eda: Cheste rinde homenaje a las v\u00edctimas de la DANA con marcha c\u00edvica y actos conmemorativos"},"content":{"rendered":"\n<p>Cheste ha acogido este s\u00e1bado una marcha c\u00edvica en recuerdo de las v\u00edctimas de la DANA del 29 de octubre de 2024, un a\u00f1o y cuatro meses despu\u00e9s de la tragedia. Bajo el lema&nbsp;<strong>\u00abCheste recuerda. Un a\u00f1o despu\u00e9s de la DANA\u00bb<\/strong>, la jornada reuni\u00f3 a familiares de las v\u00edctimas, autoridades locales y vecinos del municipio en un recorrido que combin\u00f3 memoria, reflexi\u00f3n y solidaridad.<\/p>\n\n\n\n<p>El acto comenz\u00f3 con la&nbsp;<strong>inauguraci\u00f3n de la exposici\u00f3n \u2018DANA 24\u2019<\/strong>, del fot\u00f3grafo&nbsp;<strong>H\u00e9ctor Murgui Luna<\/strong>, instalada en andamios a lo largo del recorrido. La muestra documenta los efectos del barranco y el impacto humano y material de la DANA, y permanecer\u00e1 abierta al p\u00fablico durante 20 d\u00edas. Para H\u00e9ctor Murgui esta exposici\u00f3n \u201cbusca transformar el recuerdo en conciencia y reflexi\u00f3n. Cada imagen es un testimonio de la tragedia, pero tambi\u00e9n de la fuerza y solidaridad de la comunidad.\u201d<\/p>\n\n\n\n<p>La&nbsp;<strong>Jove Muixeranga de Valencia<\/strong>&nbsp;inici\u00f3 la marcha por las calles Plaza Doctor Cajal, Julio Tar\u00edn, Chiva y Cueva Santa, levantando torres humanas como s\u00edmbolo de fuerza colectiva y cohesi\u00f3n social. Durante el trayecto, los asistentes pudieron contemplar la exposici\u00f3n y reflexionar sobre los hechos vividos.<\/p>\n\n\n\n<p>En la&nbsp;<strong>rotonda de la carretera de Ll\u00edria<\/strong>, se inaugur\u00f3 la&nbsp;<strong>escultura conmemorativa<\/strong>&nbsp;del chestano&nbsp;<strong>Adolfo Ib\u00e1\u00f1ez Andr\u00e9s<\/strong>, un s\u00edmbolo de memoria y resiliencia. El escultor&nbsp;destac\u00f3 la importancia de la memoria colectiva, mientras que <strong>Ernesto Mart\u00ednez Alfaro<\/strong>, en representaci\u00f3n de las v\u00edctimas, compartieron sus reflexiones \u201cHoy rendimos un homenaje a 230 persones que no ten\u00edan por qu\u00e9 morir si alguien hubiera hecho su trabajo. Pero hoy estamos para homenajear y dignificar la vida de estas personas, como las de mi hermana y mi sobrina\u201d. Mart\u00ednez tambi\u00e9n relat\u00f3, emocionado, que \u201cmi hermana y mi sobrina estuvieron grabando su muerte en directo. A mi hermana la encontraron 12 d\u00edas despu\u00e9s, pero 17 meses despu\u00e9s mi sobrina sigue desaparecida. Siguen buscando, y conf\u00edo en la palabra de las personas que est\u00e1n haciendo tres turnos al d\u00eda para poder encontrarla\u201d. Finaliz\u00f3 su intervenci\u00f3n agradeciendo el homenaje organizado por el Ayuntamiento, \u201cque me llena de orgullo vivir en este pueblo\u201d.<\/p>\n\n\n\n<p>El Ayuntamiento realiz\u00f3 una&nbsp;<strong>ofrenda floral<\/strong>&nbsp;en homenaje a las v\u00edctimas, acompa\u00f1ada por familiares, autoridades locales y miembros de Polic\u00eda y Protecci\u00f3n Civil. La jornada concluy\u00f3 con la&nbsp;<strong>Jove Muixeranga<\/strong>&nbsp;levantando nuevamente una torre humana, s\u00edmbolo de resiliencia y uni\u00f3n.<\/p>\n\n\n\n<p>La&nbsp;<strong>teniente de alcalde, M\u00aa \u00c1ngeles Llorente<\/strong>, subray\u00f3 que \u201ceste acto de homenaje a las v\u00edctimas no solo es necesario, es un deber moral ineludible. Hoy acompa\u00f1amos su dolor, que tambi\u00e9n es el de toda la sociedad, y reafirmamos nuestro compromiso firme e irrenunciable con su lucha por la verdad, la justicia y la reparaci\u00f3n. No podemos ni debemos olvidar lo ocurrido. Recordar es una forma de hacer justicia, pero tambi\u00e9n de asumir la responsabilidad de que algo as\u00ed no vuelva a suceder. Por ello, es imprescindible poner todos los medios necesarios, reforzar la prevenci\u00f3n, mejorar la respuesta institucional y garantizar que nunca m\u00e1s una tragedia de estas caracter\u00edsticas vuelva a repetirse\u201d.<\/p>\n\n\n\n<p>El alcalde de Cheste, <strong>Jos\u00e9 Morell<\/strong>, se\u00f1al\u00f3 que \u201cun a\u00f1o y cuatro meses despu\u00e9s, seguimos sintiendo muy cerca aquel d\u00eda que cambi\u00f3 nuestra historia reciente. La DANA dej\u00f3 una herida profunda en nuestro municipio y en nuestras vidas, una herida que no se cierra con el paso del tiempo, sino con la memoria compartida, el respeto y el acompa\u00f1amiento mutuo\u201d. Morell destac\u00f3 que \u201cesta marcha c\u00edvica y todos los actos que hemos celebrado hoy buscan honrar la dignidad de quienes lo perdieron todo y fortalecer nuestra memoria colectiva\u201d. Asimismo, subray\u00f3 que \u201ceste acto no es solo un homenaje; es un compromiso. Un compromiso con las familias, con la verdad y con la justicia. Un compromiso para que ninguna tragedia como esta vuelva a repetirse\u201d.<\/p>\n\n\n\n<p>El acto, inicialmente previsto para diciembre, se aplaz\u00f3 por inclemencias meteorol\u00f3gicas y se enmarca dentro de las iniciativas del municipio para&nbsp;<strong>reforzar la memoria colectiva y acompa\u00f1ar a las personas afectadas por la DANA<\/strong>.<\/p>\n\n\n\n<figure class=\"wp-block-gallery has-nested-images columns-2 is-cropped wp-block-gallery-1 is-layout-flex wp-block-gallery-is-layout-flex\">\n<figure class=\"wp-block-image size-large\"><img loading=\"lazy\" decoding=\"async\" width=\"945\" height=\"638\" data-id=\"297531\" src=\"https:\/\/www.tucomarca.com\/wordpress\/segunda\/wp-content\/uploads\/2026\/04\/ChesteHomenajeDana01.jpg\" alt=\"\" class=\"wp-image-297531\" srcset=\"https:\/\/www.tucomarca.com\/wordpress\/segunda\/wp-content\/uploads\/2026\/04\/ChesteHomenajeDana01.jpg 945w, https:\/\/www.tucomarca.com\/wordpress\/segunda\/wp-content\/uploads\/2026\/04\/ChesteHomenajeDana01-300x203.jpg 300w, https:\/\/www.tucomarca.com\/wordpress\/segunda\/wp-content\/uploads\/2026\/04\/ChesteHomenajeDana01-768x519.jpg 768w\" sizes=\"auto, (max-width: 945px) 100vw, 945px\" \/><\/figure>\n\n\n\n<figure class=\"wp-block-image size-large\"><img loading=\"lazy\" decoding=\"async\" width=\"945\" height=\"638\" data-id=\"297535\" src=\"https:\/\/www.tucomarca.com\/wordpress\/segunda\/wp-content\/uploads\/2026\/04\/ChesteHomenajeDana03.jpg\" alt=\"\" class=\"wp-image-297535\" srcset=\"https:\/\/www.tucomarca.com\/wordpress\/segunda\/wp-content\/uploads\/2026\/04\/ChesteHomenajeDana03.jpg 945w, https:\/\/www.tucomarca.com\/wordpress\/segunda\/wp-content\/uploads\/2026\/04\/ChesteHomenajeDana03-300x203.jpg 300w, https:\/\/www.tucomarca.com\/wordpress\/segunda\/wp-content\/uploads\/2026\/04\/ChesteHomenajeDana03-768x519.jpg 768w\" sizes=\"auto, (max-width: 945px) 100vw, 945px\" \/><\/figure>\n\n\n\n<figure class=\"wp-block-image size-large\"><img loading=\"lazy\" decoding=\"async\" width=\"945\" height=\"638\" data-id=\"297537\" src=\"https:\/\/www.tucomarca.com\/wordpress\/segunda\/wp-content\/uploads\/2026\/04\/ChesteHomenajeDana04.jpg\" alt=\"\" class=\"wp-image-297537\" srcset=\"https:\/\/www.tucomarca.com\/wordpress\/segunda\/wp-content\/uploads\/2026\/04\/ChesteHomenajeDana04.jpg 945w, https:\/\/www.tucomarca.com\/wordpress\/segunda\/wp-content\/uploads\/2026\/04\/ChesteHomenajeDana04-300x203.jpg 300w, https:\/\/www.tucomarca.com\/wordpress\/segunda\/wp-content\/uploads\/2026\/04\/ChesteHomenajeDana04-768x519.jpg 768w\" sizes=\"auto, (max-width: 945px) 100vw, 945px\" \/><\/figure>\n\n\n\n<figure class=\"wp-block-image size-large\"><img loading=\"lazy\" decoding=\"async\" width=\"945\" height=\"638\" data-id=\"297539\" src=\"https:\/\/www.tucomarca.com\/wordpress\/segunda\/wp-content\/uploads\/2026\/04\/ChesteHomenajeDana05.jpg\" alt=\"\" class=\"wp-image-297539\" srcset=\"https:\/\/www.tucomarca.com\/wordpress\/segunda\/wp-content\/uploads\/2026\/04\/ChesteHomenajeDana05.jpg 945w, https:\/\/www.tucomarca.com\/wordpress\/segunda\/wp-content\/uploads\/2026\/04\/ChesteHomenajeDana05-300x203.jpg 300w, https:\/\/www.tucomarca.com\/wordpress\/segunda\/wp-content\/uploads\/2026\/04\/ChesteHomenajeDana05-768x519.jpg 768w\" sizes=\"auto, (max-width: 945px) 100vw, 945px\" \/><\/figure>\n\n\n\n<figure class=\"wp-block-image size-large\"><img loading=\"lazy\" decoding=\"async\" width=\"945\" height=\"638\" data-id=\"297541\" src=\"https:\/\/www.tucomarca.com\/wordpress\/segunda\/wp-content\/uploads\/2026\/04\/ChesteHomenajeDana06.jpg\" alt=\"\" class=\"wp-image-297541\" srcset=\"https:\/\/www.tucomarca.com\/wordpress\/segunda\/wp-content\/uploads\/2026\/04\/ChesteHomenajeDana06.jpg 945w, https:\/\/www.tucomarca.com\/wordpress\/segunda\/wp-content\/uploads\/2026\/04\/ChesteHomenajeDana06-300x203.jpg 300w, https:\/\/www.tucomarca.com\/wordpress\/segunda\/wp-content\/uploads\/2026\/04\/ChesteHomenajeDana06-768x519.jpg 768w\" sizes=\"auto, (max-width: 945px) 100vw, 945px\" \/><\/figure>\n\n\n\n<figure class=\"wp-block-image size-large\"><img loading=\"lazy\" decoding=\"async\" width=\"945\" height=\"638\" data-id=\"297543\" src=\"https:\/\/www.tucomarca.com\/wordpress\/segunda\/wp-content\/uploads\/2026\/04\/ChesteHomenajeDana07.jpg\" alt=\"\" class=\"wp-image-297543\" srcset=\"https:\/\/www.tucomarca.com\/wordpress\/segunda\/wp-content\/uploads\/2026\/04\/ChesteHomenajeDana07.jpg 945w, https:\/\/www.tucomarca.com\/wordpress\/segunda\/wp-content\/uploads\/2026\/04\/ChesteHomenajeDana07-300x203.jpg 300w, https:\/\/www.tucomarca.com\/wordpress\/segunda\/wp-content\/uploads\/2026\/04\/ChesteHomenajeDana07-768x519.jpg 768w\" sizes=\"auto, (max-width: 945px) 100vw, 945px\" \/><\/figure>\n<\/figure>\n","protected":false},"excerpt":{"rendered":"<div class=\"mh-excerpt\">Cheste ha acogido este s\u00e1bado una marcha c\u00edvica en recuerdo de las v\u00edctimas de la DANA del 29 de octubre de 2024, un a\u00f1o y cuatro meses despu\u00e9s de la tragedia. Bajo el lema&nbsp;\u00abCheste recuerda. <a class=\"mh-excerpt-more\" href=\"https:\/\/www.tucomarca.com\/wordpress\/segunda\/fotogaleria-cheste-rinde-homenaje-a-las-victimas-de-la-dana-con-marcha-civica-y-actos-conmemorativos\/\" title=\"Fotogaler\u00eda: Cheste rinde homenaje a las v\u00edctimas de la DANA con marcha c\u00edvica y actos conmemorativos\">[+] <\/a><\/div>\n","protected":false},"author":12,"featured_media":297533,"comment_status":"closed","ping_status":"open","sticky":false,"template":"","format":"gallery","meta":{"footnotes":""},"categories":[17,21465,8,72,10,5,7,3],"tags":[339,12831,5952],"class_list":{"0":"post-297526","1":"post","2":"type-post","3":"status-publish","4":"format-gallery","5":"has-post-thumbnail","7":"category-cheste","8":"category-dana","9":"category-la-comarca","10":"category-sin-categorizar","11":"category-la-hoya","12":"category-la-semana-en-imagenes","13":"category-ocio-y-cultura","14":"category-seccion","15":"tag-cheste-2","16":"tag-dana-2","17":"tag-la-hoya-de-bunol-chiva","18":"post_format-post-format-gallery"},"_links":{"self":[{"href":"https:\/\/www.tucomarca.com\/wordpress\/segunda\/wp-json\/wp\/v2\/posts\/297526","targetHints":{"allow":["GET"]}}],"collection":[{"href":"https:\/\/www.tucomarca.com\/wordpress\/segunda\/wp-json\/wp\/v2\/posts"}],"about":[{"href":"https:\/\/www.tucomarca.com\/wordpress\/segunda\/wp-json\/wp\/v2\/types\/post"}],"author":[{"embeddable":true,"href":"https:\/\/www.tucomarca.com\/wordpress\/segunda\/wp-json\/wp\/v2\/users\/12"}],"replies":[{"embeddable":true,"href":"https:\/\/www.tucomarca.com\/wordpress\/segunda\/wp-json\/wp\/v2\/comments?post=297526"}],"version-history":[{"count":0,"href":"https:\/\/www.tucomarca.com\/wordpress\/segunda\/wp-json\/wp\/v2\/posts\/297526\/revisions"}],"wp:featuredmedia":[{"embeddable":true,"href":"https:\/\/www.tucomarca.com\/wordpress\/segunda\/wp-json\/wp\/v2\/media\/297533"}],"wp:attachment":[{"href":"https:\/\/www.tucomarca.com\/wordpress\/segunda\/wp-json\/wp\/v2\/media?parent=297526"}],"wp:term":[{"taxonomy":"category","embeddable":true,"href":"https:\/\/www.tucomarca.com\/wordpress\/segunda\/wp-json\/wp\/v2\/categories?post=297526"},{"taxonomy":"post_tag","embeddable":true,"href":"https:\/\/www.tucomarca.com\/wordpress\/segunda\/wp-json\/wp\/v2\/tags?post=297526"}],"curies":[{"name":"wp","href":"https:\/\/api.w.org\/{rel}","templated":true}]}}