{"id":297561,"date":"2026-04-02T12:00:00","date_gmt":"2026-04-02T10:00:00","guid":{"rendered":"https:\/\/www.tucomarca.com\/wordpress\/segunda\/?p=297561"},"modified":"2026-04-02T15:00:51","modified_gmt":"2026-04-02T13:00:51","slug":"josep-gil-nuevo-director-de-la-artistica-de-bunol-este-concierto-es-el-primer-paso-de-muchos-y-espero-conseguir-que-los-musicos-crean-en-el-proyecto-tanto-como-yo","status":"publish","type":"post","link":"https:\/\/www.tucomarca.com\/wordpress\/segunda\/josep-gil-nuevo-director-de-la-artistica-de-bunol-este-concierto-es-el-primer-paso-de-muchos-y-espero-conseguir-que-los-musicos-crean-en-el-proyecto-tanto-como-yo\/","title":{"rendered":"Josep Gil, nuevo director de \u00abLa Art\u00edstica\u00bb de Bu\u00f1ol: \u00abEste concierto es el primer paso de muchos y espero conseguir que los m\u00fasicos crean en el proyecto tanto como yo\u00bb"},"content":{"rendered":"\n<h3 class=\"wp-block-heading\">Josep Gil se estrena este s\u00e1bado al frente de la banda sinf\u00f3nica de \u00abLa Art\u00edstica\u00bb en el aniversario del teatro Montecarlo, \u201cdonde se siente la pasi\u00f3n y devoci\u00f3n por esta banda\u201d, seg\u00fan \u00e9l mismo ha confesado.<\/h3>\n\n\n\n<h3 class=\"wp-block-heading\">Aunque dice no ser profeta en su tierra, Josep Gil Gil es Director Art\u00edstico del Ciclo de m\u00fasica cl\u00e1sica Crea Escena Vila-real, acercando a su ciudad natal la m\u00fasica cl\u00e1sica, en un cita que celebrar\u00e1 su s\u00e9ptima edici\u00f3n en 2026. Este a\u00f1o estar\u00e1 marcado por el arranque de un nuevo reto musical, asumiendo la direcci\u00f3n de la Banda Sinf\u00f3nica de \u00abLa Art\u00edstica\u00bb.<\/h3>\n\n\n<div class=\"wp-block-image\">\n<figure class=\"alignleft size-large is-resized\"><img loading=\"lazy\" decoding=\"async\" width=\"683\" height=\"1024\" src=\"https:\/\/www.tucomarca.com\/wordpress\/segunda\/wp-content\/uploads\/2026\/04\/FeosDirJosepGilGil-683x1024.jpg\" alt=\"\" class=\"wp-image-297567\" style=\"width:330px;height:auto\" srcset=\"https:\/\/www.tucomarca.com\/wordpress\/segunda\/wp-content\/uploads\/2026\/04\/FeosDirJosepGilGil-683x1024.jpg 683w, https:\/\/www.tucomarca.com\/wordpress\/segunda\/wp-content\/uploads\/2026\/04\/FeosDirJosepGilGil-200x300.jpg 200w, https:\/\/www.tucomarca.com\/wordpress\/segunda\/wp-content\/uploads\/2026\/04\/FeosDirJosepGilGil-768x1152.jpg 768w, https:\/\/www.tucomarca.com\/wordpress\/segunda\/wp-content\/uploads\/2026\/04\/FeosDirJosepGilGil-1024x1536.jpg 1024w, https:\/\/www.tucomarca.com\/wordpress\/segunda\/wp-content\/uploads\/2026\/04\/FeosDirJosepGilGil.jpg 1365w\" sizes=\"auto, (max-width: 683px) 100vw, 683px\" \/><\/figure>\n<\/div>\n\n\n<p>\u2014 <strong>\u00bfC\u00f3mo llega la m\u00fasica a tu vida?<\/strong><\/p>\n\n\n\n<p>\u2014 Comienzo muy joven en Villarreal, por supuesto en el mundo de la banda y, aunque era un enamorado del saxof\u00f3n, ten\u00eda alma cl\u00e1sica, el repertorio orquestal me parec\u00eda incre\u00edble.<\/p>\n\n\n\n<p>\u2014 <strong>\u00bfCuando descubres que tu pasi\u00f3n es la direcci\u00f3n?<\/strong><\/p>\n\n\n\n<p>\u2014 Sobre los 15 a\u00f1os me doy cuenta que quiero ser director y con 18 a\u00f1os asumo la direcci\u00f3n de la Banda Juvenil de mi sociedad. En esa \u00e9poca tengo la suerte de participar en Masterclass de verano con Henrie Adams, Salva Sebasti\u00e0 o Jose Rafael Pascual-Vilaplana, entre otros, y aunque acab\u00e9 la carrera de saxof\u00f3n con Matr\u00edcula de Honor, cerr\u00e9 el instrumento y me march\u00e9 a Estonia a estudiar direcci\u00f3n de orquesta y coro. All\u00ed es donde descubro el mundo de la direcci\u00f3n y mi pasi\u00f3n por \u00e9l. Tras acabar mis estudios, descubro el mundo de la \u00f3pera al entrar como director asistente de la \u00d3pera Real de Valonia, en B\u00e9lgica.\u00a0<\/p>\n\n\n\n<p>\u2014 <strong>\u00bfEn qu\u00e9 director te miras?<\/strong><\/p>\n\n\n\n<p><strong>\u2014<\/strong> Hay muchos directores que admiro pero lo \u00faltimo que quer\u00eda cuando decid\u00ed dedicarme a ello es ser \u201cuna copia de\u201d. Mi primer mentor, Jes\u00fas L\u00f3pez Cobos, me emocionaba en los ensayos y desde ah\u00ed, he tenido la suerte de poder viajar y disfrutar de grandes directores como Andr\u00e9s Orozco-Estrada, Andris Nelsons, Simon Rattle, Edwrad Gardner o Paavo J\u00e4rvi. Adem\u00e1s, he tenido la suerte de trabajar con grandes directores Daniel Oren, Gustavo Gimeno o Gustavo Dudamel. Es fascinante su t\u00e9cnica y me gustar\u00eda llegar a ser tan grande como ellos, pero a mi manera. Tienes que ser uno mismo para convencer al m\u00fasico, no puedes impostar, tienes que sentirlo y transmitirlo. Esta profesi\u00f3n es una carrera de fondo, hay que trabajar muy duro y no dejar de formarse. La direcci\u00f3n debe ser motivaci\u00f3n, creaci\u00f3n y tiene una faceta divulgativa muy importante y por ello, le tengo mucho respeto a la figura del director. Debe ser capaz de fascinar tanto al m\u00fasico como al p\u00fablico, con sonidos que quiz\u00e1s sean desconocidos para ellos y de los que deben enamorarse.<\/p>\n\n\n\n<p>\u2014 <strong>\u00bfQu\u00e9 opinas del repertorio original para Banda Sinf\u00f3nica?<\/strong><\/p>\n\n\n\n<p>\u2014 He trabajado menos este repertorio as\u00ed que lo estoy descubriendo a este nivel semiprofesional y es fascinante. Escucho mucho a Salvador Sebasti\u00e0, nuestro Director Art\u00edstico, al que tengo mucho respeto. Es un repertorio con una paleta de colores incre\u00edbles, que se aproxima a la del repertorio orquestal del siglo XX, aunque mucho m\u00e1s rico en el plano de la percusi\u00f3n, por ejemplo, y si consigues llevarlo al m\u00e1ximo interpretativo, puede ser incre\u00edble. El mundo sinf\u00f3nico de la banda del siglo XXI es un paso m\u00e1s all\u00e1.\u00a0<\/p>\n\n\n\n<p>\u2014 <strong>\u00bfConoc\u00edas a \u00abLa Art\u00edstica\u00bb?<\/strong><\/p>\n\n\n\n<p><strong>\u2014<\/strong> Como m\u00fasico formado en un banda hab\u00eda oido hablar de esta banda. Tuve la suerte de estar el pasado a\u00f1o en el &#8216;Mano a mano&#8217; y descubrir su potencial en primera persona. Tengo el sonido de banda muy presente, he crecido con \u00e9l, y cuando comenz\u00f3 a sonar \u201cElytra\u201d de Paul Dooley, fue un shock. No escuchaba a una banda, era algo m\u00e1s. Las articulaciones de la cuerda de viento madera, la nitidez de los metales y los planos sonoros, fue incre\u00edble. No hab\u00eda escuchado nada a ese nivel en un auditorio al aire libre. Tras escuchar ese concierto y surgir la oportunidad, me atra\u00eda mucho el proyecto, aunque sinceramente, cuando me present\u00e9 a la selecci\u00f3n, pensaba que no ser\u00eda elegido porque no he dirigido a ninguna banda antes. Vengo del mundo de la orquesta y pens\u00e9 que quiz\u00e1s se valorar\u00eda m\u00e1s en ese punto de mi curr\u00edculum.<\/p>\n\n\n\n<p>\u2014 <strong>Como parte del proceso de selecci\u00f3n tuviste la oportunidad de dirigir el Concierto de Santa Cecilia, \u00bfc\u00f3mo te sentiste sobre la tarima de Montecarlo?<\/strong><\/p>\n\n\n\n<p><strong>\u2014<\/strong> Sent\u00ed mucho respeto por la instituci\u00f3n, su historia y su tradici\u00f3n. No conoc\u00eda el Teatro Montecarlo, lo descubr\u00ed en la entrevista personal y en \u00e9l se siente la pasi\u00f3n y devoci\u00f3n por esta banda. Para ese concierto escog\u00ed un repertorio muy complicado que se mont\u00f3 en s\u00f3lo dos ensayos y medio. Ya en el segundo ensayo sent\u00ed que los m\u00fasicos estaban dando el m\u00e1ximo, y fue una sorpresa muy grata, emocion\u00e1ndose a\u00fan m\u00e1s por el proyecto.<\/p>\n\n\n\n<p>\u2014 <strong>\u00bfC\u00f3mo est\u00e1n siendo estos primeros meses de trabajo?<\/strong><\/p>\n\n\n\n<p><strong>\u2014<\/strong> Est\u00e1n siendo semanas de conocernos, despu\u00e9s de una primera toma de contacto express. Ahora empieza la relaci\u00f3n, el d\u00eda a d\u00eda, y se planifica diferente. Estoy trabajando mucho la concentraci\u00f3n, ensayar c\u00f3mo se va a tocar en el concierto, experimentar la emoci\u00f3n, que sientan esas mariposas en el est\u00f3mago. Espero que esos j\u00f3venes que acaban de llegar a la banda mantengan su pasi\u00f3n por la m\u00fasica durante muchos a\u00f1os. Es muy importante que el proyecto les enamore y que, aunque quiz\u00e1s no se dediquen profesionalmente a la m\u00fasica, contin\u00faen en la banda como grandes amantes de la m\u00fasica.<\/p>\n\n\n\n<p>\u2014 <strong>Este pr\u00f3ximo 4 de abril ser\u00e1 tu primer concierto como Director titular de \u201cLos Feos\u201d. H\u00e1blanos un poco del repertorio escogido para celebrar el Aniversario de Montecarlo.<\/strong><\/p>\n\n\n\n<p><strong>\u2014<\/strong> Me he decidido por un repertorio completamente original para banda, girando sobre la figura de Gaud\u00ed, en el centenario de su muerte, y el proceso de creaci\u00f3n de una catedral. Abrir\u00e1 \u201cTeatro Montecarlo\u201d de Aurelio P\u00e9rez Perell\u00f3, con much\u00edsimo cari\u00f1o y respeto por esta Sociedad, simbolizando la creaci\u00f3n en s\u00ed del edificio. Le seguir\u00e1 \u201cImaginaciones\u201d de Hardy Mertens, con arreglo de Ximo Tar\u00edn Mic\u00f3, que recrea ese mundo irreal lleno de ideas y enso\u00f1aciones, que llevan a crear de la nada algo grandioso. Y la primera parte se cierra con \u201cLes f\u00e0briques\u201d de Rafael Beltr\u00e1n Moner, celebrando su 90 aniversario. Ten\u00eda claro que su obra ten\u00eda que estar en mi primer concierto como titular. Ambos somos de Vila-real y crec\u00ed con un respeto enorme a su figura. Es un compositor para banda que ha conseguido convertir motivos populares en sinf\u00f3nicos, creando obras descriptivas incre\u00edbles. Con 18 a\u00f1os me dijo que deb\u00eda dedicarme a la direcci\u00f3n y le tengo much\u00edsimo cari\u00f1o. Pude estar con \u00e9l en el estreno de esta obra por la Banda Municipal de Castell\u00f3n en 2012 y es un honor dirigirla. En la segunda parte, sonar\u00e1 \u201cThe Great Spirit (El Gaudir del Geni)\u201d de Ferrer Ferran, sin duda, una de las figuras de la composici\u00f3n valenciana m\u00e1s internacional. Esta tercera sinfon\u00eda, inspirada en Gaud\u00ed, es colosal, como la Sagrada Familia. Tengo un v\u00ednculo muy emotivo con su banda, la Primitiva de Paiporta, a quienes conoc\u00ed con motivo del concierto que la Filarm\u00f3nica de Gran Canaria ofreci\u00f3 en beneficio de esta Sociedad tras la DANA, y que me acompa\u00f1ar\u00e1n en este primer concierto dirigiendo a La Art\u00edstica.<\/p>\n\n\n\n<p>\u2014 <strong>\u00bfC\u00f3mo ves tu futuro al frente de \u201cLos Feos\u201d?<\/strong><\/p>\n\n\n\n<p><strong>\u2014<\/strong> Este concierto es el primer paso de muchos y espero conseguir que los m\u00fasicos crean en el proyecto tanto como yo. Me ilusionaba much\u00edsimo antes de llegar y el d\u00eda a d\u00eda sigue ilusion\u00e1ndome, por lo que voy a intentar dar el 200%, como en todos los proyectos que emprendo. Me siento afortunado de trabajar con gente extraordinaria a nivel musical y sobre todo personal, en esta Sociedad.<br>Ojal\u00e1 mi legado en esta banda sea conseguir un buen trabajo t\u00e9cnico y que el nivel interpretativo sea extraordinario.\u00a0<\/p>\n\n\n\n<figure class=\"wp-block-image size-large\"><img loading=\"lazy\" decoding=\"async\" width=\"724\" height=\"1024\" src=\"https:\/\/www.tucomarca.com\/wordpress\/segunda\/wp-content\/uploads\/2026\/04\/ConciertoLXXIII-AniversarioMontecarlo-724x1024.jpg\" alt=\"\" class=\"wp-image-297570\" srcset=\"https:\/\/www.tucomarca.com\/wordpress\/segunda\/wp-content\/uploads\/2026\/04\/ConciertoLXXIII-AniversarioMontecarlo-724x1024.jpg 724w, https:\/\/www.tucomarca.com\/wordpress\/segunda\/wp-content\/uploads\/2026\/04\/ConciertoLXXIII-AniversarioMontecarlo-212x300.jpg 212w, https:\/\/www.tucomarca.com\/wordpress\/segunda\/wp-content\/uploads\/2026\/04\/ConciertoLXXIII-AniversarioMontecarlo-768x1086.jpg 768w, https:\/\/www.tucomarca.com\/wordpress\/segunda\/wp-content\/uploads\/2026\/04\/ConciertoLXXIII-AniversarioMontecarlo.jpg 886w\" sizes=\"auto, (max-width: 724px) 100vw, 724px\" \/><\/figure>\n","protected":false},"excerpt":{"rendered":"<div class=\"mh-excerpt\">Josep Gil se estrena este s\u00e1bado al frente de la banda sinf\u00f3nica de \u00abLa Art\u00edstica\u00bb en el aniversario del teatro Montecarlo, \u201cdonde se siente la pasi\u00f3n y devoci\u00f3n por esta banda\u201d, seg\u00fan \u00e9l mismo ha <a class=\"mh-excerpt-more\" href=\"https:\/\/www.tucomarca.com\/wordpress\/segunda\/josep-gil-nuevo-director-de-la-artistica-de-bunol-este-concierto-es-el-primer-paso-de-muchos-y-espero-conseguir-que-los-musicos-crean-en-el-proyecto-tanto-como-yo\/\" title=\"Josep Gil, nuevo director de \u00abLa Art\u00edstica\u00bb de Bu\u00f1ol: \u00abEste concierto es el primer paso de muchos y espero conseguir que los m\u00fasicos crean en el proyecto tanto como yo\u00bb\">[+] <\/a><\/div>\n","protected":false},"author":12,"featured_media":297565,"comment_status":"closed","ping_status":"open","sticky":false,"template":"","format":"standard","meta":{"footnotes":""},"categories":[18,66,8,10,7,3,45],"tags":[10385,23673,5952,10559],"class_list":{"0":"post-297561","1":"post","2":"type-post","3":"status-publish","4":"format-standard","5":"has-post-thumbnail","7":"category-bunol","8":"category-musica","9":"category-la-comarca","10":"category-la-hoya","11":"category-ocio-y-cultura","12":"category-seccion","13":"category-ventana","14":"tag-bunol","15":"tag-josep-gil-gil","16":"tag-la-hoya-de-bunol-chiva","17":"tag-sm-la-artistica-de-bunol"},"_links":{"self":[{"href":"https:\/\/www.tucomarca.com\/wordpress\/segunda\/wp-json\/wp\/v2\/posts\/297561","targetHints":{"allow":["GET"]}}],"collection":[{"href":"https:\/\/www.tucomarca.com\/wordpress\/segunda\/wp-json\/wp\/v2\/posts"}],"about":[{"href":"https:\/\/www.tucomarca.com\/wordpress\/segunda\/wp-json\/wp\/v2\/types\/post"}],"author":[{"embeddable":true,"href":"https:\/\/www.tucomarca.com\/wordpress\/segunda\/wp-json\/wp\/v2\/users\/12"}],"replies":[{"embeddable":true,"href":"https:\/\/www.tucomarca.com\/wordpress\/segunda\/wp-json\/wp\/v2\/comments?post=297561"}],"version-history":[{"count":0,"href":"https:\/\/www.tucomarca.com\/wordpress\/segunda\/wp-json\/wp\/v2\/posts\/297561\/revisions"}],"wp:featuredmedia":[{"embeddable":true,"href":"https:\/\/www.tucomarca.com\/wordpress\/segunda\/wp-json\/wp\/v2\/media\/297565"}],"wp:attachment":[{"href":"https:\/\/www.tucomarca.com\/wordpress\/segunda\/wp-json\/wp\/v2\/media?parent=297561"}],"wp:term":[{"taxonomy":"category","embeddable":true,"href":"https:\/\/www.tucomarca.com\/wordpress\/segunda\/wp-json\/wp\/v2\/categories?post=297561"},{"taxonomy":"post_tag","embeddable":true,"href":"https:\/\/www.tucomarca.com\/wordpress\/segunda\/wp-json\/wp\/v2\/tags?post=297561"}],"curies":[{"name":"wp","href":"https:\/\/api.w.org\/{rel}","templated":true}]}}