{"id":297573,"date":"2026-04-02T11:00:00","date_gmt":"2026-04-02T09:00:00","guid":{"rendered":"https:\/\/www.tucomarca.com\/wordpress\/segunda\/?p=297573"},"modified":"2026-04-02T15:06:12","modified_gmt":"2026-04-02T13:06:12","slug":"cheste-celebra-un-fin-de-semana-cultural-dedicado-a-la-memoria-historica","status":"publish","type":"post","link":"https:\/\/www.tucomarca.com\/wordpress\/segunda\/cheste-celebra-un-fin-de-semana-cultural-dedicado-a-la-memoria-historica\/","title":{"rendered":"Cheste celebra un fin de semana cultural dedicado a la memoria hist\u00f3rica"},"content":{"rendered":"\n<h3 class=\"wp-block-heading\">La representaci\u00f3n de Romancero Gitano el s\u00e1bado y la proyecci\u00f3n de \u00abLa invasi\u00f3n de los b\u00e1rbaros\u00bb, el domingo, pusieron a la cultura a la vanguardia de la reivindicaci\u00f3n de la memoria hist\u00f3rica.<\/h3>\n\n\n\n<p>El municipio de Cheste ha vivido un fin de semana dedicado a la memoria, la cultura y el ocio, con actividades que han unido homenaje, reflexi\u00f3n y entretenimiento para vecinos y visitantes.<\/p>\n\n\n\n<p>El&nbsp;28 de marzo, el Teatro Liceo dio la bienvenida al grupo&nbsp;<strong>Carasses Teatro<\/strong>, procedente de Elda (Alicante), para presentar&nbsp;<strong>\u201cRomancero Gitano\u201d<\/strong>, de Federico Garc\u00eda Lorca. La obra, bajo la direcci\u00f3n de Antonio Santos, ofreci\u00f3 una interpretaci\u00f3n intensa y evocadora en la que la poes\u00eda, la danza y el teatro se funden en un latido com\u00fan. La escenograf\u00eda sugerente y la iluminaci\u00f3n expresiva transformaron el escenario en una sucesi\u00f3n de cuadros po\u00e9ticos, mientras que la sensibilidad interpretativa de Charo Moreno y Dami\u00e1n Varea, junto con la fuerza expresiva de los bailarines Ana Gonz\u00e1lez y Luis Mart\u00ednez, hicieron de la funci\u00f3n una experiencia inolvidable.<\/p>\n\n\n\n<p><strong>Federico Garc\u00eda Lorca<\/strong>, nacido en Fuente Vaqueros (Granada) en 1898 y asesinado en 1936, es una figura central de la Generaci\u00f3n del 27 y uno de los dramaturgos y poetas m\u00e1s influyentes de la literatura espa\u00f1ola del siglo XX. Su obra&nbsp;<strong>\u201cRomancero Gitano\u201d<\/strong>&nbsp;retrata la vida andaluza con intensidad m\u00edtica y sigue siendo un legado universal de pasi\u00f3n, tragedia y belleza que conecta con la memoria colectiva. La compa\u00f1\u00eda Carasses Teatro ha sido reconocida con numerosos premios nacionales por este montaje, destacando su excelencia en montaje, interpretaci\u00f3n y escenograf\u00eda.<\/p>\n\n\n\n<p>La concejala de Cultura, M\u00aa \u00c1ngeles Llorente, subray\u00f3 la importancia del evento: \u201cEste fin de semana hemos disfrutado de dos actos de memoria en torno al D\u00eda de las V\u00edctimas de la Guerra Civil y del Franquismo, conmemoraci\u00f3n declarada por la Generalitat Valenciana el 28 de marzo. Teatro y cine se convierten en espacios de memoria, de reflexi\u00f3n y de conciencia colectiva. A trav\u00e9s de ellos se reconstruyen historias, se dignifican voces silenciadas y se abre un di\u00e1logo necesario con nuestro pasado. El arte no solo emociona, sino que tambi\u00e9n interpela, cuestiona y contribuye a la reparaci\u00f3n simb\u00f3lica. Desde ese lugar \u2014donde la belleza y la tragedia se entrelazan\u2014 estas obras nos conmueven e invitan a no olvidar\u201d.<\/p>\n\n\n\n<figure class=\"wp-block-gallery has-nested-images columns-2 is-cropped wp-block-gallery-1 is-layout-flex wp-block-gallery-is-layout-flex\">\n<figure class=\"wp-block-image size-large\"><img loading=\"lazy\" decoding=\"async\" width=\"945\" height=\"638\" data-id=\"297585\" src=\"https:\/\/www.tucomarca.com\/wordpress\/segunda\/wp-content\/uploads\/2026\/04\/ChesteMemoria02.jpg\" alt=\"\" class=\"wp-image-297585\" srcset=\"https:\/\/www.tucomarca.com\/wordpress\/segunda\/wp-content\/uploads\/2026\/04\/ChesteMemoria02.jpg 945w, https:\/\/www.tucomarca.com\/wordpress\/segunda\/wp-content\/uploads\/2026\/04\/ChesteMemoria02-300x203.jpg 300w, https:\/\/www.tucomarca.com\/wordpress\/segunda\/wp-content\/uploads\/2026\/04\/ChesteMemoria02-768x519.jpg 768w\" sizes=\"auto, (max-width: 945px) 100vw, 945px\" \/><\/figure>\n\n\n\n<figure class=\"wp-block-image size-large\"><img loading=\"lazy\" decoding=\"async\" width=\"945\" height=\"638\" data-id=\"297591\" src=\"https:\/\/www.tucomarca.com\/wordpress\/segunda\/wp-content\/uploads\/2026\/04\/ChesteMemoria05.jpg\" alt=\"\" class=\"wp-image-297591\" srcset=\"https:\/\/www.tucomarca.com\/wordpress\/segunda\/wp-content\/uploads\/2026\/04\/ChesteMemoria05.jpg 945w, https:\/\/www.tucomarca.com\/wordpress\/segunda\/wp-content\/uploads\/2026\/04\/ChesteMemoria05-300x203.jpg 300w, https:\/\/www.tucomarca.com\/wordpress\/segunda\/wp-content\/uploads\/2026\/04\/ChesteMemoria05-768x519.jpg 768w\" sizes=\"auto, (max-width: 945px) 100vw, 945px\" \/><\/figure>\n\n\n\n<figure class=\"wp-block-image size-large\"><img loading=\"lazy\" decoding=\"async\" width=\"945\" height=\"638\" data-id=\"297589\" src=\"https:\/\/www.tucomarca.com\/wordpress\/segunda\/wp-content\/uploads\/2026\/04\/ChesteMemoria04.jpg\" alt=\"\" class=\"wp-image-297589\" srcset=\"https:\/\/www.tucomarca.com\/wordpress\/segunda\/wp-content\/uploads\/2026\/04\/ChesteMemoria04.jpg 945w, https:\/\/www.tucomarca.com\/wordpress\/segunda\/wp-content\/uploads\/2026\/04\/ChesteMemoria04-300x203.jpg 300w, https:\/\/www.tucomarca.com\/wordpress\/segunda\/wp-content\/uploads\/2026\/04\/ChesteMemoria04-768x519.jpg 768w\" sizes=\"auto, (max-width: 945px) 100vw, 945px\" \/><\/figure>\n\n\n\n<figure class=\"wp-block-image size-large\"><img loading=\"lazy\" decoding=\"async\" width=\"945\" height=\"638\" data-id=\"297587\" src=\"https:\/\/www.tucomarca.com\/wordpress\/segunda\/wp-content\/uploads\/2026\/04\/ChesteMemoria03.jpg\" alt=\"\" class=\"wp-image-297587\" srcset=\"https:\/\/www.tucomarca.com\/wordpress\/segunda\/wp-content\/uploads\/2026\/04\/ChesteMemoria03.jpg 945w, https:\/\/www.tucomarca.com\/wordpress\/segunda\/wp-content\/uploads\/2026\/04\/ChesteMemoria03-300x203.jpg 300w, https:\/\/www.tucomarca.com\/wordpress\/segunda\/wp-content\/uploads\/2026\/04\/ChesteMemoria03-768x519.jpg 768w\" sizes=\"auto, (max-width: 945px) 100vw, 945px\" \/><\/figure>\n<\/figure>\n\n\n\n<p><\/p>\n\n\n\n<p>Asimismo, el domingo se proyect\u00f3 la pel\u00edcula <strong>\u201cLa invasi\u00f3n de los b\u00e1rbaros\u201d<\/strong>, presentada por el exeurodiputado y exalcalde de Burjassot <strong>Jordi Sebasti\u00e0<\/strong>. Tras la proyecci\u00f3n, se celebr\u00f3 un coloquio en el que se debati\u00f3 y profundiz\u00f3 en la historia narrada en la pel\u00edcula.<\/p>\n\n\n\n<p>La pel\u00edcula&nbsp;<em>La invasi\u00f3n de los b\u00e1rbaros<\/em>&nbsp;llega al p\u00fablico tras un recorrido complejo, con obst\u00e1culos para asegurar una distribuci\u00f3n s\u00f3lida, y apostando por circuitos alternativos, festivales y proyecciones especiales para dar visibilidad al filme.<\/p>\n\n\n\n<p>As\u00ed la difusi\u00f3n de&nbsp;<em>La invasi\u00f3n de los b\u00e1rbaros<\/em>&nbsp;dependi\u00f3 en gran medida del boca a boca, la cr\u00edtica especializada y el apoyo de espacios culturales comprometidos con el cine diverso. Mediante una campa\u00f1a de micro mecenazgos en su primer d\u00eda de estreno la vieron m\u00e1s de 1000 personas en 4 salas de los cines Lys. Ya lleva 6 meses en cartel en varios cines de Valencia y ha dado el salto a otras comunidades del resto de Espa\u00f1a.<\/p>\n\n\n\n<p>Para M\u00aa \u00c1ngeles Llorente, \u201cla invasi\u00f3n de los b\u00e1rbaros es una pel\u00edcula de gran valor cultural, con&nbsp;un guion s\u00f3lido, bien interpretada y ambientada. Las dificultades que ha tenido que superar,&nbsp;han contribuido a reforzar la identidad de la obra\u201d.&nbsp;<\/p>\n\n\n\n<p>En su discurso, la concejala de Cultura tambi\u00e9n a\u00f1adi\u00f3 que \u201cla pel\u00edcula, muy emocionante y clarificadora en todo momento no solo se presenta como una propuesta cinematogr\u00e1fica, sino tambi\u00e9n como un ejemplo de resistencia creativa frente a las din\u00e1micas del mercado.&nbsp;Este contexto enriquece la experiencia del espectador, invit\u00e1ndolo a valorar no solo lo que ve en pantalla, sino tambi\u00e9n el camino que ha hecho posible que esa obra llegue hasta \u00e9l\u201d.<\/p>\n\n\n\n<p>Con estas propuestas culturales, Cheste reafirma su compromiso con la memoria hist\u00f3rica y el fomento del arte como herramienta de reflexi\u00f3n y cohesi\u00f3n social, ofreciendo a la ciudadan\u00eda un fin de semana completo de experiencias significativas y enriquecedoras que combinan homenaje, cultura y ocio.<\/p>\n","protected":false},"excerpt":{"rendered":"<div class=\"mh-excerpt\">La representaci\u00f3n de Romancero Gitano el s\u00e1bado y la proyecci\u00f3n de \u00abLa invasi\u00f3n de los b\u00e1rbaros\u00bb, el domingo, pusieron a la cultura a la vanguardia de la reivindicaci\u00f3n de la memoria hist\u00f3rica. El municipio de <a class=\"mh-excerpt-more\" href=\"https:\/\/www.tucomarca.com\/wordpress\/segunda\/cheste-celebra-un-fin-de-semana-cultural-dedicado-a-la-memoria-historica\/\" title=\"Cheste celebra un fin de semana cultural dedicado a la memoria hist\u00f3rica\">[+] <\/a><\/div>\n","protected":false},"author":12,"featured_media":297583,"comment_status":"closed","ping_status":"open","sticky":false,"template":"","format":"gallery","meta":{"footnotes":""},"categories":[17,8,10,7,3],"tags":[339,5952,82],"class_list":{"0":"post-297573","1":"post","2":"type-post","3":"status-publish","4":"format-gallery","5":"has-post-thumbnail","7":"category-cheste","8":"category-la-comarca","9":"category-la-hoya","10":"category-ocio-y-cultura","11":"category-seccion","12":"tag-cheste-2","13":"tag-la-hoya-de-bunol-chiva","14":"tag-memoria-historica","15":"post_format-post-format-gallery"},"_links":{"self":[{"href":"https:\/\/www.tucomarca.com\/wordpress\/segunda\/wp-json\/wp\/v2\/posts\/297573","targetHints":{"allow":["GET"]}}],"collection":[{"href":"https:\/\/www.tucomarca.com\/wordpress\/segunda\/wp-json\/wp\/v2\/posts"}],"about":[{"href":"https:\/\/www.tucomarca.com\/wordpress\/segunda\/wp-json\/wp\/v2\/types\/post"}],"author":[{"embeddable":true,"href":"https:\/\/www.tucomarca.com\/wordpress\/segunda\/wp-json\/wp\/v2\/users\/12"}],"replies":[{"embeddable":true,"href":"https:\/\/www.tucomarca.com\/wordpress\/segunda\/wp-json\/wp\/v2\/comments?post=297573"}],"version-history":[{"count":0,"href":"https:\/\/www.tucomarca.com\/wordpress\/segunda\/wp-json\/wp\/v2\/posts\/297573\/revisions"}],"wp:featuredmedia":[{"embeddable":true,"href":"https:\/\/www.tucomarca.com\/wordpress\/segunda\/wp-json\/wp\/v2\/media\/297583"}],"wp:attachment":[{"href":"https:\/\/www.tucomarca.com\/wordpress\/segunda\/wp-json\/wp\/v2\/media?parent=297573"}],"wp:term":[{"taxonomy":"category","embeddable":true,"href":"https:\/\/www.tucomarca.com\/wordpress\/segunda\/wp-json\/wp\/v2\/categories?post=297573"},{"taxonomy":"post_tag","embeddable":true,"href":"https:\/\/www.tucomarca.com\/wordpress\/segunda\/wp-json\/wp\/v2\/tags?post=297573"}],"curies":[{"name":"wp","href":"https:\/\/api.w.org\/{rel}","templated":true}]}}