{"id":297865,"date":"2026-04-05T11:50:00","date_gmt":"2026-04-05T09:50:00","guid":{"rendered":"https:\/\/www.tucomarca.com\/wordpress\/segunda\/?p=297865"},"modified":"2026-04-05T14:01:01","modified_gmt":"2026-04-05T12:01:01","slug":"video-bunol-disfruta-de-su-peculiar-arrempujon-del-encuentro-de-resurreccion-durante-la-mananica-de-pascua","status":"publish","type":"post","link":"https:\/\/www.tucomarca.com\/wordpress\/segunda\/video-bunol-disfruta-de-su-peculiar-arrempujon-del-encuentro-de-resurreccion-durante-la-mananica-de-pascua\/","title":{"rendered":"V\u00eddeo: Bu\u00f1ol disfruta de su peculiar \u00abarrempuj\u00f3n\u00bb del Encuentro de Resurrecci\u00f3n durante la Ma\u00f1anica de Pascua"},"content":{"rendered":"\n<figure class=\"wp-block-embed is-type-video is-provider-youtube wp-block-embed-youtube wp-embed-aspect-16-9 wp-has-aspect-ratio\"><div class=\"wp-block-embed__wrapper\">\n<iframe loading=\"lazy\" title=\"Bu\u00f1ol disfruta de su peculiar &quot;arrempuj\u00f3n&quot; del Encuentro de Resurrecci\u00f3n de la Ma\u00f1anica de Pascua\" width=\"500\" height=\"281\" src=\"https:\/\/www.youtube.com\/embed\/iZGZozkmNq0?feature=oembed\" frameborder=\"0\" allow=\"accelerometer; autoplay; clipboard-write; encrypted-media; gyroscope; picture-in-picture; web-share\" referrerpolicy=\"strict-origin-when-cross-origin\" allowfullscreen><\/iframe>\n<\/div><\/figure>\n\n\n\n<p>La poblaci\u00f3n de Bu\u00f1ol ha celebrado, un a\u00f1o m\u00e1s, su peculiar \u201carrempuj\u00f3n\u201d, uno de los actos m\u00e1s singulares y esperados de la SemanaSanta local, que se desarrolla por las calles del casco antiguo durante la ma\u00f1ana del Encuentro de Resurrecci\u00f3n del Domingo de Pascua.<\/p>\n","protected":false},"excerpt":{"rendered":"<div class=\"mh-excerpt\">La poblaci\u00f3n de Bu\u00f1ol ha celebrado, un a\u00f1o m\u00e1s, su peculiar \u201carrempuj\u00f3n\u201d, uno de los actos m\u00e1s singulares y esperados de la SemanaSanta local, que se desarrolla por las calles del casco antiguo durante la <a class=\"mh-excerpt-more\" href=\"https:\/\/www.tucomarca.com\/wordpress\/segunda\/video-bunol-disfruta-de-su-peculiar-arrempujon-del-encuentro-de-resurreccion-durante-la-mananica-de-pascua\/\" title=\"V\u00eddeo: Bu\u00f1ol disfruta de su peculiar \u00abarrempuj\u00f3n\u00bb del Encuentro de Resurrecci\u00f3n durante la Ma\u00f1anica de Pascua\">[+] <\/a><\/div>\n","protected":false},"author":1,"featured_media":297866,"comment_status":"closed","ping_status":"open","sticky":false,"template":"","format":"video","meta":{"footnotes":""},"categories":[18,8,72,10,5,7,383,3,45,26],"tags":[10385,16909,5952,10498,783],"class_list":{"0":"post-297865","1":"post","2":"type-post","3":"status-publish","4":"format-video","5":"has-post-thumbnail","7":"category-bunol","8":"category-la-comarca","9":"category-sin-categorizar","10":"category-la-hoya","11":"category-la-semana-en-imagenes","12":"category-ocio-y-cultura","13":"category-pueblos-en-fiestas","14":"category-seccion","15":"category-ventana","16":"category-video","17":"tag-bunol","18":"tag-encuentro-de-resurreccion","19":"tag-la-hoya-de-bunol-chiva","20":"tag-pascuas","21":"tag-semana-santa","22":"post_format-post-format-video"},"_links":{"self":[{"href":"https:\/\/www.tucomarca.com\/wordpress\/segunda\/wp-json\/wp\/v2\/posts\/297865","targetHints":{"allow":["GET"]}}],"collection":[{"href":"https:\/\/www.tucomarca.com\/wordpress\/segunda\/wp-json\/wp\/v2\/posts"}],"about":[{"href":"https:\/\/www.tucomarca.com\/wordpress\/segunda\/wp-json\/wp\/v2\/types\/post"}],"author":[{"embeddable":true,"href":"https:\/\/www.tucomarca.com\/wordpress\/segunda\/wp-json\/wp\/v2\/users\/1"}],"replies":[{"embeddable":true,"href":"https:\/\/www.tucomarca.com\/wordpress\/segunda\/wp-json\/wp\/v2\/comments?post=297865"}],"version-history":[{"count":0,"href":"https:\/\/www.tucomarca.com\/wordpress\/segunda\/wp-json\/wp\/v2\/posts\/297865\/revisions"}],"wp:featuredmedia":[{"embeddable":true,"href":"https:\/\/www.tucomarca.com\/wordpress\/segunda\/wp-json\/wp\/v2\/media\/297866"}],"wp:attachment":[{"href":"https:\/\/www.tucomarca.com\/wordpress\/segunda\/wp-json\/wp\/v2\/media?parent=297865"}],"wp:term":[{"taxonomy":"category","embeddable":true,"href":"https:\/\/www.tucomarca.com\/wordpress\/segunda\/wp-json\/wp\/v2\/categories?post=297865"},{"taxonomy":"post_tag","embeddable":true,"href":"https:\/\/www.tucomarca.com\/wordpress\/segunda\/wp-json\/wp\/v2\/tags?post=297865"}],"curies":[{"name":"wp","href":"https:\/\/api.w.org\/{rel}","templated":true}]}}