{"id":297904,"date":"2026-04-05T09:00:00","date_gmt":"2026-04-05T07:00:00","guid":{"rendered":"https:\/\/www.tucomarca.com\/wordpress\/segunda\/?p=297904"},"modified":"2026-04-06T16:09:04","modified_gmt":"2026-04-06T14:09:04","slug":"los-bomberos-liberan-a-un-buho-real-herido-en-la-zona-rural-de-playamonte-en-navarres","status":"publish","type":"post","link":"https:\/\/www.tucomarca.com\/wordpress\/segunda\/los-bomberos-liberan-a-un-buho-real-herido-en-la-zona-rural-de-playamonte-en-navarres\/","title":{"rendered":"Los bomberos liberan a un b\u00faho real herido en la zona rural de Playamonte, en Navarr\u00e9s"},"content":{"rendered":"\n<p>Efectivos del parque de bomberos de X\u00e0tiva han rescatado en la ma\u00f1ana de este domingo a un b\u00faho real que hab\u00eda quedado atrapado entre la maleza en el t\u00e9rmino municipal de Navarr\u00e9s.<\/p>\n\n\n\n<p>El suceso ha tenido lugar en la zona rural de Playamonte, donde el ave se encontraba enredada entre ramas, con una de ellas clavada en el cuerpo, lo que le imped\u00eda moverse con normalidad.<\/p>\n\n\n\n<p>Los bomberos procedieron a su liberaci\u00f3n retirando cuidadosamente la vegetaci\u00f3n. Durante la intervenci\u00f3n, cubrieron al animal con una malla para generar un entorno m\u00e1s oscuro y tranquilo, facilitando as\u00ed su manejo y reduciendo su nivel de estr\u00e9s.<\/p>\n\n\n\n<p>Una vez rescatado, el b\u00faho real fue entregado a agentes medioambientales, quienes se encargaron de su traslado al Centro de Recuperaci\u00f3n de Fauna del Saler, donde recibir\u00e1 atenci\u00f3n especializada.<\/p>\n\n\n\n<figure class=\"wp-block-gallery has-nested-images columns-default is-cropped wp-block-gallery-1 is-layout-flex wp-block-gallery-is-layout-flex\">\n<figure class=\"wp-block-image size-large\"><img loading=\"lazy\" decoding=\"async\" width=\"819\" height=\"1024\" data-id=\"297909\" src=\"https:\/\/www.tucomarca.com\/wordpress\/segunda\/wp-content\/uploads\/2026\/04\/BomberosBuhoNavarres3-819x1024.jpg\" alt=\"\" class=\"wp-image-297909\" srcset=\"https:\/\/www.tucomarca.com\/wordpress\/segunda\/wp-content\/uploads\/2026\/04\/BomberosBuhoNavarres3-819x1024.jpg 819w, https:\/\/www.tucomarca.com\/wordpress\/segunda\/wp-content\/uploads\/2026\/04\/BomberosBuhoNavarres3-240x300.jpg 240w, https:\/\/www.tucomarca.com\/wordpress\/segunda\/wp-content\/uploads\/2026\/04\/BomberosBuhoNavarres3-768x960.jpg 768w, https:\/\/www.tucomarca.com\/wordpress\/segunda\/wp-content\/uploads\/2026\/04\/BomberosBuhoNavarres3-1229x1536.jpg 1229w, https:\/\/www.tucomarca.com\/wordpress\/segunda\/wp-content\/uploads\/2026\/04\/BomberosBuhoNavarres3.jpg 1280w\" sizes=\"auto, (max-width: 819px) 100vw, 819px\" \/><\/figure>\n\n\n\n<figure class=\"wp-block-image size-large\"><img loading=\"lazy\" decoding=\"async\" width=\"819\" height=\"1024\" data-id=\"297907\" src=\"https:\/\/www.tucomarca.com\/wordpress\/segunda\/wp-content\/uploads\/2026\/04\/BomberosBuhoNavarres2-819x1024.jpg\" alt=\"\" class=\"wp-image-297907\" srcset=\"https:\/\/www.tucomarca.com\/wordpress\/segunda\/wp-content\/uploads\/2026\/04\/BomberosBuhoNavarres2-819x1024.jpg 819w, https:\/\/www.tucomarca.com\/wordpress\/segunda\/wp-content\/uploads\/2026\/04\/BomberosBuhoNavarres2-240x300.jpg 240w, https:\/\/www.tucomarca.com\/wordpress\/segunda\/wp-content\/uploads\/2026\/04\/BomberosBuhoNavarres2-768x960.jpg 768w, https:\/\/www.tucomarca.com\/wordpress\/segunda\/wp-content\/uploads\/2026\/04\/BomberosBuhoNavarres2-1229x1536.jpg 1229w, https:\/\/www.tucomarca.com\/wordpress\/segunda\/wp-content\/uploads\/2026\/04\/BomberosBuhoNavarres2.jpg 1638w\" sizes=\"auto, (max-width: 819px) 100vw, 819px\" \/><\/figure>\n\n\n\n<figure class=\"wp-block-image size-large\"><img loading=\"lazy\" decoding=\"async\" width=\"819\" height=\"1024\" data-id=\"297911\" src=\"https:\/\/www.tucomarca.com\/wordpress\/segunda\/wp-content\/uploads\/2026\/04\/BomberosBuhoNavarres4-819x1024.jpg\" alt=\"\" class=\"wp-image-297911\" srcset=\"https:\/\/www.tucomarca.com\/wordpress\/segunda\/wp-content\/uploads\/2026\/04\/BomberosBuhoNavarres4-819x1024.jpg 819w, https:\/\/www.tucomarca.com\/wordpress\/segunda\/wp-content\/uploads\/2026\/04\/BomberosBuhoNavarres4-240x300.jpg 240w, https:\/\/www.tucomarca.com\/wordpress\/segunda\/wp-content\/uploads\/2026\/04\/BomberosBuhoNavarres4-768x960.jpg 768w, https:\/\/www.tucomarca.com\/wordpress\/segunda\/wp-content\/uploads\/2026\/04\/BomberosBuhoNavarres4-1229x1536.jpg 1229w, https:\/\/www.tucomarca.com\/wordpress\/segunda\/wp-content\/uploads\/2026\/04\/BomberosBuhoNavarres4.jpg 1638w\" sizes=\"auto, (max-width: 819px) 100vw, 819px\" \/><\/figure>\n\n\n\n<figure class=\"wp-block-image size-large\"><img loading=\"lazy\" decoding=\"async\" width=\"819\" height=\"1024\" data-id=\"297905\" src=\"https:\/\/www.tucomarca.com\/wordpress\/segunda\/wp-content\/uploads\/2026\/04\/BomberosBuhoNavarres-819x1024.jpg\" alt=\"\" class=\"wp-image-297905\" srcset=\"https:\/\/www.tucomarca.com\/wordpress\/segunda\/wp-content\/uploads\/2026\/04\/BomberosBuhoNavarres-819x1024.jpg 819w, https:\/\/www.tucomarca.com\/wordpress\/segunda\/wp-content\/uploads\/2026\/04\/BomberosBuhoNavarres-240x300.jpg 240w, https:\/\/www.tucomarca.com\/wordpress\/segunda\/wp-content\/uploads\/2026\/04\/BomberosBuhoNavarres-768x960.jpg 768w, https:\/\/www.tucomarca.com\/wordpress\/segunda\/wp-content\/uploads\/2026\/04\/BomberosBuhoNavarres-1229x1536.jpg 1229w, https:\/\/www.tucomarca.com\/wordpress\/segunda\/wp-content\/uploads\/2026\/04\/BomberosBuhoNavarres.jpg 1638w\" sizes=\"auto, (max-width: 819px) 100vw, 819px\" \/><\/figure>\n<\/figure>\n","protected":false},"excerpt":{"rendered":"<div class=\"mh-excerpt\">Efectivos del parque de bomberos de X\u00e0tiva han rescatado en la ma\u00f1ana de este domingo a un b\u00faho real que hab\u00eda quedado atrapado entre la maleza en el t\u00e9rmino municipal de Navarr\u00e9s. El suceso ha <a class=\"mh-excerpt-more\" href=\"https:\/\/www.tucomarca.com\/wordpress\/segunda\/los-bomberos-liberan-a-un-buho-real-herido-en-la-zona-rural-de-playamonte-en-navarres\/\" title=\"Los bomberos liberan a un b\u00faho real herido en la zona rural de Playamonte, en Navarr\u00e9s\">[+] <\/a><\/div>\n","protected":false},"author":1,"featured_media":297905,"comment_status":"closed","ping_status":"open","sticky":false,"template":"","format":"gallery","meta":{"footnotes":""},"categories":[128,70,8,72,117,270,3,116,45],"tags":[593,12830,1452,10461],"class_list":{"0":"post-297904","1":"post","2":"type-post","3":"status-publish","4":"format-gallery","5":"has-post-thumbnail","7":"category-infraestructuras","8":"category-la-canal-de-navarres","9":"category-la-comarca","10":"category-sin-categorizar","11":"category-medio-ambiente-la-comarca","12":"category-navarres","13":"category-seccion","14":"category-sucesos-la-comarca","15":"category-ventana","16":"tag-bomberos","17":"tag-consorcio-provincial-de-bomberos-de-valencia","18":"tag-la-canal-de-navarres-2","19":"tag-navarres","20":"post_format-post-format-gallery"},"_links":{"self":[{"href":"https:\/\/www.tucomarca.com\/wordpress\/segunda\/wp-json\/wp\/v2\/posts\/297904","targetHints":{"allow":["GET"]}}],"collection":[{"href":"https:\/\/www.tucomarca.com\/wordpress\/segunda\/wp-json\/wp\/v2\/posts"}],"about":[{"href":"https:\/\/www.tucomarca.com\/wordpress\/segunda\/wp-json\/wp\/v2\/types\/post"}],"author":[{"embeddable":true,"href":"https:\/\/www.tucomarca.com\/wordpress\/segunda\/wp-json\/wp\/v2\/users\/1"}],"replies":[{"embeddable":true,"href":"https:\/\/www.tucomarca.com\/wordpress\/segunda\/wp-json\/wp\/v2\/comments?post=297904"}],"version-history":[{"count":0,"href":"https:\/\/www.tucomarca.com\/wordpress\/segunda\/wp-json\/wp\/v2\/posts\/297904\/revisions"}],"wp:featuredmedia":[{"embeddable":true,"href":"https:\/\/www.tucomarca.com\/wordpress\/segunda\/wp-json\/wp\/v2\/media\/297905"}],"wp:attachment":[{"href":"https:\/\/www.tucomarca.com\/wordpress\/segunda\/wp-json\/wp\/v2\/media?parent=297904"}],"wp:term":[{"taxonomy":"category","embeddable":true,"href":"https:\/\/www.tucomarca.com\/wordpress\/segunda\/wp-json\/wp\/v2\/categories?post=297904"},{"taxonomy":"post_tag","embeddable":true,"href":"https:\/\/www.tucomarca.com\/wordpress\/segunda\/wp-json\/wp\/v2\/tags?post=297904"}],"curies":[{"name":"wp","href":"https:\/\/api.w.org\/{rel}","templated":true}]}}