{"id":297927,"date":"2026-04-05T10:00:00","date_gmt":"2026-04-05T08:00:00","guid":{"rendered":"https:\/\/www.tucomarca.com\/wordpress\/segunda\/?p=297927"},"modified":"2026-04-07T13:37:58","modified_gmt":"2026-04-07T11:37:58","slug":"rescatan-a-un-hombre-de-74-anos-herido-tras-clavarse-una-hoz-en-una-zona-rural-de-sot-de-chera","status":"publish","type":"post","link":"https:\/\/www.tucomarca.com\/wordpress\/segunda\/rescatan-a-un-hombre-de-74-anos-herido-tras-clavarse-una-hoz-en-una-zona-rural-de-sot-de-chera\/","title":{"rendered":"Rescatan a un hombre de 74 a\u00f1os herido tras clavarse una hoz en una zona rural de Sot de Chera"},"content":{"rendered":"\n<p>El&nbsp;Consorcio Provincial de Bomberos de Valencia&nbsp;llev\u00f3 a cabo en la noche del viernes un complicado rescate en una zona rural de&nbsp;Sot de Chera, donde un hombre de 74 a\u00f1os result\u00f3 herido tras sufrir una ca\u00edda en la que se le clav\u00f3 una hoz en el abdomen.<\/p>\n\n\n\n<p>El aviso se recibi\u00f3 a las 20,38 horas, momento en el que se moviliz\u00f3 un amplio dispositivo formado por bomberos y sargento del parque de&nbsp;Requena, bomberos voluntarios y una unidad de bomberos forestales de la Generalitat Valenciana.<\/p>\n\n\n\n<p>El rescate se desarroll\u00f3 en un punto de dif\u00edcil acceso, lo que oblig\u00f3 a los efectivos a portear al herido a pie, incluso vadeando un r\u00edo durante la evacuaci\u00f3n. Finalmente, lograron trasladar al var\u00f3n hasta una zona accesible para los servicios sanitarios.<\/p>\n\n\n\n<p>Una vez all\u00ed, el herido fue transferido a la ambulancia, que se hizo cargo de su atenci\u00f3n y posterior traslado.<\/p>\n\n\n\n<p><\/p>\n\n\n\n<figure class=\"wp-block-gallery has-nested-images columns-default is-cropped wp-block-gallery-1 is-layout-flex wp-block-gallery-is-layout-flex\">\n<figure class=\"wp-block-image size-large\"><img loading=\"lazy\" decoding=\"async\" width=\"588\" height=\"1024\" data-id=\"297928\" src=\"https:\/\/www.tucomarca.com\/wordpress\/segunda\/wp-content\/uploads\/2026\/04\/BombersSotChera1-588x1024.jpg\" alt=\"\" class=\"wp-image-297928\" srcset=\"https:\/\/www.tucomarca.com\/wordpress\/segunda\/wp-content\/uploads\/2026\/04\/BombersSotChera1-588x1024.jpg 588w, https:\/\/www.tucomarca.com\/wordpress\/segunda\/wp-content\/uploads\/2026\/04\/BombersSotChera1-172x300.jpg 172w, https:\/\/www.tucomarca.com\/wordpress\/segunda\/wp-content\/uploads\/2026\/04\/BombersSotChera1-768x1336.jpg 768w, https:\/\/www.tucomarca.com\/wordpress\/segunda\/wp-content\/uploads\/2026\/04\/BombersSotChera1-883x1536.jpg 883w, https:\/\/www.tucomarca.com\/wordpress\/segunda\/wp-content\/uploads\/2026\/04\/BombersSotChera1-1177x2048.jpg 1177w, https:\/\/www.tucomarca.com\/wordpress\/segunda\/wp-content\/uploads\/2026\/04\/BombersSotChera1-scaled.jpg 1471w\" sizes=\"auto, (max-width: 588px) 100vw, 588px\" \/><\/figure>\n\n\n\n<figure class=\"wp-block-image size-large\"><img loading=\"lazy\" decoding=\"async\" width=\"586\" height=\"1024\" data-id=\"297930\" src=\"https:\/\/www.tucomarca.com\/wordpress\/segunda\/wp-content\/uploads\/2026\/04\/BombersSotChera2-586x1024.jpg\" alt=\"\" class=\"wp-image-297930\" srcset=\"https:\/\/www.tucomarca.com\/wordpress\/segunda\/wp-content\/uploads\/2026\/04\/BombersSotChera2-586x1024.jpg 586w, https:\/\/www.tucomarca.com\/wordpress\/segunda\/wp-content\/uploads\/2026\/04\/BombersSotChera2-172x300.jpg 172w, https:\/\/www.tucomarca.com\/wordpress\/segunda\/wp-content\/uploads\/2026\/04\/BombersSotChera2-768x1341.jpg 768w, https:\/\/www.tucomarca.com\/wordpress\/segunda\/wp-content\/uploads\/2026\/04\/BombersSotChera2-880x1536.jpg 880w, https:\/\/www.tucomarca.com\/wordpress\/segunda\/wp-content\/uploads\/2026\/04\/BombersSotChera2-1173x2048.jpg 1173w, https:\/\/www.tucomarca.com\/wordpress\/segunda\/wp-content\/uploads\/2026\/04\/BombersSotChera2-scaled.jpg 1466w\" sizes=\"auto, (max-width: 586px) 100vw, 586px\" \/><\/figure>\n<\/figure>\n","protected":false},"excerpt":{"rendered":"<div class=\"mh-excerpt\">El&nbsp;Consorcio Provincial de Bomberos de Valencia&nbsp;llev\u00f3 a cabo en la noche del viernes un complicado rescate en una zona rural de&nbsp;Sot de Chera, donde un hombre de 74 a\u00f1os result\u00f3 herido tras sufrir una ca\u00edda <a class=\"mh-excerpt-more\" href=\"https:\/\/www.tucomarca.com\/wordpress\/segunda\/rescatan-a-un-hombre-de-74-anos-herido-tras-clavarse-una-hoz-en-una-zona-rural-de-sot-de-chera\/\" title=\"Rescatan a un hombre de 74 a\u00f1os herido tras clavarse una hoz en una zona rural de Sot de Chera\">[+] <\/a><\/div>\n","protected":false},"author":1,"featured_media":297928,"comment_status":"closed","ping_status":"open","sticky":false,"template":"","format":"image","meta":{"footnotes":""},"categories":[128,8,72,59,3,197,116,45],"tags":[20341,3912,10400],"class_list":{"0":"post-297927","1":"post","2":"type-post","3":"status-publish","4":"format-image","5":"has-post-thumbnail","7":"category-infraestructuras","8":"category-la-comarca","9":"category-sin-categorizar","10":"category-los-serranos","11":"category-seccion","12":"category-sot-de-chera","13":"category-sucesos-la-comarca","14":"category-ventana","15":"tag-bomberos-consorcio-provincial-de-bomberos-de-valencia","16":"tag-la-serrania","17":"tag-los-serranos","18":"post_format-post-format-image"},"_links":{"self":[{"href":"https:\/\/www.tucomarca.com\/wordpress\/segunda\/wp-json\/wp\/v2\/posts\/297927","targetHints":{"allow":["GET"]}}],"collection":[{"href":"https:\/\/www.tucomarca.com\/wordpress\/segunda\/wp-json\/wp\/v2\/posts"}],"about":[{"href":"https:\/\/www.tucomarca.com\/wordpress\/segunda\/wp-json\/wp\/v2\/types\/post"}],"author":[{"embeddable":true,"href":"https:\/\/www.tucomarca.com\/wordpress\/segunda\/wp-json\/wp\/v2\/users\/1"}],"replies":[{"embeddable":true,"href":"https:\/\/www.tucomarca.com\/wordpress\/segunda\/wp-json\/wp\/v2\/comments?post=297927"}],"version-history":[{"count":0,"href":"https:\/\/www.tucomarca.com\/wordpress\/segunda\/wp-json\/wp\/v2\/posts\/297927\/revisions"}],"wp:featuredmedia":[{"embeddable":true,"href":"https:\/\/www.tucomarca.com\/wordpress\/segunda\/wp-json\/wp\/v2\/media\/297928"}],"wp:attachment":[{"href":"https:\/\/www.tucomarca.com\/wordpress\/segunda\/wp-json\/wp\/v2\/media?parent=297927"}],"wp:term":[{"taxonomy":"category","embeddable":true,"href":"https:\/\/www.tucomarca.com\/wordpress\/segunda\/wp-json\/wp\/v2\/categories?post=297927"},{"taxonomy":"post_tag","embeddable":true,"href":"https:\/\/www.tucomarca.com\/wordpress\/segunda\/wp-json\/wp\/v2\/tags?post=297927"}],"curies":[{"name":"wp","href":"https:\/\/api.w.org\/{rel}","templated":true}]}}