{"id":2980,"date":"2012-06-05T11:32:53","date_gmt":"2012-06-05T09:32:53","guid":{"rendered":"http:\/\/www.tucomarca.com\/wordpress\/segunda\/?p=2980"},"modified":"2012-06-05T11:32:53","modified_gmt":"2012-06-05T09:32:53","slug":"aplaudida-representacion-de-la-escuela-de-teatro-de-bunol","status":"publish","type":"post","link":"https:\/\/www.tucomarca.com\/wordpress\/segunda\/aplaudida-representacion-de-la-escuela-de-teatro-de-bunol\/","title":{"rendered":"Aplaudida representaci\u00f3n de la Escuela de Teatro de Bu\u00f1ol"},"content":{"rendered":"<p style=\"text-align: left;\">\n<figure id=\"attachment_2981\" aria-describedby=\"caption-attachment-2981\" style=\"width: 614px\" class=\"wp-caption aligncenter\"><a href=\"https:\/\/www.tucomarca.com\/wordpress\/segunda\/wp-content\/uploads\/2012\/06\/teatroemtbface.jpg\"><img loading=\"lazy\" decoding=\"async\" class=\"size-large wp-image-2981 \" title=\"teatroemtbface\" src=\"https:\/\/www.tucomarca.com\/wordpress\/segunda\/wp-content\/uploads\/2012\/06\/teatroemtbface-1024x511.jpg\" alt=\"Los miembros de la Escuela de Teatro de Bu\u00f1ol tras su representaci\u00f3n en el Montecarlo.\" width=\"614\" height=\"307\" srcset=\"https:\/\/www.tucomarca.com\/wordpress\/segunda\/wp-content\/uploads\/2012\/06\/teatroemtbface-1024x511.jpg 1024w, https:\/\/www.tucomarca.com\/wordpress\/segunda\/wp-content\/uploads\/2012\/06\/teatroemtbface-300x149.jpg 300w, https:\/\/www.tucomarca.com\/wordpress\/segunda\/wp-content\/uploads\/2012\/06\/teatroemtbface.jpg 1181w\" sizes=\"auto, (max-width: 614px) 100vw, 614px\" \/><\/a><figcaption id=\"caption-attachment-2981\" class=\"wp-caption-text\">Los miembros de la Escuela de Teatro de Bu\u00f1ol tras su representaci\u00f3n en el Montecarlo.<\/figcaption><\/figure>\n<p>El p\u00fablico asistente a la representaci\u00f3n teatral de la Escuela de Teatro de Bu\u00f1ol premi\u00f3 con una sonora ovaci\u00f3n el trabajo realizado por los alumnos de la entidad, quienes pusieron en escena la obra \u201cDesprop\u00f3sitos\u201d, con gui\u00f3n de Chema Carde\u00f1a y Amparo Vay\u00e0; y bajo la direcci\u00f3n de Rafa Alarc\u00f3n.<\/p>\n<p>M\u00e1s informaci\u00f3n e im\u00e1genes, en la edici\u00f3n impresa de <strong>tucomarca.com<\/strong> para La Hoya de Bu\u00f1ol-Chivay comarcas lim\u00edtrofes, a partir de este jueves en todos los kioscos de la comarca (n\u00ba 452).<\/p>\n","protected":false},"excerpt":{"rendered":"<div class=\"mh-excerpt\">El p\u00fablico asistente a la representaci\u00f3n teatral de la Escuela de Teatro de Bu\u00f1ol premi\u00f3 con una sonora ovaci\u00f3n el trabajo realizado por los alumnos de la entidad, quienes pusieron en escena la obra \u201cDesprop\u00f3sitos\u201d, <a class=\"mh-excerpt-more\" href=\"https:\/\/www.tucomarca.com\/wordpress\/segunda\/aplaudida-representacion-de-la-escuela-de-teatro-de-bunol\/\" title=\"Aplaudida representaci\u00f3n de la Escuela de Teatro de Bu\u00f1ol\">[+] <\/a><\/div>\n","protected":false},"author":1,"featured_media":2981,"comment_status":"open","ping_status":"open","sticky":false,"template":"","format":"standard","meta":{"footnotes":""},"categories":[18,10,7,3,45],"tags":[],"class_list":{"0":"post-2980","1":"post","2":"type-post","3":"status-publish","4":"format-standard","5":"has-post-thumbnail","7":"category-bunol","8":"category-la-hoya","9":"category-ocio-y-cultura","10":"category-seccion","11":"category-ventana"},"_links":{"self":[{"href":"https:\/\/www.tucomarca.com\/wordpress\/segunda\/wp-json\/wp\/v2\/posts\/2980","targetHints":{"allow":["GET"]}}],"collection":[{"href":"https:\/\/www.tucomarca.com\/wordpress\/segunda\/wp-json\/wp\/v2\/posts"}],"about":[{"href":"https:\/\/www.tucomarca.com\/wordpress\/segunda\/wp-json\/wp\/v2\/types\/post"}],"author":[{"embeddable":true,"href":"https:\/\/www.tucomarca.com\/wordpress\/segunda\/wp-json\/wp\/v2\/users\/1"}],"replies":[{"embeddable":true,"href":"https:\/\/www.tucomarca.com\/wordpress\/segunda\/wp-json\/wp\/v2\/comments?post=2980"}],"version-history":[{"count":0,"href":"https:\/\/www.tucomarca.com\/wordpress\/segunda\/wp-json\/wp\/v2\/posts\/2980\/revisions"}],"wp:featuredmedia":[{"embeddable":true,"href":"https:\/\/www.tucomarca.com\/wordpress\/segunda\/wp-json\/wp\/v2\/media\/2981"}],"wp:attachment":[{"href":"https:\/\/www.tucomarca.com\/wordpress\/segunda\/wp-json\/wp\/v2\/media?parent=2980"}],"wp:term":[{"taxonomy":"category","embeddable":true,"href":"https:\/\/www.tucomarca.com\/wordpress\/segunda\/wp-json\/wp\/v2\/categories?post=2980"},{"taxonomy":"post_tag","embeddable":true,"href":"https:\/\/www.tucomarca.com\/wordpress\/segunda\/wp-json\/wp\/v2\/tags?post=2980"}],"curies":[{"name":"wp","href":"https:\/\/api.w.org\/{rel}","templated":true}]}}