{"id":298141,"date":"2026-04-08T12:00:00","date_gmt":"2026-04-08T10:00:00","guid":{"rendered":"https:\/\/www.tucomarca.com\/wordpress\/segunda\/?p=298141"},"modified":"2026-04-08T13:42:28","modified_gmt":"2026-04-08T11:42:28","slug":"la-generalitat-pone-en-servicio-el-puente-del-ayuntamiento-de-pedralba-reconstruido-tras-la-dana-y-multiplica-su-capacidad-hidraulica","status":"publish","type":"post","link":"https:\/\/www.tucomarca.com\/wordpress\/segunda\/la-generalitat-pone-en-servicio-el-puente-del-ayuntamiento-de-pedralba-reconstruido-tras-la-dana-y-multiplica-su-capacidad-hidraulica\/","title":{"rendered":"La Generalitat pone en servicio el puente del Ayuntamiento de Pedralba reconstruido tras la DANA y multiplica su capacidad hidr\u00e1ulica"},"content":{"rendered":"\n<h3 class=\"wp-block-heading\">Vicente Mart\u00ednez Mus visita\u00a0la infraestructura de titularidad municipal cuyas obras asumi\u00f3 la Generalitat.<\/h3>\n\n\n\n<h3 class=\"wp-block-heading\">El puente se ha dise\u00f1ado conforme a las caracter\u00edsticas actuales del barranco, multiplicando por cinco su longitud y su capacidad de desag\u00fce.<\/h3>\n\n\n\n<p>La Generalitat ha puesto en servicio el nuevo puente de Pedralba tras su reconstrucci\u00f3n completa por los da\u00f1os provocados por la dana. La actuaci\u00f3n ha supuesto una inversi\u00f3n de tres millones de euros en el municipio, tras asumir la Generalitat las competencias para reconstruir la infraestructura ante las dificultades del Ayuntamiento de ejecutarla en tiempo y forma y aumentar su resiliencia y capacidad hidr\u00e1ulica.<\/p>\n\n\n\n<p>La intervenci\u00f3n, llevada a cabo por la Direcci\u00f3n General de Infraestructuras Terrestres, ha permitido mejorar de forma significativa la capacidad y seguridad de la infraestructura. La reapertura de este paso, adaptado a las nuevas condiciones del cauce, refuerza la conectividad local y la resiliencia frente a episodios meteorol\u00f3gicos extremos.<\/p>\n\n\n\n<p>El vicepresidente tercero y conseller de Medio Ambiente, Infraestructuras, Territorio y de la Recuperaci\u00f3n, Vicente Mart\u00ednez Mus, ha visitado Pedralba con motivo de la reapertura del puente, y ha destacado que el 93,3 % de las obras locales asumidas por la Generalitat tras las inundaciones de octubre de 2024 est\u00e1n ya finalizadas.<\/p>\n\n\n\n<p>En total, se ha destinado m\u00e1s de 50 millones de euros a la rehabilitaci\u00f3n de 60 infraestructuras en una treintena de municipios, de las que ya han concluido 56 en 28 localidades, quedando pendientes cuatro de ellas. Todas estas intervenciones deb\u00edan realizarlas los ayuntamientos, pero ante las dificultades para llevarlas a cabo fue la Generalitat la que asumi\u00f3 estas tareas.<\/p>\n\n\n\n<p>Duranta la visita a Pedralba, Mart\u00ednez Mus ha explicado que, a\u00f1o y medio despu\u00e9s de la cat\u00e1strofe, \u201cesta infraestructura es ya una realidad\u201d, si bien la ejecuci\u00f3n se ha prolongado debido a que la riada modific\u00f3 la morfolog\u00eda del r\u00edo. De acuerdo con esta situaci\u00f3n, el puente actual presenta mayores niveles de resistencia y capacidad, lo que incrementa la seguridad frente a futuras avenidas.<\/p>\n\n\n\n<p>El vicepresidente ha asegurado que desde la Generalitat \u201cse ha dado cumplimiento al compromiso adquirido en la emergencia para rehabilitar infraestructuras y devolver la normalidad y la seguridad a los municipios afectados\u201d.<\/p>\n\n\n\n<p>En este sentido, ha recordado que muchos ayuntamientos se enfrentaban a limitaciones econ\u00f3micas y t\u00e9cnicas que dificultaban la ejecuci\u00f3n de estas obras, \u201cmotivo por el que la administraci\u00f3n auton\u00f3mica asumi\u00f3 directamente su desarrollo para garantizar una respuesta r\u00e1pida y eficaz\u201d. Como ejemplo ha puesto Pedralba, cuyo presupuesto anual es igual al de las actuaciones de reconstrucci\u00f3n de infraestructuras asumidas.<\/p>\n\n\n\n<p>Asimismo, Mart\u00ednez Mus ha puesto en valor la gesti\u00f3n realizada, \u201ccentrada en las personas y apoyada en la labor t\u00e9cnica de la Conselleria y de las empresas contratadas, que ha permitido avanzar en la recuperaci\u00f3n de las zonas afectadas en un plazo reducido\u201d. \u201cNuestras obras de titularidad auton\u00f3mica est\u00e1n terminadas desde el verano pasado, pero ahora es necesario seguir apoyando a los municipios\u201d, ha sentenciado.<\/p>\n\n\n\n<figure class=\"wp-block-image size-full\"><img loading=\"lazy\" decoding=\"async\" width=\"773\" height=\"956\" src=\"https:\/\/www.tucomarca.com\/wordpress\/segunda\/wp-content\/uploads\/2026\/04\/PedralbaPuenteDANA2.jpeg\" alt=\"\" class=\"wp-image-298154\" srcset=\"https:\/\/www.tucomarca.com\/wordpress\/segunda\/wp-content\/uploads\/2026\/04\/PedralbaPuenteDANA2.jpeg 773w, https:\/\/www.tucomarca.com\/wordpress\/segunda\/wp-content\/uploads\/2026\/04\/PedralbaPuenteDANA2-243x300.jpeg 243w, https:\/\/www.tucomarca.com\/wordpress\/segunda\/wp-content\/uploads\/2026\/04\/PedralbaPuenteDANA2-768x950.jpeg 768w\" sizes=\"auto, (max-width: 773px) 100vw, 773px\" \/><\/figure>\n\n\n\n<p><strong>Actuaciones en Pedralba<\/strong><\/p>\n\n\n\n<p>En el municipio de Pedralba, la Generalitat ha ejecutado diversas actuaciones por valor de tres millones de euros, entre las que destaca la reconstrucci\u00f3n del puente en el camino del Cerrito Royo, sobre el barranco de Chiva, que colaps\u00f3 como consecuencia del taponamiento del cauce por la acumulaci\u00f3n de vegetaci\u00f3n y materiales arrastrados por la riada. Solo en esta actuaci\u00f3n se han dedicado casi 2,2 millones. Por otro lado, desde el a\u00f1o pasado est\u00e1n en servicio dos badenes que tambi\u00e9n dar servicio a la localidad.<\/p>\n\n\n\n<p>Cabe recordar que el episodio de lluvias del 29 de octubre de 2024, con m\u00e1s de 411 litros registrados en Pedralba, sumados a las precipitaciones aguas arriba, provoc\u00f3 un notable incremento del caudal del barranco de Chiva a su paso por el municipio. La elevada velocidad del agua, favorecida por la fuerte pendiente, caus\u00f3 importantes da\u00f1os en puentes, badenes y pistas forestales.<\/p>\n\n\n\n<figure class=\"wp-block-gallery has-nested-images columns-1 is-cropped wp-block-gallery-1 is-layout-flex wp-block-gallery-is-layout-flex\">\n<figure class=\"wp-block-image size-large\"><img loading=\"lazy\" decoding=\"async\" width=\"1024\" height=\"768\" data-id=\"298150\" src=\"https:\/\/www.tucomarca.com\/wordpress\/segunda\/wp-content\/uploads\/2026\/04\/PedralabaPuenteDANA4-1024x768.jpeg\" alt=\"\" class=\"wp-image-298150\" srcset=\"https:\/\/www.tucomarca.com\/wordpress\/segunda\/wp-content\/uploads\/2026\/04\/PedralabaPuenteDANA4-1024x768.jpeg 1024w, https:\/\/www.tucomarca.com\/wordpress\/segunda\/wp-content\/uploads\/2026\/04\/PedralabaPuenteDANA4-300x225.jpeg 300w, https:\/\/www.tucomarca.com\/wordpress\/segunda\/wp-content\/uploads\/2026\/04\/PedralabaPuenteDANA4-768x576.jpeg 768w, https:\/\/www.tucomarca.com\/wordpress\/segunda\/wp-content\/uploads\/2026\/04\/PedralabaPuenteDANA4-1536x1152.jpeg 1536w, https:\/\/www.tucomarca.com\/wordpress\/segunda\/wp-content\/uploads\/2026\/04\/PedralabaPuenteDANA4-678x509.jpeg 678w, https:\/\/www.tucomarca.com\/wordpress\/segunda\/wp-content\/uploads\/2026\/04\/PedralabaPuenteDANA4-326x245.jpeg 326w, https:\/\/www.tucomarca.com\/wordpress\/segunda\/wp-content\/uploads\/2026\/04\/PedralabaPuenteDANA4-80x60.jpeg 80w, https:\/\/www.tucomarca.com\/wordpress\/segunda\/wp-content\/uploads\/2026\/04\/PedralabaPuenteDANA4.jpeg 1600w\" sizes=\"auto, (max-width: 1024px) 100vw, 1024px\" \/><\/figure>\n\n\n\n<figure class=\"wp-block-image size-large\"><img loading=\"lazy\" decoding=\"async\" width=\"1024\" height=\"768\" data-id=\"298156\" src=\"https:\/\/www.tucomarca.com\/wordpress\/segunda\/wp-content\/uploads\/2026\/04\/PedralbaPuenteDANA3-1024x768.jpeg\" alt=\"\" class=\"wp-image-298156\" srcset=\"https:\/\/www.tucomarca.com\/wordpress\/segunda\/wp-content\/uploads\/2026\/04\/PedralbaPuenteDANA3-1024x768.jpeg 1024w, https:\/\/www.tucomarca.com\/wordpress\/segunda\/wp-content\/uploads\/2026\/04\/PedralbaPuenteDANA3-300x225.jpeg 300w, https:\/\/www.tucomarca.com\/wordpress\/segunda\/wp-content\/uploads\/2026\/04\/PedralbaPuenteDANA3-768x576.jpeg 768w, https:\/\/www.tucomarca.com\/wordpress\/segunda\/wp-content\/uploads\/2026\/04\/PedralbaPuenteDANA3-1536x1152.jpeg 1536w, https:\/\/www.tucomarca.com\/wordpress\/segunda\/wp-content\/uploads\/2026\/04\/PedralbaPuenteDANA3-678x509.jpeg 678w, https:\/\/www.tucomarca.com\/wordpress\/segunda\/wp-content\/uploads\/2026\/04\/PedralbaPuenteDANA3-326x245.jpeg 326w, https:\/\/www.tucomarca.com\/wordpress\/segunda\/wp-content\/uploads\/2026\/04\/PedralbaPuenteDANA3-80x60.jpeg 80w, https:\/\/www.tucomarca.com\/wordpress\/segunda\/wp-content\/uploads\/2026\/04\/PedralbaPuenteDANA3.jpeg 1600w\" sizes=\"auto, (max-width: 1024px) 100vw, 1024px\" \/><\/figure>\n<\/figure>\n","protected":false},"excerpt":{"rendered":"<div class=\"mh-excerpt\">Vicente Mart\u00ednez Mus visita\u00a0la infraestructura de titularidad municipal cuyas obras asumi\u00f3 la Generalitat. El puente se ha dise\u00f1ado conforme a las caracter\u00edsticas actuales del barranco, multiplicando por cinco su longitud y su capacidad de desag\u00fce. <a class=\"mh-excerpt-more\" href=\"https:\/\/www.tucomarca.com\/wordpress\/segunda\/la-generalitat-pone-en-servicio-el-puente-del-ayuntamiento-de-pedralba-reconstruido-tras-la-dana-y-multiplica-su-capacidad-hidraulica\/\" title=\"La Generalitat pone en servicio el puente del Ayuntamiento de Pedralba reconstruido tras la DANA y multiplica su capacidad hidr\u00e1ulica\">[+] <\/a><\/div>\n","protected":false},"author":1,"featured_media":298152,"comment_status":"closed","ping_status":"open","sticky":false,"template":"","format":"gallery","meta":{"footnotes":""},"categories":[21465,128,8,72,59,117,196,142,3,116,45],"tags":[12831,3912,10400,10448],"class_list":{"0":"post-298141","1":"post","2":"type-post","3":"status-publish","4":"format-gallery","5":"has-post-thumbnail","7":"category-dana","8":"category-infraestructuras","9":"category-la-comarca","10":"category-sin-categorizar","11":"category-los-serranos","12":"category-medio-ambiente-la-comarca","13":"category-pedralba","14":"category-politica-la-comarca","15":"category-seccion","16":"category-sucesos-la-comarca","17":"category-ventana","18":"tag-dana-2","19":"tag-la-serrania","20":"tag-los-serranos","21":"tag-pedralba","22":"post_format-post-format-gallery"},"_links":{"self":[{"href":"https:\/\/www.tucomarca.com\/wordpress\/segunda\/wp-json\/wp\/v2\/posts\/298141","targetHints":{"allow":["GET"]}}],"collection":[{"href":"https:\/\/www.tucomarca.com\/wordpress\/segunda\/wp-json\/wp\/v2\/posts"}],"about":[{"href":"https:\/\/www.tucomarca.com\/wordpress\/segunda\/wp-json\/wp\/v2\/types\/post"}],"author":[{"embeddable":true,"href":"https:\/\/www.tucomarca.com\/wordpress\/segunda\/wp-json\/wp\/v2\/users\/1"}],"replies":[{"embeddable":true,"href":"https:\/\/www.tucomarca.com\/wordpress\/segunda\/wp-json\/wp\/v2\/comments?post=298141"}],"version-history":[{"count":0,"href":"https:\/\/www.tucomarca.com\/wordpress\/segunda\/wp-json\/wp\/v2\/posts\/298141\/revisions"}],"wp:featuredmedia":[{"embeddable":true,"href":"https:\/\/www.tucomarca.com\/wordpress\/segunda\/wp-json\/wp\/v2\/media\/298152"}],"wp:attachment":[{"href":"https:\/\/www.tucomarca.com\/wordpress\/segunda\/wp-json\/wp\/v2\/media?parent=298141"}],"wp:term":[{"taxonomy":"category","embeddable":true,"href":"https:\/\/www.tucomarca.com\/wordpress\/segunda\/wp-json\/wp\/v2\/categories?post=298141"},{"taxonomy":"post_tag","embeddable":true,"href":"https:\/\/www.tucomarca.com\/wordpress\/segunda\/wp-json\/wp\/v2\/tags?post=298141"}],"curies":[{"name":"wp","href":"https:\/\/api.w.org\/{rel}","templated":true}]}}