{"id":298181,"date":"2026-04-08T08:55:00","date_gmt":"2026-04-08T06:55:00","guid":{"rendered":"https:\/\/www.tucomarca.com\/wordpress\/segunda\/?p=298181"},"modified":"2026-04-08T19:22:25","modified_gmt":"2026-04-08T17:22:25","slug":"la-plataforma-el-castellet-de-turis-convoca-una-concentracion-para-reclamar-la-regulacion-del-suelo-y-la-proteccion-del-territorio","status":"publish","type":"post","link":"https:\/\/www.tucomarca.com\/wordpress\/segunda\/la-plataforma-el-castellet-de-turis-convoca-una-concentracion-para-reclamar-la-regulacion-del-suelo-y-la-proteccion-del-territorio\/","title":{"rendered":"La Plataforma El Castellet de Tur\u00eds convoca una concentraci\u00f3n para reclamar la regulaci\u00f3n del suelo y la protecci\u00f3n del territorio\u00a0"},"content":{"rendered":"\n<p>La Plataforma El Castellet ha convocado una concentraci\u00f3n este viernes, 10 de abril, a las 19,30 horas frente al Ayuntamiento de Tur\u00eds para reclamar \u00abla necesidad urgente de regular el uso del suelo en el municipio y garantizar una planificaci\u00f3n que tenga en cuenta a la ciudadan\u00eda\u00bb, tal como han informado.&nbsp;<\/p>\n\n\n\n<p>Desde la plataforma se insiste \u00aben que la regulaci\u00f3n del territorio es una necesidad que afecta a todos los \u00e1mbitos del municipio, desde la agricultura hasta las urbanizaciones, pasando por el desarrollo econ\u00f3mico y la calidad de vida de los vecinos\u00bb.&nbsp;<\/p>\n\n\n\n<p>\u00abTur\u00eds cuenta con un importante valor agr\u00edcola, siendo este sector uno de los pilares hist\u00f3ricos de su econom\u00eda. La agricultura no solo es un motor econ\u00f3mico, tambi\u00e9n mantiene el paisaje, la identidad y el equilibrio del territorio\u00bb, destacan desde la plataforma. En este sentido, advierten \u00abde que una falta de planificaci\u00f3n puede poner en riesgo tierras de muy alta capacidad agrol\u00f3gica, fundamentales para el futuro del municipio\u00bb.&nbsp;<\/p>\n\n\n\n<p>Pero el impacto no se limita al campo. La plataforma tambi\u00e9n alerta \u00abde que muchas urbanizaciones podr\u00edan verse rodeadas por este tipo de proyectos, afectando directamente a las familias que viven en ellas durante todo el a\u00f1o o que las utilizan como segunda residencia. El entorno forma parte de la calidad de vida, y cualquier transformaci\u00f3n del territorio tiene consecuencias directas sobre los vecinos\u00bb, tal como explican.&nbsp;<\/p>\n\n\n\n<p>Desde la Plataforma El Castellet subrayan \u00abque esta situaci\u00f3n puede evitarse con una correcta planificaci\u00f3n, como ya han hecho municipios cercanos\u00bb. En este sentido, destacan \u00abel caso de Godelleta, donde se han desarrollado instrumentos de regulaci\u00f3n del suelo contando con la participaci\u00f3n de la ciudadan\u00eda y de las asociaciones m\u00e1s afectadas\u00bb.&nbsp;<\/p>\n\n\n\n<p>\u00abPor el contrario, en otros municipios donde esta regulaci\u00f3n no existe, siguen apareciendo nuevos proyectos. Es el caso de Bu\u00f1ol, donde recientemente se ha planteado un nuevo proyecto de instalaci\u00f3n de placas solares en la zona de Farraj\u00f3n, que se suma a otras infraestructuras ya existentes y a un proyecto de planta de biometano en tramitaci\u00f3n\u00bb, a\u00f1aden<\/p>\n\n\n\n<p>Asimismo, desde la plataforma recuerdan \u00abque en distintos puntos del territorio valenciano ya se han producido conflictos derivados de grandes proyectos energ\u00e9ticos, lo que pone de manifiesto la importancia de anticiparse y planificar adecuadamente para evitar situaciones similares\u00bb.\u00a0<\/p>\n\n\n\n<p>En el caso concreto de Tur\u00eds, se\u00f1alan \u00abel proyecto de Torrent Energy, que afecta a suelo agr\u00edcola y a zonas pr\u00f3ximas a urbanizaciones del municipio. Por eso, la plataforma exige al Ayuntamiento una posici\u00f3n clara y firme en defensa del territorio, as\u00ed como el compromiso de utilizar todas las herramientas legales disponibles, incluyendo la v\u00eda contencioso-administrativa si fuera necesario, para frenar proyectos que consideran perjudiciales para el municipio\u00bb.\u00a0<\/p>\n\n\n\n<p>\u00abLa diferencia entre tener o no planificaci\u00f3n es clara: o decides tu modelo de territorio o lo deciden desde fuera\u00bb, afirman desde la plataforma; e insisten \u00aben que su objetivo es hacer pueblo, proteger el territorio y garantizar un futuro en el que convivan la agricultura, la vida vecinal y un desarrollo ordenado\u00bb.\u00a0<\/p>\n\n\n\n<p>Por todo eso, la concentraci\u00f3n del 10 de abril \u00abpretende ser un espacio de reivindicaci\u00f3n y participaci\u00f3n ciudadana para reclamar una regulaci\u00f3n clara del suelo, que proteja el territorio, la agricultura, el entorno de las urbanizaciones y el futuro de Tur\u00eds\u00bb, han finalizado.\u00a0<\/p>\n","protected":false},"excerpt":{"rendered":"<div class=\"mh-excerpt\">La Plataforma El Castellet ha convocado una concentraci\u00f3n este viernes, 10 de abril, a las 19,30 horas frente al Ayuntamiento de Tur\u00eds para reclamar \u00abla necesidad urgente de regular el uso del suelo en el <a class=\"mh-excerpt-more\" href=\"https:\/\/www.tucomarca.com\/wordpress\/segunda\/la-plataforma-el-castellet-de-turis-convoca-una-concentracion-para-reclamar-la-regulacion-del-suelo-y-la-proteccion-del-territorio\/\" title=\"La Plataforma El Castellet de Tur\u00eds convoca una concentraci\u00f3n para reclamar la regulaci\u00f3n del suelo y la protecci\u00f3n del territorio\u00a0\">[+] <\/a><\/div>\n","protected":false},"author":12,"featured_media":298183,"comment_status":"closed","ping_status":"open","sticky":false,"template":"","format":"standard","meta":{"footnotes":""},"categories":[4,128,8,42,117,142,3,116,43],"tags":[24107,1407,10394],"class_list":{"0":"post-298181","1":"post","2":"type-post","3":"status-publish","4":"format-standard","5":"has-post-thumbnail","7":"category-agenda","8":"category-infraestructuras","9":"category-la-comarca","10":"category-la-ribera","11":"category-medio-ambiente-la-comarca","12":"category-politica-la-comarca","13":"category-seccion","14":"category-sucesos-la-comarca","15":"category-turis","16":"tag-plataforma-el-castellet","17":"tag-ribera-alta","18":"tag-turis"},"_links":{"self":[{"href":"https:\/\/www.tucomarca.com\/wordpress\/segunda\/wp-json\/wp\/v2\/posts\/298181","targetHints":{"allow":["GET"]}}],"collection":[{"href":"https:\/\/www.tucomarca.com\/wordpress\/segunda\/wp-json\/wp\/v2\/posts"}],"about":[{"href":"https:\/\/www.tucomarca.com\/wordpress\/segunda\/wp-json\/wp\/v2\/types\/post"}],"author":[{"embeddable":true,"href":"https:\/\/www.tucomarca.com\/wordpress\/segunda\/wp-json\/wp\/v2\/users\/12"}],"replies":[{"embeddable":true,"href":"https:\/\/www.tucomarca.com\/wordpress\/segunda\/wp-json\/wp\/v2\/comments?post=298181"}],"version-history":[{"count":0,"href":"https:\/\/www.tucomarca.com\/wordpress\/segunda\/wp-json\/wp\/v2\/posts\/298181\/revisions"}],"wp:featuredmedia":[{"embeddable":true,"href":"https:\/\/www.tucomarca.com\/wordpress\/segunda\/wp-json\/wp\/v2\/media\/298183"}],"wp:attachment":[{"href":"https:\/\/www.tucomarca.com\/wordpress\/segunda\/wp-json\/wp\/v2\/media?parent=298181"}],"wp:term":[{"taxonomy":"category","embeddable":true,"href":"https:\/\/www.tucomarca.com\/wordpress\/segunda\/wp-json\/wp\/v2\/categories?post=298181"},{"taxonomy":"post_tag","embeddable":true,"href":"https:\/\/www.tucomarca.com\/wordpress\/segunda\/wp-json\/wp\/v2\/tags?post=298181"}],"curies":[{"name":"wp","href":"https:\/\/api.w.org\/{rel}","templated":true}]}}