{"id":298185,"date":"2026-04-08T11:25:00","date_gmt":"2026-04-08T09:25:00","guid":{"rendered":"https:\/\/www.tucomarca.com\/wordpress\/segunda\/?p=298185"},"modified":"2026-04-08T19:29:20","modified_gmt":"2026-04-08T17:29:20","slug":"la-diputacio-completa-la-reparacion-de-las-72-depuradoras-danadas-por-la-dana","status":"publish","type":"post","link":"https:\/\/www.tucomarca.com\/wordpress\/segunda\/la-diputacio-completa-la-reparacion-de-las-72-depuradoras-danadas-por-la-dana\/","title":{"rendered":"La Diputaci\u00f3 completa la reparaci\u00f3n de las 72 depuradoras da\u00f1adas por la DANA"},"content":{"rendered":"\n<h3 class=\"wp-block-heading\">Los t\u00e9cnicos y operarios de Egevasa han ejecutado los trabajos que han financiado el Ministerio y la EPSAR, con un ahorro de m\u00e1s de 10 millones de euros gracias a la tramitaci\u00f3n de las ayudas por parte de la Diputaci\u00f3n.<\/h3>\n\n\n\n<h3 class=\"wp-block-heading\">La vicepresidenta Nat\u00e0lia Enguix destaca \u201cla capacidad de respuesta de Egevasa ante situaciones de emergencia como la dana, que demuestran la importancia del servicio p\u00fablico y de la cooperaci\u00f3n entre instituciones\u201d.<\/h3>\n\n\n\n<h3 class=\"wp-block-heading\">Las depuradoras de Valle dels Alcalans, Siete Aguas y Godelleta deber\u00e1n acometer obras complejas en un futuro para sacar los colectores del cauce de los r\u00edos, tal y como indica la CHJ al determinar nuevos cauces.<\/h3>\n\n\n\n<p>La Diputaci\u00f3 de Val\u00e8ncia ha completado la reparaci\u00f3n de los desperfectos causados por la dana en 72 depuradoras de la provincia. Los trabajos han sido ejecutados por la empresa Egevasa, dependiente de la corporaci\u00f3n que preside Vicent Momp\u00f3. En este sentido, la vicepresidenta Nat\u00e0lia Enguix, responsable de la Junta de Egevasa, destaca \u201cla respuesta que dio la Diputaci\u00f3n desde el primer momento para resolver los da\u00f1os causados en las infraestructuras h\u00eddricas, tanto las de abastecimiento de agua como en las de depuraci\u00f3n\u201d.<\/p>\n\n\n\n<p>Enguix ha puesto en valor el papel de Egevasa en la reparaci\u00f3n de las depuradoras localizadas en distintas comarcas, pero tambi\u00e9n \u201cen la tramitaci\u00f3n de las ayudas del Ministerio que ha permitido disponer de liquidez y ahorrar dinero a la Generalitat\u201d. La vicepresidenta se refiere a que la EPSAR \u201csolo ha tenido que invertir 2,5 de los 20 millones a los que ha ascendido el coste final de los trabajos, tras una estimaci\u00f3n inicial que superaba los 30 millones para acometer las reparaciones necesarias en depuradoras\u201d. El Ministerio ha cubierto el resto con una aportaci\u00f3n de algo m\u00e1s de 17 millones de euros.<\/p>\n\n\n\n<p>En palabras de la presidenta de la Junta de Egevasa, \u201clos trabajos realizados por los operarios y t\u00e9cnicos de la empresa de la Diputaci\u00f3n, que han sido los encargados de reparar las depuradoras, demuestran la capacidad de respuesta ante situaciones sobrevenidas, pero tambi\u00e9n la plena disposici\u00f3n de Egevasa para ayudar a todos los municipios valencianos a resolver sus problemas con el ciclo del agua, tengan o no el servicio con la Diputaci\u00f3n\u201d. Esta situaci\u00f3n \u201cse vio claramente cuando en las semanas posteriores a la dana, Egevasa asisti\u00f3 a noventa municipios pese a gestionar el servicio de tan solo ocho, lo que demuestra que creemos firmemente en el servicio p\u00fablico\u201d, a\u00f1ade Enguix.<\/p>\n\n\n\n<p><strong>Tres proyectos a futuro<\/strong><\/p>\n\n\n\n<p>Tres de las estaciones de depuraci\u00f3n en las que ha intervenido Egevasa deber\u00e1n acometer obras complejas en los pr\u00f3ximos a\u00f1os para sacar los colectores del cauce de los r\u00edos, tal y como ha indicado la Confederaci\u00f3n Hidrogr\u00e1fica del J\u00facar al establecer de nuevo el nivel de los cauces bas\u00e1ndose en los l\u00edmites que alcanz\u00f3 el agua durante la riada de octubre de 2024.<\/p>\n\n\n\n<p>Estas depuradoras son la de Vall dels Alcalans, Siete Aguas y Godelleta, que deber\u00e1n acondicionar las instalaciones para hacerlas compatibles con los nuevos cauces. El gerente de Egevasa, Juan \u00c1ngel Conca, explica que estas actuaciones \u201cse prolongar\u00e1n en el tiempo al tratarse de procedimientos que conllevan en algunos casos expropiaciones de terreno y estudios para determinar la mejor ubicaci\u00f3n para los nuevos colectores\u201d. La situaci\u00f3n ya se dio, por ejemplo, en la depuradora de Ontinyent y el colector que pasaba por el r\u00edo Clariano, afectado por la dana que azot\u00f3 la capital de la Vall d\u2019Albaida en 2019.<\/p>\n\n\n\n<p>El plan de recuperaci\u00f3n de depuradoras comenz\u00f3 en Godelleta apenas dos semanas despu\u00e9s de la riada, con una estimaci\u00f3n presupuestaria inicial de 31 millones de euros. La agilidad con la que se pudo dar respuesta a las necesidades sobrevenidas tuvo mucho que ver con la aprobaci\u00f3n del acuerdo de cooperaci\u00f3n entre la Diputaci\u00f3n y la EPSAR, perteneciente a la Generalitat, para dar respuesta a las contingencias.<\/p>\n\n\n\n<p>En materia de agua, \u201cla Diputaci\u00f3n ha asumido ese papel de coordinaci\u00f3n entre administraciones locales y la auton\u00f3mica para ser m\u00e1s eficientes en un servicio b\u00e1sico como es el abastecimiento de agua potable, la conducci\u00f3n de aguas residuales y la depuraci\u00f3n\u201d, concluye Nat\u00e0lia Enguix, quien destaca el trabajo que est\u00e1 realizando la delegaci\u00f3n del Ciclo Integral del Agua que dirige Paco Comes.<\/p>\n","protected":false},"excerpt":{"rendered":"<div class=\"mh-excerpt\">Los t\u00e9cnicos y operarios de Egevasa han ejecutado los trabajos que han financiado el Ministerio y la EPSAR, con un ahorro de m\u00e1s de 10 millones de euros gracias a la tramitaci\u00f3n de las ayudas <a class=\"mh-excerpt-more\" href=\"https:\/\/www.tucomarca.com\/wordpress\/segunda\/la-diputacio-completa-la-reparacion-de-las-72-depuradoras-danadas-por-la-dana\/\" title=\"La Diputaci\u00f3 completa la reparaci\u00f3n de las 72 depuradoras da\u00f1adas por la DANA\">[+] <\/a><\/div>\n","protected":false},"author":12,"featured_media":244914,"comment_status":"closed","ping_status":"open","sticky":false,"template":"","format":"standard","meta":{"footnotes":""},"categories":[21465,14,128,8,72,10,117,142,3,12,116,45],"tags":[12831,1945,3677,10383,10381],"class_list":{"0":"post-298185","1":"post","2":"type-post","3":"status-publish","4":"format-standard","5":"has-post-thumbnail","7":"category-dana","8":"category-godelleta","9":"category-infraestructuras","10":"category-la-comarca","11":"category-sin-categorizar","12":"category-la-hoya","13":"category-medio-ambiente-la-comarca","14":"category-politica-la-comarca","15":"category-seccion","16":"category-siete-aguas","17":"category-sucesos-la-comarca","18":"category-ventana","19":"tag-dana-2","20":"tag-depuradoras","21":"tag-diputacio-de-valencia","22":"tag-godelleta","23":"tag-siete-aguas"},"_links":{"self":[{"href":"https:\/\/www.tucomarca.com\/wordpress\/segunda\/wp-json\/wp\/v2\/posts\/298185","targetHints":{"allow":["GET"]}}],"collection":[{"href":"https:\/\/www.tucomarca.com\/wordpress\/segunda\/wp-json\/wp\/v2\/posts"}],"about":[{"href":"https:\/\/www.tucomarca.com\/wordpress\/segunda\/wp-json\/wp\/v2\/types\/post"}],"author":[{"embeddable":true,"href":"https:\/\/www.tucomarca.com\/wordpress\/segunda\/wp-json\/wp\/v2\/users\/12"}],"replies":[{"embeddable":true,"href":"https:\/\/www.tucomarca.com\/wordpress\/segunda\/wp-json\/wp\/v2\/comments?post=298185"}],"version-history":[{"count":0,"href":"https:\/\/www.tucomarca.com\/wordpress\/segunda\/wp-json\/wp\/v2\/posts\/298185\/revisions"}],"wp:featuredmedia":[{"embeddable":true,"href":"https:\/\/www.tucomarca.com\/wordpress\/segunda\/wp-json\/wp\/v2\/media\/244914"}],"wp:attachment":[{"href":"https:\/\/www.tucomarca.com\/wordpress\/segunda\/wp-json\/wp\/v2\/media?parent=298185"}],"wp:term":[{"taxonomy":"category","embeddable":true,"href":"https:\/\/www.tucomarca.com\/wordpress\/segunda\/wp-json\/wp\/v2\/categories?post=298185"},{"taxonomy":"post_tag","embeddable":true,"href":"https:\/\/www.tucomarca.com\/wordpress\/segunda\/wp-json\/wp\/v2\/tags?post=298185"}],"curies":[{"name":"wp","href":"https:\/\/api.w.org\/{rel}","templated":true}]}}