{"id":298217,"date":"2026-04-08T11:55:00","date_gmt":"2026-04-08T09:55:00","guid":{"rendered":"https:\/\/www.tucomarca.com\/wordpress\/segunda\/?p=298217"},"modified":"2026-04-08T19:49:46","modified_gmt":"2026-04-08T17:49:46","slug":"la-diputacio-aprueba-66-nuevos-proyectos-del-pla-obert-en-50-municipios-con-una-inversion-de-105-millones","status":"publish","type":"post","link":"https:\/\/www.tucomarca.com\/wordpress\/segunda\/la-diputacio-aprueba-66-nuevos-proyectos-del-pla-obert-en-50-municipios-con-una-inversion-de-105-millones\/","title":{"rendered":"La Diputaci\u00f3 aprueba 66 nuevos proyectos del Pla Obert en 50 municipios con una inversi\u00f3n de 10,5 millones"},"content":{"rendered":"\n<h3 class=\"wp-block-heading\">La Ribera Alta y la Safor son las comarcas con m\u00e1s iniciativas aprobadas en el \u00faltimo decreto de un plan inversor con 350 millones de euros, que suma ya 1.053 proyectos en marcha o ejecutados por valor de 158 millones.<\/h3>\n\n\n\n<h3 class=\"wp-block-heading\">La vicepresidenta Enguix y el presidente Momp\u00f3 destacan la \u201cnueva hornada de actuaciones en urbanismo, accesibilidad, zonas verdes, instalaciones deportivas, mejoras de edificios p\u00fablicos y el ciclo integral del agua\u201d.<\/h3>\n\n\n\n<p>El Pla Obert de la Diputaci\u00f3n suma ya 1.053 proyectos en marcha o ejecutados en las comarcas valencianas, con una inversi\u00f3n de 158 millones de euros de los 350 millones de los que consta el plan cuatrienal, principal programa inversor de la corporaci\u00f3n. Estas cifras se han alcanzado tras la aprobaci\u00f3n del \u00faltimo decreto, con fecha 30 de marzo, en el que se da luz verde a 66 iniciativas presentadas por 49 ayuntamientos y dos mancomunidades. \u201cEl Pla Obert incrementa su ritmo con el transcurso de la legislatura, tal y como hab\u00edamos previsto al dotarlo de mayor flexibilidad y sin tiempos cerrados\u201d, destaca la vicepresidenta Nat\u00e0lia Enguix.<\/p>\n\n\n\n<p>Enguix es la responsable de Cooperaci\u00f3n Municipal, el \u00e1rea que coordina el mayor plan inversor en la historia de la Diputaci\u00f3 de Val\u00e8ncia. En su opini\u00f3n, \u201cla evoluci\u00f3n del programa demuestra que no nos equivocamos concediendo m\u00e1s facilidades a los ayuntamientos para presentar sus solicitudes en cualquier momento, permitiendo que maduren la decisi\u00f3n de en qu\u00e9 invertir el dinero, bien sea en peque\u00f1as obras y adquisici\u00f3n de material o en grandes proyectos de legislatura que con menos tiempo es complicado poner en marcha\u201d.<\/p>\n\n\n\n<p>La responsable de Cooperaci\u00f3n coincide con el presidente de la Diputaci\u00f3n, Vicent Momp\u00f3, en que el Pla Obert \u201ces el reflejo de la cercan\u00eda que la instituci\u00f3n debe tener con los 266 municipios de la provincia, las entidades locales menores y las mancomunidades\u201d. Para Momp\u00f3, el programa inversor incluye \u201ctodo aquello que nos plantean los ayuntamientos y que necesitan sus vecinas y vecinos, desde actuaciones urban\u00edsticas hasta mejoras de la accesibilidad y las zonas verdes y deportivas, pasando por la adecuaci\u00f3n de edificios y la renovaci\u00f3n del ciclo del agua, entre otras muchas solicitudes como la adquisici\u00f3n de materiales y veh\u00edculos municipales\u201d.&nbsp;<\/p>\n\n\n\n<p><strong>Actuaciones por comarcas<\/strong><\/p>\n\n\n\n<p>Por comarcas, la Ribera Alta y la Safor son las que m\u00e1s actuaciones concentran en el nuevo decreto del Pla Obert, con 11 nuevos proyectos cada una. Les siguen la Vall d\u2019Albaida y la Costera con ocho iniciativas aprobadas, y la Serran\u00eda con seis. Adem\u00e1s, el \u00e1rea provincial de Cooperaci\u00f3n ha dado luz verde a otros cinco proyectos de municipios de l\u2019Horta Sud; cuatro en l\u2019Horta Nord; otros cuatro en el Camp de Morvedre; y tres en la Ribera Baixa y el Rinc\u00f3n de Ademuz.<\/p>\n\n\n\n<p>El listado de nuevas obras lo completan Alborache, en la Hoya de Bu\u00f1ol, que mejorar\u00e1 la accesibilidad de la calle de Abajo con una inversi\u00f3n de 316.000 euros; G\u00e1tova, en el Camp de T\u00faria, que rehabilitar\u00e1 la piscina municipal (235.000 euros); y Millares, en la Canal de Navarr\u00e9s, que tiene previstas mejoras en el centro de gesti\u00f3n de residuos (52.000 euros).&nbsp;<\/p>\n\n\n\n<p>Los municipios m\u00e1s activos esta vez han sido Casas Altas, en el Rinc\u00f3n de Ademuz, y Gilet, en el Camp de Morvedre, con tres actuaciones presentadas y aprobadas. Tous, Cotes, Palma de Gandia, Guardamar de la Safor, Salem, Otos, L\u2019Alc\u00fadia de Crespins, Vallada, Cerd\u00e0, Paiporta y Chelva, cuentan con dos nuevos proyectos en marcha.<\/p>\n\n\n\n<p><strong>Proyectos destacados<\/strong><\/p>\n\n\n\n<p>Entre las actuaciones m\u00e1s destacadas encontramos la rehabilitaci\u00f3n de espacios p\u00fablicos para servicios sociales en Paiporta, con una inversi\u00f3n global cercana al mill\u00f3n y medio de euros; la renovaci\u00f3n de aceras en la calle Joan Fuster de Algemes\u00ed (400.000 euros); la reurbanizaci\u00f3n de varias calles de Vallada, incluyendo la renovaci\u00f3n de la red de saneamiento y agua potable (498.000); la cubierta de la pista de baloncesto del polideportivo de Benifair\u00f3 de la Valldigna (400.000); y la reforma del parc Primer de Maig de Montaverner (280.000).<\/p>\n\n\n\n<p>Otros proyectos destacados son la rehabilitaci\u00f3n de un edificio para hogar del jubilado en Emperador (280.000 euros); la ampliaci\u00f3n del camino de Resalany de Masalav\u00e9s (290.000); y la urbanizaci\u00f3n del n\u00facleo hist\u00f3rico de Palma de Gandia (328.000). En el \u00faltimo decreto empiezan a aparecer solicitudes para la mejora de piscinas municipales, caso de las aprobadas a Palma de Gandia, La Yesa, Tu\u00e9jar, Otos y la ya mencionada en G\u00e1tova.<\/p>\n","protected":false},"excerpt":{"rendered":"<div class=\"mh-excerpt\">La Ribera Alta y la Safor son las comarcas con m\u00e1s iniciativas aprobadas en el \u00faltimo decreto de un plan inversor con 350 millones de euros, que suma ya 1.053 proyectos en marcha o ejecutados <a class=\"mh-excerpt-more\" href=\"https:\/\/www.tucomarca.com\/wordpress\/segunda\/la-diputacio-aprueba-66-nuevos-proyectos-del-pla-obert-en-50-municipios-con-una-inversion-de-105-millones\/\" title=\"La Diputaci\u00f3 aprueba 66 nuevos proyectos del Pla Obert en 50 municipios con una inversi\u00f3n de 10,5 millones\">[+] <\/a><\/div>\n","protected":false},"author":1,"featured_media":298218,"comment_status":"closed","ping_status":"open","sticky":false,"template":"","format":"standard","meta":{"footnotes":""},"categories":[49,224,128,70,8,72,10,42,59,117,142,182,3,116,45],"tags":[10395,5952,3640,3912,10400,10388,10387],"class_list":{"0":"post-298217","1":"post","2":"type-post","3":"status-publish","4":"format-standard","5":"has-post-thumbnail","7":"category-ademuz","8":"category-casas-altas","9":"category-infraestructuras","10":"category-la-canal-de-navarres","11":"category-la-comarca","12":"category-sin-categorizar","13":"category-la-hoya","14":"category-la-ribera","15":"category-los-serranos","16":"category-medio-ambiente-la-comarca","17":"category-politica-la-comarca","18":"category-riba-roja","19":"category-seccion","20":"category-sucesos-la-comarca","21":"category-ventana","22":"tag-camp-de-turia","23":"tag-la-hoya-de-bunol-chiva","24":"tag-la-ribera-alta","25":"tag-la-serrania","26":"tag-los-serranos","27":"tag-requena","28":"tag-requena-utiel"},"_links":{"self":[{"href":"https:\/\/www.tucomarca.com\/wordpress\/segunda\/wp-json\/wp\/v2\/posts\/298217","targetHints":{"allow":["GET"]}}],"collection":[{"href":"https:\/\/www.tucomarca.com\/wordpress\/segunda\/wp-json\/wp\/v2\/posts"}],"about":[{"href":"https:\/\/www.tucomarca.com\/wordpress\/segunda\/wp-json\/wp\/v2\/types\/post"}],"author":[{"embeddable":true,"href":"https:\/\/www.tucomarca.com\/wordpress\/segunda\/wp-json\/wp\/v2\/users\/1"}],"replies":[{"embeddable":true,"href":"https:\/\/www.tucomarca.com\/wordpress\/segunda\/wp-json\/wp\/v2\/comments?post=298217"}],"version-history":[{"count":0,"href":"https:\/\/www.tucomarca.com\/wordpress\/segunda\/wp-json\/wp\/v2\/posts\/298217\/revisions"}],"wp:featuredmedia":[{"embeddable":true,"href":"https:\/\/www.tucomarca.com\/wordpress\/segunda\/wp-json\/wp\/v2\/media\/298218"}],"wp:attachment":[{"href":"https:\/\/www.tucomarca.com\/wordpress\/segunda\/wp-json\/wp\/v2\/media?parent=298217"}],"wp:term":[{"taxonomy":"category","embeddable":true,"href":"https:\/\/www.tucomarca.com\/wordpress\/segunda\/wp-json\/wp\/v2\/categories?post=298217"},{"taxonomy":"post_tag","embeddable":true,"href":"https:\/\/www.tucomarca.com\/wordpress\/segunda\/wp-json\/wp\/v2\/tags?post=298217"}],"curies":[{"name":"wp","href":"https:\/\/api.w.org\/{rel}","templated":true}]}}