{"id":298226,"date":"2026-04-09T10:15:00","date_gmt":"2026-04-09T08:15:00","guid":{"rendered":"https:\/\/www.tucomarca.com\/wordpress\/segunda\/?p=298226"},"modified":"2026-04-09T20:11:19","modified_gmt":"2026-04-09T18:11:19","slug":"fotogaleria-la-plataforma-de-urbanizaciones-de-godelleta-pug-organiza-la-actividad-de-restauracion-ambiental-escuchando-al-rio-en-el-barranco-del-murtal","status":"publish","type":"post","link":"https:\/\/www.tucomarca.com\/wordpress\/segunda\/fotogaleria-la-plataforma-de-urbanizaciones-de-godelleta-pug-organiza-la-actividad-de-restauracion-ambiental-escuchando-al-rio-en-el-barranco-del-murtal\/","title":{"rendered":"La Plataforma de Urbanizaciones de Godelleta (PUG) organiza la actividad de restauraci\u00f3n ambiental &#8216;Escuchando al R\u00edo&#8217; en el Barranco del Murtal"},"content":{"rendered":"\n<h3 class=\"wp-block-heading\">Jose Vega, Ge\u00f3grafo por la Universidad de Valencia y Secretario de Medioambiente de la Plataforma Urbanizaciones de Godelleta (PUG), ha organizado la actividad de restauraci\u00f3n ambiental, con una gran participaci\u00f3n ciudadana.<\/h3>\n\n\n\n<p>La Plataforma de Urbanizaciones de Godelleta (PUG) ha organizado una actividad de restauraci\u00f3n ambiental denominada \u201cEscuchando al R\u00edo\u201d en el Barranco del Murtal, una actividad medioambiental que ha estado dirigida y coordinada por Jose Vicente Vega, Ge\u00f3grafo, M\u00e1ster en Biodiversidad y Conservaci\u00f3n de Ecosistemas y secretario de Medioambiente y Divulgaci\u00f3n Cient\u00edfica de la Plataforma de Urbanizaciones Godelleta (PUG).<\/p>\n\n\n\n<p>La jornada t\u00e9cnica se localiz\u00f3 en el tramo medio del barranco del Murtal de Godelleta, \u00abun enclave estrat\u00e9gico por su condici\u00f3n de tributario de la cuenca vertiente de la rambla del Poyo. Este curso fluvial destaca por presentar un r\u00e9gimen de caudal permanente (flujo estacionario), durante gran parte del ciclo anual, un factor determinante para el mantenimiento de una elevada biodiversidad rip\u00edcola y la estabilidad de los ecosistemas asociados\u00bb, tal como han informado desde la PUG.<\/p>\n\n\n\n<p>\u00abLa actividad se estructur\u00f3 bajo un modelo de divulgaci\u00f3n cient\u00edfica multinivel, dise\u00f1ado para integrar tanto a perfiles t\u00e9cnicos y especialistas del sector, como a un p\u00fablico generalista. La metodolog\u00eda se dividi\u00f3 en tres fases diferenciadas: una sesi\u00f3n de fundamentaci\u00f3n te\u00f3rica y dos bloques de aplicaci\u00f3n pr\u00e1ctica sobre el terreno\u00bb. han a\u00f1adido.\u00a0<\/p>\n\n\n\n<p>\u00abLa fase inicial se desarroll\u00f3 en el enclave natural de \u00abLa Alameda\u00bb. Este espacio, catalogado de elevado valor ecol\u00f3gico, albergaba hist\u00f3ricamente una comunidad forestal de ribera compuesta por diversas especies riparias. La composici\u00f3n dendrol\u00f3gica inclu\u00eda chopos blancos <em>(Populus alba)<\/em>, chopos canadienses <em>(Populus x canadensis)<\/em>, as\u00ed como formaciones de tarays <em>(Tamarix canariensis). <\/em>Asimismo, se registraba la presencia de ejemplares aislados de olmo com\u00fan <em>(Ulmus minor) <\/em>y sauce plateado <em>(Salix alba)\u00bb.<\/em><\/p>\n\n\n\n<p>\u00abNo obstante, destacar que la integridad estructural de este bosque de galer\u00eda se vio severamente comprometida tras el episodio de avenida torrencial (barrancada) del pasado 29 de octubre. La magnitud del evento hidrol\u00f3gico supuso la p\u00e9rdida total de la masa arb\u00f3rea preexistente, alterando significativamente la din\u00e1mica del ecosistema fluvial en dicho tramo\u00bb, como han explicado desde la PUG.<\/p>\n\n\n\n<p>\u00abEn esta aula abierta a pie de campo, pudimos contar con la participaci\u00f3n de expertos de primer nivel en \u00e1reas de Biolog\u00eda, Limnolog\u00eda, Geograf\u00eda o Conservaci\u00f3n. Comenzamos con una pr\u00e1ctica introductoria, dirigida por Sergio Navas, pedagogo y M\u00e1ster en Acci\u00f3n Social y Educativa, que vers\u00f3 sobre la importancia que tiene la pr\u00e1ctica del mindfulness, la re-conexi\u00f3n interior o la biofilia (t\u00e9rmino descrito en el libro del entom\u00f3logo y bi\u00f3logo estadounidense Edward Osborne Wilson, que hace referencia a la conexi\u00f3n innata y emocional del ser humano con la naturaleza)\u00bb.\u00a0<\/p>\n\n\n\n<p>Vicente Ruiz Chaparro, (Secretario general de la Plataforma de Urbanizaciones de Godelleta), present\u00f3 los objetivos y principios rectores de esta.\u00a0Jos\u00e9 Vega, adem\u00e1s de moderar la actividad, analiz\u00f3 la din\u00e1mica hidrol\u00f3gica del sistema fluvial Murtal-Gallego. Su exposici\u00f3n abord\u00f3 la interrelaci\u00f3n entre la ordenaci\u00f3n territorial y la planificaci\u00f3n urban\u00edstica, haciendo especial \u00e9nfasis en los procesos de impermeabilizaci\u00f3n de las cuencas de drenaje. Asimismo, se examinaron las repercusiones catastr\u00f3ficas derivadas de fen\u00f3menos de <em>\u00abflash flood\u00bb<\/em> (inundaciones rel\u00e1mpago) asociados a episodios de precipitaci\u00f3n extrema.<\/p>\n\n\n\n<p>Por su parte, Manel Pastor i Madalena, Doctor en Historia Medieval y Premio Recercat 2025, contextualiz\u00f3 la jornada desde una perspectiva hist\u00f3rica y territorial. Tras presentar su reciente obra, \u201cLa Baron\u00eda de Chiva\u201d, expuso las l\u00edneas estrat\u00e9gicas y los objetivos del Instituto de Estudios Comarcales de la Hoya de Bu\u00f1ol, subrayando la importancia del patrimonio documental en la gesti\u00f3n del territorio.<\/p>\n\n\n\n<p>La sesi\u00f3n continu\u00f3 con la intervenci\u00f3n de Javier Gonz\u00e1lez Segura, ge\u00f3grafo especializado en gesti\u00f3n del territorio y redactor del Cat\u00e1logo de \u00c1rboles Monumentales de Requena. Su ponencia analiz\u00f3 la toponimia rural del Charco del Buey y la funcionalidad hist\u00f3rica de las v\u00edas pecuarias.&nbsp;<\/p>\n\n\n\n<p>Asimismo, profundiz\u00f3 en el patrimonio h\u00eddrico vinculado a la ganader\u00eda extensiva y los sistemas de aprovechamiento de agua en entornos de secano, elementos clave de la infraestructura hidr\u00e1ulica tradicional y la trashumancia.<\/p>\n\n\n\n<p>Por otro lado, Alfredo Benlloch Barrachina, Doctor en Ciencias Biol\u00f3gicas y especialista en educaci\u00f3n ambiental, centr\u00f3 su exposici\u00f3n en la biodiversidad del Paraje Natural Municipal Sierra Perenchiza. Su an\u00e1lisis abord\u00f3 la estructura de las comunidades vegetales, el estado de conservaci\u00f3n de las especies protegidas y la relevancia de las microreservas de flora locales, subrayando la importancia de estos n\u00facleos para el mantenimiento de la resiliencia ecol\u00f3gica del ecosistema.<\/p>\n\n\n\n<p>La primera parte pr\u00e1ctica consisti\u00f3 en evaluar el estado ecol\u00f3gico del curso fluvial mediante el an\u00e1lisis fisicoqu\u00edmico y la aplicaci\u00f3n del \u00edndice IBMWP <em>(Iberian Biological Monitoring Working Party),<\/em> sobre macroinvertebrados acu\u00e1ticos. Esta actividad fue dirigida por el Dr. Eduardo Mois\u00e9s Garc\u00eda, vicedecano y profesor del Departamento de Microbiolog\u00eda y Ecolog\u00eda de la Universidad de Valencia, experto en ecolog\u00eda de h\u00e1bitats temporales mediterr\u00e1neos y peque\u00f1os cursos de agua intermitentes e investigador del Instituto Cavanilles de Biodiversidad y Biolog\u00eda Evolutiva (ICBIBE) en el campo de la ecolog\u00eda de poblaciones acu\u00e1ticas, especialmente en h\u00e1bitats temporales como lagunas y pozas, de la regi\u00f3n mediterr\u00e1nea, adem\u00e1s de ser autor de m\u00e1s de 50 art\u00edculos cient\u00edficos en revistas internacionales de alto impacto, como <em>Limnology and Oceanography, Scientific Reports, Freshwater Biology, Oikos, o Proceedings of the Royal Society.<\/em><\/p>\n\n\n\n<p>La \u00faltima fase, tambi\u00e9n de car\u00e1cter pr\u00e1ctico, fue dirigida por Elena Collado Peris, especialista en Gesti\u00f3n de Recursos Naturales y Paisaj\u00edsticos y, coordinadora del proyecto europeo de restauraci\u00f3n ecol\u00f3gica \u00abCa\u00f1a a la Ca\u00f1a\u00bb. Esta iniciativa, financiada por la Fundaci\u00f3n Biodiversidad (Fondos NextGenerationEU) e impulsada por el Consorci de la Ribera y la Fundaci\u00f3 Limne, tiene como objetivo principal la erradicaci\u00f3n de la especie invasora Arundo donax (ca\u00f1a com\u00fan) y, la renaturalizaci\u00f3n en la cuenca baja del r\u00edo J\u00facar.<\/p>\n\n\n\n<p>Durante la jornada, se ejecut\u00f3 un dise\u00f1o de plantaci\u00f3n estratificado en ambos m\u00e1rgenes del cauce. La intervenci\u00f3n consisti\u00f3 en la reintroducci\u00f3n de diversos estratos vegetales: macr\u00f3fitos hel\u00f3fitos <em>(Iris pseudacorus, Scirpus spp.), <\/em>especies arbustivas term\u00f3filas como la murta <em>(Myrtus communis) <\/em>y el lentisco <em>(Pistacia lentiscus), <\/em>y estratos arb\u00f3reos caracter\u00edsticos de la vegetaci\u00f3n de ribera, incluyendo sauces <em>(Salix spp.), <\/em>fresnos <em>(Fraxinus angustifolia)<\/em>, tarays <em>(Tamarix spp.)<\/em> y espinos blancos <em>(Crataegus monogyna). <\/em>Esta acci\u00f3n de revegetaci\u00f3n estrat\u00e9gica busca restaurar la funcionalidad ecol\u00f3gica del ecosistema y consolidar la estabilidad de los m\u00e1rgenes fluviales.<\/p>\n\n\n\n<figure class=\"wp-block-gallery has-nested-images columns-2 is-cropped wp-block-gallery-1 is-layout-flex wp-block-gallery-is-layout-flex\">\n<figure class=\"wp-block-image size-large\"><img loading=\"lazy\" decoding=\"async\" width=\"1024\" height=\"768\" data-id=\"298249\" src=\"https:\/\/www.tucomarca.com\/wordpress\/segunda\/wp-content\/uploads\/2026\/04\/SERGIONAVAS-1024x768.jpg\" alt=\"\" class=\"wp-image-298249\" srcset=\"https:\/\/www.tucomarca.com\/wordpress\/segunda\/wp-content\/uploads\/2026\/04\/SERGIONAVAS-1024x768.jpg 1024w, https:\/\/www.tucomarca.com\/wordpress\/segunda\/wp-content\/uploads\/2026\/04\/SERGIONAVAS-300x225.jpg 300w, https:\/\/www.tucomarca.com\/wordpress\/segunda\/wp-content\/uploads\/2026\/04\/SERGIONAVAS-768x576.jpg 768w, https:\/\/www.tucomarca.com\/wordpress\/segunda\/wp-content\/uploads\/2026\/04\/SERGIONAVAS-1536x1152.jpg 1536w, https:\/\/www.tucomarca.com\/wordpress\/segunda\/wp-content\/uploads\/2026\/04\/SERGIONAVAS-678x509.jpg 678w, https:\/\/www.tucomarca.com\/wordpress\/segunda\/wp-content\/uploads\/2026\/04\/SERGIONAVAS-326x245.jpg 326w, https:\/\/www.tucomarca.com\/wordpress\/segunda\/wp-content\/uploads\/2026\/04\/SERGIONAVAS-80x60.jpg 80w, https:\/\/www.tucomarca.com\/wordpress\/segunda\/wp-content\/uploads\/2026\/04\/SERGIONAVAS.jpg 1600w\" sizes=\"auto, (max-width: 1024px) 100vw, 1024px\" \/><\/figure>\n\n\n\n<figure class=\"wp-block-image size-large\"><img loading=\"lazy\" decoding=\"async\" width=\"1024\" height=\"768\" data-id=\"298251\" src=\"https:\/\/www.tucomarca.com\/wordpress\/segunda\/wp-content\/uploads\/2026\/04\/VICENTERUIZ-1024x768.jpeg\" alt=\"\" class=\"wp-image-298251\" srcset=\"https:\/\/www.tucomarca.com\/wordpress\/segunda\/wp-content\/uploads\/2026\/04\/VICENTERUIZ-1024x768.jpeg 1024w, https:\/\/www.tucomarca.com\/wordpress\/segunda\/wp-content\/uploads\/2026\/04\/VICENTERUIZ-300x225.jpeg 300w, https:\/\/www.tucomarca.com\/wordpress\/segunda\/wp-content\/uploads\/2026\/04\/VICENTERUIZ-768x576.jpeg 768w, https:\/\/www.tucomarca.com\/wordpress\/segunda\/wp-content\/uploads\/2026\/04\/VICENTERUIZ-1536x1152.jpeg 1536w, https:\/\/www.tucomarca.com\/wordpress\/segunda\/wp-content\/uploads\/2026\/04\/VICENTERUIZ-678x509.jpeg 678w, https:\/\/www.tucomarca.com\/wordpress\/segunda\/wp-content\/uploads\/2026\/04\/VICENTERUIZ-326x245.jpeg 326w, https:\/\/www.tucomarca.com\/wordpress\/segunda\/wp-content\/uploads\/2026\/04\/VICENTERUIZ-80x60.jpeg 80w, https:\/\/www.tucomarca.com\/wordpress\/segunda\/wp-content\/uploads\/2026\/04\/VICENTERUIZ.jpeg 2048w\" sizes=\"auto, (max-width: 1024px) 100vw, 1024px\" \/><\/figure>\n\n\n\n<figure class=\"wp-block-image size-large\"><img loading=\"lazy\" decoding=\"async\" width=\"1024\" height=\"768\" data-id=\"298243\" src=\"https:\/\/www.tucomarca.com\/wordpress\/segunda\/wp-content\/uploads\/2026\/04\/JOSEVEGA-1024x768.jpg\" alt=\"\" class=\"wp-image-298243\" srcset=\"https:\/\/www.tucomarca.com\/wordpress\/segunda\/wp-content\/uploads\/2026\/04\/JOSEVEGA-1024x768.jpg 1024w, https:\/\/www.tucomarca.com\/wordpress\/segunda\/wp-content\/uploads\/2026\/04\/JOSEVEGA-300x225.jpg 300w, https:\/\/www.tucomarca.com\/wordpress\/segunda\/wp-content\/uploads\/2026\/04\/JOSEVEGA-768x576.jpg 768w, https:\/\/www.tucomarca.com\/wordpress\/segunda\/wp-content\/uploads\/2026\/04\/JOSEVEGA-1536x1152.jpg 1536w, https:\/\/www.tucomarca.com\/wordpress\/segunda\/wp-content\/uploads\/2026\/04\/JOSEVEGA-678x509.jpg 678w, https:\/\/www.tucomarca.com\/wordpress\/segunda\/wp-content\/uploads\/2026\/04\/JOSEVEGA-326x245.jpg 326w, https:\/\/www.tucomarca.com\/wordpress\/segunda\/wp-content\/uploads\/2026\/04\/JOSEVEGA-80x60.jpg 80w, https:\/\/www.tucomarca.com\/wordpress\/segunda\/wp-content\/uploads\/2026\/04\/JOSEVEGA.jpg 1600w\" sizes=\"auto, (max-width: 1024px) 100vw, 1024px\" \/><\/figure>\n\n\n\n<figure class=\"wp-block-image size-large\"><img loading=\"lazy\" decoding=\"async\" width=\"1024\" height=\"768\" data-id=\"298245\" src=\"https:\/\/www.tucomarca.com\/wordpress\/segunda\/wp-content\/uploads\/2026\/04\/MANELPASTOR-1024x768.jpeg\" alt=\"\" class=\"wp-image-298245\" srcset=\"https:\/\/www.tucomarca.com\/wordpress\/segunda\/wp-content\/uploads\/2026\/04\/MANELPASTOR-1024x768.jpeg 1024w, https:\/\/www.tucomarca.com\/wordpress\/segunda\/wp-content\/uploads\/2026\/04\/MANELPASTOR-300x225.jpeg 300w, https:\/\/www.tucomarca.com\/wordpress\/segunda\/wp-content\/uploads\/2026\/04\/MANELPASTOR-768x576.jpeg 768w, https:\/\/www.tucomarca.com\/wordpress\/segunda\/wp-content\/uploads\/2026\/04\/MANELPASTOR-1536x1152.jpeg 1536w, https:\/\/www.tucomarca.com\/wordpress\/segunda\/wp-content\/uploads\/2026\/04\/MANELPASTOR-678x509.jpeg 678w, https:\/\/www.tucomarca.com\/wordpress\/segunda\/wp-content\/uploads\/2026\/04\/MANELPASTOR-326x245.jpeg 326w, https:\/\/www.tucomarca.com\/wordpress\/segunda\/wp-content\/uploads\/2026\/04\/MANELPASTOR-80x60.jpeg 80w, https:\/\/www.tucomarca.com\/wordpress\/segunda\/wp-content\/uploads\/2026\/04\/MANELPASTOR.jpeg 2048w\" sizes=\"auto, (max-width: 1024px) 100vw, 1024px\" \/><\/figure>\n\n\n\n<figure class=\"wp-block-image size-large\"><img loading=\"lazy\" decoding=\"async\" width=\"1024\" height=\"768\" data-id=\"298241\" src=\"https:\/\/www.tucomarca.com\/wordpress\/segunda\/wp-content\/uploads\/2026\/04\/JAVIERGONZALEZ-1024x768.jpg\" alt=\"\" class=\"wp-image-298241\" srcset=\"https:\/\/www.tucomarca.com\/wordpress\/segunda\/wp-content\/uploads\/2026\/04\/JAVIERGONZALEZ-1024x768.jpg 1024w, https:\/\/www.tucomarca.com\/wordpress\/segunda\/wp-content\/uploads\/2026\/04\/JAVIERGONZALEZ-300x225.jpg 300w, https:\/\/www.tucomarca.com\/wordpress\/segunda\/wp-content\/uploads\/2026\/04\/JAVIERGONZALEZ-768x576.jpg 768w, https:\/\/www.tucomarca.com\/wordpress\/segunda\/wp-content\/uploads\/2026\/04\/JAVIERGONZALEZ-1536x1152.jpg 1536w, https:\/\/www.tucomarca.com\/wordpress\/segunda\/wp-content\/uploads\/2026\/04\/JAVIERGONZALEZ-678x509.jpg 678w, https:\/\/www.tucomarca.com\/wordpress\/segunda\/wp-content\/uploads\/2026\/04\/JAVIERGONZALEZ-326x245.jpg 326w, https:\/\/www.tucomarca.com\/wordpress\/segunda\/wp-content\/uploads\/2026\/04\/JAVIERGONZALEZ-80x60.jpg 80w, https:\/\/www.tucomarca.com\/wordpress\/segunda\/wp-content\/uploads\/2026\/04\/JAVIERGONZALEZ.jpg 1600w\" sizes=\"auto, (max-width: 1024px) 100vw, 1024px\" \/><\/figure>\n\n\n\n<figure class=\"wp-block-image size-large\"><img loading=\"lazy\" decoding=\"async\" width=\"1024\" height=\"820\" data-id=\"298231\" src=\"https:\/\/www.tucomarca.com\/wordpress\/segunda\/wp-content\/uploads\/2026\/04\/ALFREDOBENLLOCH-1024x820.jpg\" alt=\"\" class=\"wp-image-298231\" srcset=\"https:\/\/www.tucomarca.com\/wordpress\/segunda\/wp-content\/uploads\/2026\/04\/ALFREDOBENLLOCH-1024x820.jpg 1024w, https:\/\/www.tucomarca.com\/wordpress\/segunda\/wp-content\/uploads\/2026\/04\/ALFREDOBENLLOCH-300x240.jpg 300w, https:\/\/www.tucomarca.com\/wordpress\/segunda\/wp-content\/uploads\/2026\/04\/ALFREDOBENLLOCH-768x615.jpg 768w, https:\/\/www.tucomarca.com\/wordpress\/segunda\/wp-content\/uploads\/2026\/04\/ALFREDOBENLLOCH.jpg 1070w\" sizes=\"auto, (max-width: 1024px) 100vw, 1024px\" \/><\/figure>\n\n\n\n<figure class=\"wp-block-image size-large\"><img loading=\"lazy\" decoding=\"async\" width=\"1024\" height=\"768\" data-id=\"298233\" src=\"https:\/\/www.tucomarca.com\/wordpress\/segunda\/wp-content\/uploads\/2026\/04\/EDUARDOMOISES-I-1024x768.jpg\" alt=\"\" class=\"wp-image-298233\" srcset=\"https:\/\/www.tucomarca.com\/wordpress\/segunda\/wp-content\/uploads\/2026\/04\/EDUARDOMOISES-I-1024x768.jpg 1024w, https:\/\/www.tucomarca.com\/wordpress\/segunda\/wp-content\/uploads\/2026\/04\/EDUARDOMOISES-I-300x225.jpg 300w, https:\/\/www.tucomarca.com\/wordpress\/segunda\/wp-content\/uploads\/2026\/04\/EDUARDOMOISES-I-768x576.jpg 768w, https:\/\/www.tucomarca.com\/wordpress\/segunda\/wp-content\/uploads\/2026\/04\/EDUARDOMOISES-I-1536x1152.jpg 1536w, https:\/\/www.tucomarca.com\/wordpress\/segunda\/wp-content\/uploads\/2026\/04\/EDUARDOMOISES-I-678x509.jpg 678w, https:\/\/www.tucomarca.com\/wordpress\/segunda\/wp-content\/uploads\/2026\/04\/EDUARDOMOISES-I-326x245.jpg 326w, https:\/\/www.tucomarca.com\/wordpress\/segunda\/wp-content\/uploads\/2026\/04\/EDUARDOMOISES-I-80x60.jpg 80w, https:\/\/www.tucomarca.com\/wordpress\/segunda\/wp-content\/uploads\/2026\/04\/EDUARDOMOISES-I.jpg 1600w\" sizes=\"auto, (max-width: 1024px) 100vw, 1024px\" \/><\/figure>\n\n\n\n<figure class=\"wp-block-image size-large\"><img loading=\"lazy\" decoding=\"async\" width=\"1024\" height=\"768\" data-id=\"298235\" src=\"https:\/\/www.tucomarca.com\/wordpress\/segunda\/wp-content\/uploads\/2026\/04\/EDUARDOMOISES2-1024x768.jpg\" alt=\"\" class=\"wp-image-298235\" srcset=\"https:\/\/www.tucomarca.com\/wordpress\/segunda\/wp-content\/uploads\/2026\/04\/EDUARDOMOISES2-1024x768.jpg 1024w, https:\/\/www.tucomarca.com\/wordpress\/segunda\/wp-content\/uploads\/2026\/04\/EDUARDOMOISES2-300x225.jpg 300w, https:\/\/www.tucomarca.com\/wordpress\/segunda\/wp-content\/uploads\/2026\/04\/EDUARDOMOISES2-768x576.jpg 768w, https:\/\/www.tucomarca.com\/wordpress\/segunda\/wp-content\/uploads\/2026\/04\/EDUARDOMOISES2-1536x1152.jpg 1536w, https:\/\/www.tucomarca.com\/wordpress\/segunda\/wp-content\/uploads\/2026\/04\/EDUARDOMOISES2-678x509.jpg 678w, https:\/\/www.tucomarca.com\/wordpress\/segunda\/wp-content\/uploads\/2026\/04\/EDUARDOMOISES2-326x245.jpg 326w, https:\/\/www.tucomarca.com\/wordpress\/segunda\/wp-content\/uploads\/2026\/04\/EDUARDOMOISES2-80x60.jpg 80w, https:\/\/www.tucomarca.com\/wordpress\/segunda\/wp-content\/uploads\/2026\/04\/EDUARDOMOISES2.jpg 1600w\" sizes=\"auto, (max-width: 1024px) 100vw, 1024px\" \/><\/figure>\n\n\n\n<figure class=\"wp-block-image size-large\"><img loading=\"lazy\" decoding=\"async\" width=\"1024\" height=\"768\" data-id=\"298237\" src=\"https:\/\/www.tucomarca.com\/wordpress\/segunda\/wp-content\/uploads\/2026\/04\/ELENACOLLADO-1024x768.jpeg\" alt=\"\" class=\"wp-image-298237\" srcset=\"https:\/\/www.tucomarca.com\/wordpress\/segunda\/wp-content\/uploads\/2026\/04\/ELENACOLLADO-1024x768.jpeg 1024w, https:\/\/www.tucomarca.com\/wordpress\/segunda\/wp-content\/uploads\/2026\/04\/ELENACOLLADO-300x225.jpeg 300w, https:\/\/www.tucomarca.com\/wordpress\/segunda\/wp-content\/uploads\/2026\/04\/ELENACOLLADO-768x576.jpeg 768w, https:\/\/www.tucomarca.com\/wordpress\/segunda\/wp-content\/uploads\/2026\/04\/ELENACOLLADO-1536x1152.jpeg 1536w, https:\/\/www.tucomarca.com\/wordpress\/segunda\/wp-content\/uploads\/2026\/04\/ELENACOLLADO-678x509.jpeg 678w, https:\/\/www.tucomarca.com\/wordpress\/segunda\/wp-content\/uploads\/2026\/04\/ELENACOLLADO-326x245.jpeg 326w, https:\/\/www.tucomarca.com\/wordpress\/segunda\/wp-content\/uploads\/2026\/04\/ELENACOLLADO-80x60.jpeg 80w, https:\/\/www.tucomarca.com\/wordpress\/segunda\/wp-content\/uploads\/2026\/04\/ELENACOLLADO.jpeg 2048w\" sizes=\"auto, (max-width: 1024px) 100vw, 1024px\" \/><\/figure>\n\n\n\n<figure class=\"wp-block-image size-large\"><img loading=\"lazy\" decoding=\"async\" width=\"1024\" height=\"768\" data-id=\"298247\" src=\"https:\/\/www.tucomarca.com\/wordpress\/segunda\/wp-content\/uploads\/2026\/04\/PLANTACION2-1024x768.jpeg\" alt=\"\" class=\"wp-image-298247\" srcset=\"https:\/\/www.tucomarca.com\/wordpress\/segunda\/wp-content\/uploads\/2026\/04\/PLANTACION2-1024x768.jpeg 1024w, https:\/\/www.tucomarca.com\/wordpress\/segunda\/wp-content\/uploads\/2026\/04\/PLANTACION2-300x225.jpeg 300w, https:\/\/www.tucomarca.com\/wordpress\/segunda\/wp-content\/uploads\/2026\/04\/PLANTACION2-768x576.jpeg 768w, https:\/\/www.tucomarca.com\/wordpress\/segunda\/wp-content\/uploads\/2026\/04\/PLANTACION2-1536x1152.jpeg 1536w, https:\/\/www.tucomarca.com\/wordpress\/segunda\/wp-content\/uploads\/2026\/04\/PLANTACION2-678x509.jpeg 678w, https:\/\/www.tucomarca.com\/wordpress\/segunda\/wp-content\/uploads\/2026\/04\/PLANTACION2-326x245.jpeg 326w, https:\/\/www.tucomarca.com\/wordpress\/segunda\/wp-content\/uploads\/2026\/04\/PLANTACION2-80x60.jpeg 80w, https:\/\/www.tucomarca.com\/wordpress\/segunda\/wp-content\/uploads\/2026\/04\/PLANTACION2.jpeg 1600w\" sizes=\"auto, (max-width: 1024px) 100vw, 1024px\" \/><\/figure>\n\n\n\n<figure class=\"wp-block-image size-large\"><img loading=\"lazy\" decoding=\"async\" width=\"1024\" height=\"768\" data-id=\"298239\" src=\"https:\/\/www.tucomarca.com\/wordpress\/segunda\/wp-content\/uploads\/2026\/04\/GodelletaRIO-1024x768.jpg\" alt=\"\" class=\"wp-image-298239\" srcset=\"https:\/\/www.tucomarca.com\/wordpress\/segunda\/wp-content\/uploads\/2026\/04\/GodelletaRIO-1024x768.jpg 1024w, https:\/\/www.tucomarca.com\/wordpress\/segunda\/wp-content\/uploads\/2026\/04\/GodelletaRIO-300x225.jpg 300w, https:\/\/www.tucomarca.com\/wordpress\/segunda\/wp-content\/uploads\/2026\/04\/GodelletaRIO-768x576.jpg 768w, https:\/\/www.tucomarca.com\/wordpress\/segunda\/wp-content\/uploads\/2026\/04\/GodelletaRIO-1536x1152.jpg 1536w, https:\/\/www.tucomarca.com\/wordpress\/segunda\/wp-content\/uploads\/2026\/04\/GodelletaRIO-678x509.jpg 678w, https:\/\/www.tucomarca.com\/wordpress\/segunda\/wp-content\/uploads\/2026\/04\/GodelletaRIO-326x245.jpg 326w, https:\/\/www.tucomarca.com\/wordpress\/segunda\/wp-content\/uploads\/2026\/04\/GodelletaRIO-80x60.jpg 80w, https:\/\/www.tucomarca.com\/wordpress\/segunda\/wp-content\/uploads\/2026\/04\/GodelletaRIO.jpg 1600w\" sizes=\"auto, (max-width: 1024px) 100vw, 1024px\" \/><\/figure>\n<\/figure>\n\n\n\n<p><\/p>\n\n\n\n<p>\u00abGracias a la colaboraci\u00f3n ciudadana y al seguimiento t\u00e9cnico y trazabilidad por parte de la Confederaci\u00f3n Hidrogr\u00e1fica del J\u00facar, como organismo competente, seguimos cuidando nuestras riberas. Trabajamos en el mantenimiento y consolidaci\u00f3n del bosque de galer\u00eda,\u00a0 mediante riegos continuados y podas selectivas (resalveos) para potenciar la regeneraci\u00f3n natural de las comunidades vegetales en el barranco del Murtal\u00bb, han finalizado desde la PUG.<\/p>\n\n\n\n<p><strong>RESULTADOS DEL MUESTREO Y LA PLANTACI\u00d3N<\/strong><\/p>\n\n\n\n<ul class=\"wp-block-list\">\n<li>Par\u00e1metros f\u00edsicoqu\u00edmicos<\/li>\n\n\n\n<li>Nitratos (25 mg\/l)<\/li>\n\n\n\n<li>Nitritos (0)<\/li>\n\n\n\n<li>Ph (6,9)<\/li>\n\n\n\n<li>T\u00aa del agua (17,5 \u00baC)<\/li>\n\n\n\n<li>Porcentaje de saturaci\u00f3n de Ox\u00edgeno (151 %)<\/li>\n\n\n\n<li>Salinidad (0,76 gr\/l)<\/li>\n\n\n\n<li>Conductividad (1 \u03bcS\/cm)<\/li>\n\n\n\n<li>Ox\u00edgeno disuelto (14,45 mg\/l)<\/li>\n\n\n\n<li>Dureza de Carbonatos y bicarbonatos-Kh. (180 gr\/l)<\/li>\n<\/ul>\n\n\n\n<p><strong>\u00cdndice IBMWP. Presencia de macroinvertebrados<\/strong><\/p>\n\n\n\n<ul class=\"wp-block-list\">\n<li>TRIC\u00d3PTEROS (Hydropsychidae &#8211; Seritoscomatidae)<\/li>\n\n\n\n<li>EPHEMEROPTERA (Baetidae &#8211; Caenidae &#8211; Leptophlebiidae)<\/li>\n\n\n\n<li>D\u00cdPTERA (Simullidae &#8211; Chironomidae &#8211; Tipulidae)<\/li>\n\n\n\n<li>CRUSTACEA (Gammaridae)<\/li>\n\n\n\n<li>PLANAIDAE<\/li>\n\n\n\n<li>COLE\u00d3PTERA (Dytiscidae)<\/li>\n\n\n\n<li>MOLLUSCA (Physidae)<\/li>\n<\/ul>\n\n\n\n<p><strong>Restauraci\u00f3n del bosque de ribera<\/strong><\/p>\n\n\n\n<ul class=\"wp-block-list\">\n<li>Sarga, salcilla <em>(S\u00e1lix eleagnos)<\/em> (180)<\/li>\n\n\n\n<li>Espino blanco <em>(Crataegus monogyna)<\/em> (5)<\/li>\n\n\n\n<li>Taray <em>(Tamarix Canariensis)<\/em> (20)<\/li>\n\n\n\n<li>Mirto, murta <em>(Myrtus communis)<\/em> (20)<\/li>\n\n\n\n<li>Olivillo, labi\u00e9rnago blanco <em>(Phillyrea angustifolia)<\/em><\/li>\n\n\n\n<li>Lentisco <em>(Pistacia lentiscus)<\/em> (20)<\/li>\n\n\n\n<li>Fresno de hoja estrecha <em>(Fraxinus angustifolia)<\/em> (1)<\/li>\n\n\n\n<li>Hel\u00f3fitos (Mudriegos, lirios, juncos, vincas) (50)<\/li>\n<\/ul>\n","protected":false},"excerpt":{"rendered":"<div class=\"mh-excerpt\">Jose Vega, Ge\u00f3grafo por la Universidad de Valencia y Secretario de Medioambiente de la Plataforma Urbanizaciones de Godelleta (PUG), ha organizado la actividad de restauraci\u00f3n ambiental, con una gran participaci\u00f3n ciudadana. La Plataforma de Urbanizaciones <a class=\"mh-excerpt-more\" href=\"https:\/\/www.tucomarca.com\/wordpress\/segunda\/fotogaleria-la-plataforma-de-urbanizaciones-de-godelleta-pug-organiza-la-actividad-de-restauracion-ambiental-escuchando-al-rio-en-el-barranco-del-murtal\/\" title=\"La Plataforma de Urbanizaciones de Godelleta (PUG) organiza la actividad de restauraci\u00f3n ambiental &#8216;Escuchando al R\u00edo&#8217; en el Barranco del Murtal\">[+] <\/a><\/div>\n","protected":false},"author":12,"featured_media":298229,"comment_status":"closed","ping_status":"open","sticky":false,"template":"","format":"gallery","meta":{"footnotes":""},"categories":[14,128,8,10,117,7,142,3],"tags":[24109,10383,5952,19197],"class_list":{"0":"post-298226","1":"post","2":"type-post","3":"status-publish","4":"format-gallery","5":"has-post-thumbnail","7":"category-godelleta","8":"category-infraestructuras","9":"category-la-comarca","10":"category-la-hoya","11":"category-medio-ambiente-la-comarca","12":"category-ocio-y-cultura","13":"category-politica-la-comarca","14":"category-seccion","15":"tag-escuchando-al-rio","16":"tag-godelleta","17":"tag-la-hoya-de-bunol-chiva","18":"tag-pug","19":"post_format-post-format-gallery"},"_links":{"self":[{"href":"https:\/\/www.tucomarca.com\/wordpress\/segunda\/wp-json\/wp\/v2\/posts\/298226","targetHints":{"allow":["GET"]}}],"collection":[{"href":"https:\/\/www.tucomarca.com\/wordpress\/segunda\/wp-json\/wp\/v2\/posts"}],"about":[{"href":"https:\/\/www.tucomarca.com\/wordpress\/segunda\/wp-json\/wp\/v2\/types\/post"}],"author":[{"embeddable":true,"href":"https:\/\/www.tucomarca.com\/wordpress\/segunda\/wp-json\/wp\/v2\/users\/12"}],"replies":[{"embeddable":true,"href":"https:\/\/www.tucomarca.com\/wordpress\/segunda\/wp-json\/wp\/v2\/comments?post=298226"}],"version-history":[{"count":0,"href":"https:\/\/www.tucomarca.com\/wordpress\/segunda\/wp-json\/wp\/v2\/posts\/298226\/revisions"}],"wp:featuredmedia":[{"embeddable":true,"href":"https:\/\/www.tucomarca.com\/wordpress\/segunda\/wp-json\/wp\/v2\/media\/298229"}],"wp:attachment":[{"href":"https:\/\/www.tucomarca.com\/wordpress\/segunda\/wp-json\/wp\/v2\/media?parent=298226"}],"wp:term":[{"taxonomy":"category","embeddable":true,"href":"https:\/\/www.tucomarca.com\/wordpress\/segunda\/wp-json\/wp\/v2\/categories?post=298226"},{"taxonomy":"post_tag","embeddable":true,"href":"https:\/\/www.tucomarca.com\/wordpress\/segunda\/wp-json\/wp\/v2\/tags?post=298226"}],"curies":[{"name":"wp","href":"https:\/\/api.w.org\/{rel}","templated":true}]}}