{"id":298267,"date":"2026-04-09T12:00:00","date_gmt":"2026-04-09T10:00:00","guid":{"rendered":"https:\/\/www.tucomarca.com\/wordpress\/segunda\/?p=298267"},"modified":"2026-04-09T20:28:07","modified_gmt":"2026-04-09T18:28:07","slug":"el-pla-obert-de-la-diputacion-financiara-la-rehabilitacion-de-las-piscinas-publicas-de-gatova-tuejar-y-la-yesa","status":"publish","type":"post","link":"https:\/\/www.tucomarca.com\/wordpress\/segunda\/el-pla-obert-de-la-diputacion-financiara-la-rehabilitacion-de-las-piscinas-publicas-de-gatova-tuejar-y-la-yesa\/","title":{"rendered":"El Pla Obert de la Diputaci\u00f3 financiar\u00e1 la rehabilitaci\u00f3n de las piscinas p\u00fablicas de G\u00e1tova, Tu\u00e9jar y La Yesa"},"content":{"rendered":"\n<h3 class=\"wp-block-heading\">Las tres actuaciones son las m\u00e1s destacadas en el Camp de T\u00faria y la Serran\u00eda en el \u00faltimo decreto del gran programa inversor provincial, que aprueba una dotaci\u00f3n global de 750.000 euros en ambas comarcas.<\/h3>\n\n\n\n<h3 class=\"wp-block-heading\">La vicepresidenta Enguix destaca adem\u00e1s \u201cla actuaci\u00f3n en prevenci\u00f3n de incendios con la helisuperficie de Chulilla\u201d. En el Rinc\u00f3n de Ademuz se ha aprobado la urbanizaci\u00f3n del acceso al albergue de Casas Altas.<\/h3>\n\n\n\n<p>La Diputaci\u00f3 de Val\u00e8ncia invertir\u00e1 235.000 euros en la rehabilitaci\u00f3n de la piscina de G\u00e1tova. Esta actuaci\u00f3n es la \u00fanica solicitada por municipios del Camp de T\u00faria en el \u00faltimo decreto del Pla Obert, el gran programa inversor de la corporaci\u00f3n con 350 millones de euros, de los cuales cerca de 26 millones se quedar\u00e1n en forma de mejoras en los pueblos de la comarca, unos seis millones m\u00e1s que en la pasada legislatura.<\/p>\n\n\n\n<p>En la vecina comarca de la Serran\u00eda son seis los proyectos aprobados a cinco ayuntamientos. Tanto Tu\u00e9jar como La Yesa han decidido tambi\u00e9n rehabilitar sus piscinas de verano, en el caso de Tu\u00e9jar con reforma incluida de los vestuarios y la eliminaci\u00f3n de barreras arquitect\u00f3nicas que mejoren la accesibilidad en el recinto (182.000 euros). Adem\u00e1s, Calles dotar\u00e1 al servicio de limpieza municipal de una nueva barredora (115.000); Chulilla adecuar\u00e1 los terrenos para una helisuperficie utilizable en prevenci\u00f3n de incendios; y Chelva adquirir\u00e1 un inmueble para equipamiento municipal y una plataforma elevadora.<\/p>\n\n\n\n<p>Y de los Serranos saltamos al Rinc\u00f3n de Ademuz, donde Casas Altas concentra la actividad en la comarca con hasta tres iniciativas aprobadas. La m\u00e1s destacada es la urbanizaci\u00f3n del acceso al albergue y el polideportivo, con una aportaci\u00f3n provincial de 52.000 euros. Tambi\u00e9n se comprar\u00e1n paneles para los bandos de informaci\u00f3n p\u00fablica y pasamanos para instalar en distintos tramos de la calle Barraca. En total, 511.000 euros para municipios de la Serran\u00eda y alrededor de 57.000 para Casas Altas, en el Rinc\u00f3n de Ademuz.<\/p>\n\n\n\n<p><strong>Nuevo decreto<\/strong><\/p>\n\n\n\n<p>Todas estas actuaciones han recibido el visto bueno provincial en el decreto del Pla Obert con fecha 30 de marzo, que incluye un total de 66 proyectos presentados por 49 ayuntamientos y dos mancomunidades. El principal programa inversor de la Diputaci\u00f3n suma ya 1.053 proyectos en marcha o ejecutados en las comarcas valencianas, con una inversi\u00f3n de 158 millones de euros de los 350 millones de los que consta el plan cuatrienal.<\/p>\n\n\n\n<p>La responsable de Cooperaci\u00f3n, Nat\u00e0lia Enguix, coincide con el presidente de la Diputaci\u00f3n, Vicent Momp\u00f3, en que el Pla Obert \u201ces el reflejo de la cercan\u00eda que la instituci\u00f3n debe tener con los 266 municipios de la provincia, las entidades locales menores y las mancomunidades\u201d. \u201cLa evoluci\u00f3n del programa demuestra que no nos equivocamos concediendo m\u00e1s facilidades a los ayuntamientos para presentar sus solicitudes en cualquier momento, dando cobertura a actuaciones m\u00e1s sencillas y a proyectos m\u00e1s grandes o de legislatura\u201d, concluye Momp\u00f3.<\/p>\n","protected":false},"excerpt":{"rendered":"<div class=\"mh-excerpt\">Las tres actuaciones son las m\u00e1s destacadas en el Camp de T\u00faria y la Serran\u00eda en el \u00faltimo decreto del gran programa inversor provincial, que aprueba una dotaci\u00f3n global de 750.000 euros en ambas comarcas. <a class=\"mh-excerpt-more\" href=\"https:\/\/www.tucomarca.com\/wordpress\/segunda\/el-pla-obert-de-la-diputacion-financiara-la-rehabilitacion-de-las-piscinas-publicas-de-gatova-tuejar-y-la-yesa\/\" title=\"El Pla Obert de la Diputaci\u00f3 financiar\u00e1 la rehabilitaci\u00f3n de las piscinas p\u00fablicas de G\u00e1tova, Tu\u00e9jar y La Yesa\">[+] <\/a><\/div>\n","protected":false},"author":12,"featured_media":298272,"comment_status":"closed","ping_status":"open","sticky":false,"template":"","format":"standard","meta":{"footnotes":""},"categories":[49,190,46,224,188,176,128,8,103,59,117,142,3,134,45],"tags":[10397,10395,3677,3912,19987],"class_list":{"0":"post-298267","1":"post","2":"type-post","3":"status-publish","4":"format-standard","5":"has-post-thumbnail","7":"category-ademuz","8":"category-calles","9":"category-camp-de-turia","10":"category-casas-altas","11":"category-chelva","12":"category-gatova","13":"category-infraestructuras","14":"category-la-comarca","15":"category-la-yesa","16":"category-los-serranos","17":"category-medio-ambiente-la-comarca","18":"category-politica-la-comarca","19":"category-seccion","20":"category-tuejar","21":"category-ventana","22":"tag-ademuz","23":"tag-camp-de-turia","24":"tag-diputacio-de-valencia","25":"tag-la-serrania","26":"tag-pla-obert-dinversions"},"_links":{"self":[{"href":"https:\/\/www.tucomarca.com\/wordpress\/segunda\/wp-json\/wp\/v2\/posts\/298267","targetHints":{"allow":["GET"]}}],"collection":[{"href":"https:\/\/www.tucomarca.com\/wordpress\/segunda\/wp-json\/wp\/v2\/posts"}],"about":[{"href":"https:\/\/www.tucomarca.com\/wordpress\/segunda\/wp-json\/wp\/v2\/types\/post"}],"author":[{"embeddable":true,"href":"https:\/\/www.tucomarca.com\/wordpress\/segunda\/wp-json\/wp\/v2\/users\/12"}],"replies":[{"embeddable":true,"href":"https:\/\/www.tucomarca.com\/wordpress\/segunda\/wp-json\/wp\/v2\/comments?post=298267"}],"version-history":[{"count":0,"href":"https:\/\/www.tucomarca.com\/wordpress\/segunda\/wp-json\/wp\/v2\/posts\/298267\/revisions"}],"wp:featuredmedia":[{"embeddable":true,"href":"https:\/\/www.tucomarca.com\/wordpress\/segunda\/wp-json\/wp\/v2\/media\/298272"}],"wp:attachment":[{"href":"https:\/\/www.tucomarca.com\/wordpress\/segunda\/wp-json\/wp\/v2\/media?parent=298267"}],"wp:term":[{"taxonomy":"category","embeddable":true,"href":"https:\/\/www.tucomarca.com\/wordpress\/segunda\/wp-json\/wp\/v2\/categories?post=298267"},{"taxonomy":"post_tag","embeddable":true,"href":"https:\/\/www.tucomarca.com\/wordpress\/segunda\/wp-json\/wp\/v2\/tags?post=298267"}],"curies":[{"name":"wp","href":"https:\/\/api.w.org\/{rel}","templated":true}]}}