{"id":298392,"date":"2026-04-09T10:50:00","date_gmt":"2026-04-09T08:50:00","guid":{"rendered":"https:\/\/www.tucomarca.com\/wordpress\/segunda\/?p=298392"},"modified":"2026-04-09T20:21:31","modified_gmt":"2026-04-09T18:21:31","slug":"la-diputacio-de-valencia-consolida-su-defensa-de-la-gastronomia-local-apoyando-una-nueva-edicion-de-mostra-proava","status":"publish","type":"post","link":"https:\/\/www.tucomarca.com\/wordpress\/segunda\/la-diputacio-de-valencia-consolida-su-defensa-de-la-gastronomia-local-apoyando-una-nueva-edicion-de-mostra-proava\/","title":{"rendered":"La Diputaci\u00f3 de Val\u00e8ncia consolida su defensa de la gastronom\u00eda local apoyando una nueva edici\u00f3n de Mostra Proava"},"content":{"rendered":"\n<p>La Diputaci\u00f3 de Val\u00e8ncia consolida su apuesta por la Mostra Proava. El diputado de Turismo de la Diputaci\u00f3 de Val\u00e8ncia, Pedro Cuesta, ha participado este jueves en la inauguraci\u00f3n de la 36 Mostra Proava que se celebra hasta el pr\u00f3ximo 13 de abril en el cauce del Turia, en el tramo entre los puentes de la Exposici\u00f3n y de las Flores de Valencia, y en la que se promocionan los vinos, cavas, licores y el producto gastron\u00f3mico artesanal locales, con especial atenci\u00f3n a las denominaciones de origen y sellos de calidad.<\/p>\n\n\n\n<p>El diputado ha mostrado el respaldo de la corporaci\u00f3n provincial al certamen, que cuenta con la declaraci\u00f3n de Fiesta de Inter\u00e9s Tur\u00edstico Auton\u00f3mico de la Comunitat Valenciana y de la que ha destacado su \u201cdefensa y promoci\u00f3n del producto y de los productores locales, indispensables en nuestra gastronom\u00eda y que cada vez suscitan mayor inter\u00e9s entre los visitantes de la provincia\u201d.&nbsp;<\/p>\n\n\n\n<figure class=\"wp-block-image size-full\"><img loading=\"lazy\" decoding=\"async\" width=\"945\" height=\"709\" src=\"https:\/\/www.tucomarca.com\/wordpress\/segunda\/wp-content\/uploads\/2026\/04\/DipuProava2.jpg\" alt=\"\" class=\"wp-image-298397\" srcset=\"https:\/\/www.tucomarca.com\/wordpress\/segunda\/wp-content\/uploads\/2026\/04\/DipuProava2.jpg 945w, https:\/\/www.tucomarca.com\/wordpress\/segunda\/wp-content\/uploads\/2026\/04\/DipuProava2-300x225.jpg 300w, https:\/\/www.tucomarca.com\/wordpress\/segunda\/wp-content\/uploads\/2026\/04\/DipuProava2-768x576.jpg 768w, https:\/\/www.tucomarca.com\/wordpress\/segunda\/wp-content\/uploads\/2026\/04\/DipuProava2-678x509.jpg 678w, https:\/\/www.tucomarca.com\/wordpress\/segunda\/wp-content\/uploads\/2026\/04\/DipuProava2-326x245.jpg 326w, https:\/\/www.tucomarca.com\/wordpress\/segunda\/wp-content\/uploads\/2026\/04\/DipuProava2-80x60.jpg 80w\" sizes=\"auto, (max-width: 945px) 100vw, 945px\" \/><\/figure>\n","protected":false},"excerpt":{"rendered":"<div class=\"mh-excerpt\">La Diputaci\u00f3 de Val\u00e8ncia consolida su apuesta por la Mostra Proava. El diputado de Turismo de la Diputaci\u00f3 de Val\u00e8ncia, Pedro Cuesta, ha participado este jueves en la inauguraci\u00f3n de la 36 Mostra Proava que <a class=\"mh-excerpt-more\" href=\"https:\/\/www.tucomarca.com\/wordpress\/segunda\/la-diputacio-de-valencia-consolida-su-defensa-de-la-gastronomia-local-apoyando-una-nueva-edicion-de-mostra-proava\/\" title=\"La Diputaci\u00f3 de Val\u00e8ncia consolida su defensa de la gastronom\u00eda local apoyando una nueva edici\u00f3n de Mostra Proava\">[+] <\/a><\/div>\n","protected":false},"author":12,"featured_media":298395,"comment_status":"closed","ping_status":"open","sticky":false,"template":"","format":"standard","meta":{"footnotes":""},"categories":[113,8,72,7,3,45],"tags":[3677,13059,18065],"class_list":{"0":"post-298392","1":"post","2":"type-post","3":"status-publish","4":"format-standard","5":"has-post-thumbnail","7":"category-vinos","8":"category-la-comarca","9":"category-sin-categorizar","10":"category-ocio-y-cultura","11":"category-seccion","12":"category-ventana","13":"tag-diputacio-de-valencia","14":"tag-proava","15":"tag-valencia-turisme-2"},"_links":{"self":[{"href":"https:\/\/www.tucomarca.com\/wordpress\/segunda\/wp-json\/wp\/v2\/posts\/298392","targetHints":{"allow":["GET"]}}],"collection":[{"href":"https:\/\/www.tucomarca.com\/wordpress\/segunda\/wp-json\/wp\/v2\/posts"}],"about":[{"href":"https:\/\/www.tucomarca.com\/wordpress\/segunda\/wp-json\/wp\/v2\/types\/post"}],"author":[{"embeddable":true,"href":"https:\/\/www.tucomarca.com\/wordpress\/segunda\/wp-json\/wp\/v2\/users\/12"}],"replies":[{"embeddable":true,"href":"https:\/\/www.tucomarca.com\/wordpress\/segunda\/wp-json\/wp\/v2\/comments?post=298392"}],"version-history":[{"count":0,"href":"https:\/\/www.tucomarca.com\/wordpress\/segunda\/wp-json\/wp\/v2\/posts\/298392\/revisions"}],"wp:featuredmedia":[{"embeddable":true,"href":"https:\/\/www.tucomarca.com\/wordpress\/segunda\/wp-json\/wp\/v2\/media\/298395"}],"wp:attachment":[{"href":"https:\/\/www.tucomarca.com\/wordpress\/segunda\/wp-json\/wp\/v2\/media?parent=298392"}],"wp:term":[{"taxonomy":"category","embeddable":true,"href":"https:\/\/www.tucomarca.com\/wordpress\/segunda\/wp-json\/wp\/v2\/categories?post=298392"},{"taxonomy":"post_tag","embeddable":true,"href":"https:\/\/www.tucomarca.com\/wordpress\/segunda\/wp-json\/wp\/v2\/tags?post=298392"}],"curies":[{"name":"wp","href":"https:\/\/api.w.org\/{rel}","templated":true}]}}