{"id":298405,"date":"2026-04-10T09:30:00","date_gmt":"2026-04-10T07:30:00","guid":{"rendered":"https:\/\/www.tucomarca.com\/wordpress\/segunda\/?p=298405"},"modified":"2026-04-10T19:53:52","modified_gmt":"2026-04-10T17:53:52","slug":"bellamarina-covinas-descorcha-su-ultimo-lanzamiento-en-la-mostra-proava","status":"publish","type":"post","link":"https:\/\/www.tucomarca.com\/wordpress\/segunda\/bellamarina-covinas-descorcha-su-ultimo-lanzamiento-en-la-mostra-proava\/","title":{"rendered":"Bellamarina: Covi\u00f1as descorcha su \u00faltimo lanzamiento en la Mostra PROAVA"},"content":{"rendered":"\n<h3 class=\"wp-block-heading\">Un blanco y un rosado vers\u00e1tiles, frescos, elegantes y con personalidad&nbsp;<\/h3>\n\n\n\n<h3 class=\"wp-block-heading\">Triple celebraci\u00f3n de la bodega en este evento. Junto a la presentaci\u00f3n oficial de esta nueva gama, su Cava AULA Semi-Seco ha sido galardonado en el XI Concurso Oficial de Vinos de la Comunitat Valenciana y su firme compromiso con la sostenibilidad ha sido reconocido con el Premio Cajamar.<\/h3>\n\n\n\n<p><strong>Covi\u00f1as<\/strong> ha presentado oficialmente su \u00faltimo proyecto enol\u00f3gico: <strong>BELLAMARINA<\/strong> en la <strong>Mostra PROAVA<\/strong> que se ha inaugurado hoy y se desarrollar\u00e1 hasta el pr\u00f3ximo 13 de abril en el Jard\u00edn del Turia (entre el puente de la Exposici\u00f3n y el puente de las Flores). La bodega referente de la Denominaci\u00f3n de Origen UtielRequena suma con este lanzamiento un nuevo hito en su compromiso con la elaboraci\u00f3n de vinos que conectan con todos los perfiles de consumidores.&nbsp;<\/p>\n\n\n\n<p>Un blanco y un rosado que nacen de un <strong>proceso de creaci\u00f3n con total libertad enol\u00f3gica<\/strong>. Elaborados con una selecci\u00f3n de uvas mediterr\u00e1neas, sin Denominaci\u00f3n de Origen, ni varietal declarado, para centrarse en lo esencial: <strong>frescura, equilibrio y placer<\/strong>. Dos referencias, con una est\u00e9tica actual, dise\u00f1o estilizado y minimalista en tonalidades empolvadas, pensadas para seducir primera vista y conquistar al primer sorbo.<\/p>\n\n\n\n<p>Sofisticaci\u00f3n sin excesos en una gama que convierte el lujo en accesible, cotidiano y disfrutable, dirigida a un p\u00fablico urbano y social, atento a las tendencias y que apuesta por vinos vers\u00e1tiles, elegantes y con personalidad. As\u00ed es BELLAMARINA.<\/p>\n\n\n\n<p><strong>BELLAMARINA Blanco<\/strong><\/p>\n\n\n\n<p>Frescura, equilibrio y ligereza mediterr\u00e1nea, con sabores c\u00edtricos y frutales que se entrelazan con una delicada sensaci\u00f3n mineral e invitan a disfrutar. Perfecto para maridar con sushi, pescados, mariscos, arroces mediterr\u00e1neos o ensaladas frescas. Tambi\u00e9n como aperitivo en momentos de terraceo o encuentros informales.<\/p>\n\n\n\n<p><strong>BELLAMARINA Rosado<\/strong><\/p>\n\n\n\n<p>Refrescante y sedoso, de cuerpo ligero, con sabores frutales equilibrados: notas de fresa fresca, melocot\u00f3n blanco y flores silvestres que evocan a los rosados provenzales. Excelente acompa\u00f1amiento para aperitivos, platos mediterr\u00e1neos ligeros, ensaladas, arroces o cocina marinera. Para saborear en momentos distendidos y en reuniones sin etiquetas, ni formalismos.<\/p>\n\n\n\n<figure class=\"wp-block-gallery has-nested-images columns-default is-cropped wp-block-gallery-1 is-layout-flex wp-block-gallery-is-layout-flex\">\n<figure class=\"wp-block-image size-large\"><img loading=\"lazy\" decoding=\"async\" width=\"768\" height=\"1024\" data-id=\"298418\" src=\"https:\/\/www.tucomarca.com\/wordpress\/segunda\/wp-content\/uploads\/2026\/04\/BELLAMARINACovinas-768x1024.jpg\" alt=\"\" class=\"wp-image-298418\" srcset=\"https:\/\/www.tucomarca.com\/wordpress\/segunda\/wp-content\/uploads\/2026\/04\/BELLAMARINACovinas-768x1024.jpg 768w, https:\/\/www.tucomarca.com\/wordpress\/segunda\/wp-content\/uploads\/2026\/04\/BELLAMARINACovinas-225x300.jpg 225w, https:\/\/www.tucomarca.com\/wordpress\/segunda\/wp-content\/uploads\/2026\/04\/BELLAMARINACovinas.jpg 886w\" sizes=\"auto, (max-width: 768px) 100vw, 768px\" \/><\/figure>\n\n\n\n<figure class=\"wp-block-image size-large\"><img loading=\"lazy\" decoding=\"async\" width=\"768\" height=\"1024\" data-id=\"298420\" src=\"https:\/\/www.tucomarca.com\/wordpress\/segunda\/wp-content\/uploads\/2026\/04\/CAVAAULASEMI-SECOCovinas-768x1024.jpg\" alt=\"\" class=\"wp-image-298420\" srcset=\"https:\/\/www.tucomarca.com\/wordpress\/segunda\/wp-content\/uploads\/2026\/04\/CAVAAULASEMI-SECOCovinas-768x1024.jpg 768w, https:\/\/www.tucomarca.com\/wordpress\/segunda\/wp-content\/uploads\/2026\/04\/CAVAAULASEMI-SECOCovinas-225x300.jpg 225w, https:\/\/www.tucomarca.com\/wordpress\/segunda\/wp-content\/uploads\/2026\/04\/CAVAAULASEMI-SECOCovinas.jpg 886w\" sizes=\"auto, (max-width: 768px) 100vw, 768px\" \/><\/figure>\n<\/figure>\n\n\n\n<p><strong>Covi\u00f1as: tradici\u00f3n, innovaci\u00f3n y diversidad<\/strong><\/p>\n\n\n\n<p>Junto a BELLAMARINA, en el stand de Covi\u00f1as en la Mostra PROAVA se descorchar\u00e1n sus referencias m\u00e1s emblem\u00e1ticas y las novedades que la bodega ha ido incorporando a su porfolio. Tradici\u00f3n, innovaci\u00f3n y diversidad. Una muestra vibrante de vinos y cavas que reflejan la pluralidad de preferencias y formas de vivir la experiencia del vino que conviven en la actualidad. Un espacio en el que degustar tambi\u00e9n el <strong>Cava AULA Semi-Seco<\/strong>, cuya calidad ha sido reconocida con la <strong>Medalla de Bronce<\/strong> en su categor\u00eda el <strong>XI Concurso Oficial de Vinos de la Comunitat Valenciana.&nbsp;<\/strong><\/p>\n\n\n\n<p><strong>Premio Cajamar a la Sostenibilidad: Covi\u00f1as cuida la tierra y su gente<\/strong><\/p>\n\n\n\n<p>El firme compromiso de Covi\u00f1as con la sostenibilidad, el territorio y su gente, tambi\u00e9n ha sido reconocido en la Mostra con el <strong>Premio Cajamar a la Sostenibilidad<\/strong>. Consolidada como motor socioecon\u00f3mico de la comarca Requena-Utiel, la bodega representa a m\u00e1s de 3.000 familias de viticultores que trabajan en equilibrio y armon\u00eda con la naturaleza. Con un enfoque que apuesta por adaptar su actividad a la evoluci\u00f3n del cambio clim\u00e1tico y reducir su huella de carbono, la bodega desarrolla pr\u00e1cticas sostenibles en todas las \u00e1reas de actividad (viticultura, elaboraci\u00f3n, comercializaci\u00f3n y distribuci\u00f3n), implementando programas que contribuyen a regenerar y mejorar su entorno. <strong><em>\u201cSomos garantes de un legado que queremos transmitir a las pr\u00f3ximas generaciones. La sostenibilidad de nuestros vi\u00f1edos, algunos centenarios, y el futuro de nuestros agricultores, marcan nuestra hoja de ruta\u201d<\/em><\/strong>,ha se\u00f1alado el director general de Covi\u00f1as, <strong>Jorge Srougi<\/strong>.&nbsp;<\/p>\n\n\n\n<p>Tras mostrar su agradecimiento y satisfacci\u00f3n por ambos reconocimientos ha destacado: <strong><em>\u201cNuestro stand en la Mostra proyecta la diversidad de nuestra oferta, que refleja respeto a la tradici\u00f3n, apuesta por la innovaci\u00f3n y capacidad de adaptaci\u00f3n a las tendencias del mercado. Vinos y cavas para perfiles de consumo diferenciados, que comparten un denominador com\u00fan: autenticidad y car\u00e1cter territorial\u201d.<\/em><\/strong><\/p>\n\n\n\n<p><\/p>\n","protected":false},"excerpt":{"rendered":"<div class=\"mh-excerpt\">Un blanco y un rosado vers\u00e1tiles, frescos, elegantes y con personalidad&nbsp; Triple celebraci\u00f3n de la bodega en este evento. Junto a la presentaci\u00f3n oficial de esta nueva gama, su Cava AULA Semi-Seco ha sido galardonado <a class=\"mh-excerpt-more\" href=\"https:\/\/www.tucomarca.com\/wordpress\/segunda\/bellamarina-covinas-descorcha-su-ultimo-lanzamiento-en-la-mostra-proava\/\" title=\"Bellamarina: Covi\u00f1as descorcha su \u00faltimo lanzamiento en la Mostra PROAVA\">[+] <\/a><\/div>\n","protected":false},"author":12,"featured_media":298422,"comment_status":"closed","ping_status":"open","sticky":false,"template":"","format":"standard","meta":{"footnotes":""},"categories":[113,8,72,7,28,27,3],"tags":[],"class_list":{"0":"post-298405","1":"post","2":"type-post","3":"status-publish","4":"format-standard","5":"has-post-thumbnail","7":"category-vinos","8":"category-la-comarca","9":"category-sin-categorizar","10":"category-ocio-y-cultura","11":"category-requena","12":"category-requena-utiel","13":"category-seccion"},"_links":{"self":[{"href":"https:\/\/www.tucomarca.com\/wordpress\/segunda\/wp-json\/wp\/v2\/posts\/298405","targetHints":{"allow":["GET"]}}],"collection":[{"href":"https:\/\/www.tucomarca.com\/wordpress\/segunda\/wp-json\/wp\/v2\/posts"}],"about":[{"href":"https:\/\/www.tucomarca.com\/wordpress\/segunda\/wp-json\/wp\/v2\/types\/post"}],"author":[{"embeddable":true,"href":"https:\/\/www.tucomarca.com\/wordpress\/segunda\/wp-json\/wp\/v2\/users\/12"}],"replies":[{"embeddable":true,"href":"https:\/\/www.tucomarca.com\/wordpress\/segunda\/wp-json\/wp\/v2\/comments?post=298405"}],"version-history":[{"count":0,"href":"https:\/\/www.tucomarca.com\/wordpress\/segunda\/wp-json\/wp\/v2\/posts\/298405\/revisions"}],"wp:featuredmedia":[{"embeddable":true,"href":"https:\/\/www.tucomarca.com\/wordpress\/segunda\/wp-json\/wp\/v2\/media\/298422"}],"wp:attachment":[{"href":"https:\/\/www.tucomarca.com\/wordpress\/segunda\/wp-json\/wp\/v2\/media?parent=298405"}],"wp:term":[{"taxonomy":"category","embeddable":true,"href":"https:\/\/www.tucomarca.com\/wordpress\/segunda\/wp-json\/wp\/v2\/categories?post=298405"},{"taxonomy":"post_tag","embeddable":true,"href":"https:\/\/www.tucomarca.com\/wordpress\/segunda\/wp-json\/wp\/v2\/tags?post=298405"}],"curies":[{"name":"wp","href":"https:\/\/api.w.org\/{rel}","templated":true}]}}