{"id":298438,"date":"2026-04-10T09:00:00","date_gmt":"2026-04-10T07:00:00","guid":{"rendered":"https:\/\/www.tucomarca.com\/wordpress\/segunda\/?p=298438"},"modified":"2026-04-10T19:44:59","modified_gmt":"2026-04-10T17:44:59","slug":"el-circuit-ricardo-tormo-celebra-este-fin-de-semana-el-epic-napa-racing-weekend","status":"publish","type":"post","link":"https:\/\/www.tucomarca.com\/wordpress\/segunda\/el-circuit-ricardo-tormo-celebra-este-fin-de-semana-el-epic-napa-racing-weekend\/","title":{"rendered":"El Circuit Ricardo Tormo celebra este fin de semana el &#8216;Epic NAPA Racing Weekend&#8217;"},"content":{"rendered":"\n<h3 class=\"wp-block-heading\">Los aficionados tendr\u00e1n entrada libre con paddock abierto y cuatro categor\u00edas en competici\u00f3n.<\/h3>\n\n\n\n<h3 class=\"wp-block-heading\">La F\u00f3rmula 4, la Toyota GR Cup, el GT-CET y el regional valenciano protagonizan un intenso programa deportivo.<\/h3>\n\n\n\n<p>El Circuit Ricardo Tormo acoge este fin de semana, 11 y 12 de abril, el &#8216;Epic NAPA Racing Weekend&#8217;, una cita que servir\u00e1 para dar el pistoletazo de salida a la temporada de automovilismo en circuitos con algunas de las categor\u00edas m\u00e1s destacadas del panorama nacional.<\/p>\n\n\n\n<p>El programa deportivo incluye el inicio de la temporada del Campeonato de Espa\u00f1a de F\u00f3rmula 4, la Toyota GR Cup Spain, el GT-CET y el Campeonato de Velocidad de la Comunitat Valenciana, el campeonato regional valenciano de automovilismo.<\/p>\n\n\n\n<p>La F\u00f3rmula 4 afrontar\u00e1 dos mangas el s\u00e1bado, una de 30 minutos y otra de 25, mientras que la Toyota GR Cup y el GT-CET celebrar\u00e1n una carrera en esta primera jornada. El domingo concentrar\u00e1 la parte decisiva del fin de semana, con las carreras finales de todas las categor\u00edas, que permitir\u00e1n definir a los primeros vencedores de la temporada.<\/p>\n\n\n\n<p>Tras varios a\u00f1os de experiencia organizando competiciones de alto nivel, &#8216;EPIC Championships&#8217; toma el relevo del &#8216;Racing Weekend&#8217; con el objetivo de consolidar una propuesta que combina deporte, desarrollo de talento y eventos abiertos a nuevos p\u00fablicos. El calendario 2026 contar\u00e1 con cinco citas en Cheste, Alca\u00f1\u00edz, Jerez, Navarra y Montmel\u00f3.<\/p>\n\n\n\n<p><strong>Marta Garc\u00eda correr\u00e1 la Toyota GR Cup<\/strong><\/p>\n\n\n\n<p>Dentro del &#8216;Epic NAPA Racing Weekend&#8217;, la Toyota GR Cup Spain vivir\u00e1 en el Circuit Ricardo Tormo su segundo evento de la temporada. La cita contar\u00e1 con la participaci\u00f3n como invitada de la valenciana Marta Garc\u00eda, primera campeona de la historia de la F1 Academy, que disputar\u00e1 las dos carreras del fin de semana en el Circuit. El campeonato llega marcado por la igualdad tras la prueba inaugural, con Marco Aguilera y Sandro P\u00e9rez empatados al frente de la clasificaci\u00f3n general.<\/p>\n\n\n\n<p>Adem\u00e1s de la F\u00f3rmula 4 y de la Toyota GR Cup los GT y los turismos saldr\u00e1n a la pista en el Campeonato de Espa\u00f1a de Resistencia y GT y en el Campeonato de Velocidad de la Comunitat Valenciana organizado por la federaci\u00f3n auton\u00f3mica de automovilismo.<\/p>\n\n\n\n<p>Los aficionados tendr\u00e1n acceso gratuito al paddock y la Tribuna de Boxes que recibir\u00e1 la visita de miles de invitados de la firma NAPA, principal patrocinador del evento.<\/p>\n","protected":false},"excerpt":{"rendered":"<div class=\"mh-excerpt\">Los aficionados tendr\u00e1n entrada libre con paddock abierto y cuatro categor\u00edas en competici\u00f3n. La F\u00f3rmula 4, la Toyota GR Cup, el GT-CET y el regional valenciano protagonizan un intenso programa deportivo. El Circuit Ricardo Tormo <a class=\"mh-excerpt-more\" href=\"https:\/\/www.tucomarca.com\/wordpress\/segunda\/el-circuit-ricardo-tormo-celebra-este-fin-de-semana-el-epic-napa-racing-weekend\/\" title=\"El Circuit Ricardo Tormo celebra este fin de semana el &#8216;Epic NAPA Racing Weekend&#8217;\">[+] <\/a><\/div>\n","protected":false},"author":12,"featured_media":298437,"comment_status":"closed","ping_status":"open","sticky":false,"template":"","format":"standard","meta":{"footnotes":""},"categories":[4,83,17,6,8,72,10,3],"tags":[339,5984,5952],"class_list":{"0":"post-298438","1":"post","2":"type-post","3":"status-publish","4":"format-standard","5":"has-post-thumbnail","7":"category-agenda","8":"category-automovilismo","9":"category-cheste","10":"category-deportes","11":"category-la-comarca","12":"category-sin-categorizar","13":"category-la-hoya","14":"category-seccion","15":"tag-cheste-2","16":"tag-circuito-ricardo-tormo","17":"tag-la-hoya-de-bunol-chiva"},"_links":{"self":[{"href":"https:\/\/www.tucomarca.com\/wordpress\/segunda\/wp-json\/wp\/v2\/posts\/298438","targetHints":{"allow":["GET"]}}],"collection":[{"href":"https:\/\/www.tucomarca.com\/wordpress\/segunda\/wp-json\/wp\/v2\/posts"}],"about":[{"href":"https:\/\/www.tucomarca.com\/wordpress\/segunda\/wp-json\/wp\/v2\/types\/post"}],"author":[{"embeddable":true,"href":"https:\/\/www.tucomarca.com\/wordpress\/segunda\/wp-json\/wp\/v2\/users\/12"}],"replies":[{"embeddable":true,"href":"https:\/\/www.tucomarca.com\/wordpress\/segunda\/wp-json\/wp\/v2\/comments?post=298438"}],"version-history":[{"count":0,"href":"https:\/\/www.tucomarca.com\/wordpress\/segunda\/wp-json\/wp\/v2\/posts\/298438\/revisions"}],"wp:featuredmedia":[{"embeddable":true,"href":"https:\/\/www.tucomarca.com\/wordpress\/segunda\/wp-json\/wp\/v2\/media\/298437"}],"wp:attachment":[{"href":"https:\/\/www.tucomarca.com\/wordpress\/segunda\/wp-json\/wp\/v2\/media?parent=298438"}],"wp:term":[{"taxonomy":"category","embeddable":true,"href":"https:\/\/www.tucomarca.com\/wordpress\/segunda\/wp-json\/wp\/v2\/categories?post=298438"},{"taxonomy":"post_tag","embeddable":true,"href":"https:\/\/www.tucomarca.com\/wordpress\/segunda\/wp-json\/wp\/v2\/tags?post=298438"}],"curies":[{"name":"wp","href":"https:\/\/api.w.org\/{rel}","templated":true}]}}