{"id":298442,"date":"2026-04-10T12:45:00","date_gmt":"2026-04-10T10:45:00","guid":{"rendered":"https:\/\/www.tucomarca.com\/wordpress\/segunda\/?p=298442"},"modified":"2026-04-10T20:03:34","modified_gmt":"2026-04-10T18:03:34","slug":"la-guardia-civil-detiene-a-los-ladrones-de-14-000-metros-de-cableado-en-ayora","status":"publish","type":"post","link":"https:\/\/www.tucomarca.com\/wordpress\/segunda\/la-guardia-civil-detiene-a-los-ladrones-de-14-000-metros-de-cableado-en-ayora\/","title":{"rendered":"La Guardia Civil detiene a los ladrones de 14.000 metros de cableado en Ayora"},"content":{"rendered":"\n<p>Varios robos en el interior de campos fotovoltaicos en Ayora hicieron sospechar a los agentes de la Guardia Civil que pod\u00eda tratarse de un grupo criminal que, con id\u00e9ntico modus operandi, se dedicaba a robar cobre por esa zona.<\/p>\n\n\n\n<p>Se establecieron una serie de puntos de verificaci\u00f3n en los posibles lugares de paso de los autores. As\u00ed es como se logra la identificaci\u00f3n de una furgoneta con cuatro ocupantes que conten\u00eda en su interior varias bobinas de cobre (14.000 metros de clabeado).<\/p>\n\n\n\n<p>Las posteriores gestiones de investigaci\u00f3n permitieron esclarecer otro hecho delictivo sucedido en noviembre de 2025 en Utiel. Los mismos autores emplearon una furgoneta alquilada con datos y documentaci\u00f3n falsificada para tratar de sustraer un rodillo prensador.<\/p>\n\n\n\n<p>Los cuatro autores, hombres de entre 24 y 49 a\u00f1os de edad fueron detenidos el 26 de febrero. Por ambos hechos se les imputan los delitos de hurto, apropiaci\u00f3n indebida, usurpaci\u00f3n, robo con fuerza en las cosas y pertenencia a organizaci\u00f3n criminal.<\/p>\n\n\n\n<p>De los hechos conoce la Secci\u00f3n Civil y de Instrucci\u00f3n del Tribunal de Requena, plaza n\u00famero 2.<\/p>\n\n\n\n<p><\/p>\n","protected":false},"excerpt":{"rendered":"<div class=\"mh-excerpt\">Varios robos en el interior de campos fotovoltaicos en Ayora hicieron sospechar a los agentes de la Guardia Civil que pod\u00eda tratarse de un grupo criminal que, con id\u00e9ntico modus operandi, se dedicaba a robar <a class=\"mh-excerpt-more\" href=\"https:\/\/www.tucomarca.com\/wordpress\/segunda\/la-guardia-civil-detiene-a-los-ladrones-de-14-000-metros-de-cableado-en-ayora\/\" title=\"La Guardia Civil detiene a los ladrones de 14.000 metros de cableado en Ayora\">[+] <\/a><\/div>\n","protected":false},"author":12,"featured_media":163834,"comment_status":"closed","ping_status":"open","sticky":false,"template":"","format":"standard","meta":{"footnotes":""},"categories":[39,38,128,8,3,116,45],"tags":[10391,24118,1098,11436],"class_list":{"0":"post-298442","1":"post","2":"type-post","3":"status-publish","4":"format-standard","5":"has-post-thumbnail","7":"category-ayora","8":"category-ayora-cofrentes","9":"category-infraestructuras","10":"category-la-comarca","11":"category-seccion","12":"category-sucesos-la-comarca","13":"category-ventana","14":"tag-ayora","15":"tag-cable-de-cobre","16":"tag-guardia-civil","17":"tag-valle-de-ayora-cofrentes"},"_links":{"self":[{"href":"https:\/\/www.tucomarca.com\/wordpress\/segunda\/wp-json\/wp\/v2\/posts\/298442","targetHints":{"allow":["GET"]}}],"collection":[{"href":"https:\/\/www.tucomarca.com\/wordpress\/segunda\/wp-json\/wp\/v2\/posts"}],"about":[{"href":"https:\/\/www.tucomarca.com\/wordpress\/segunda\/wp-json\/wp\/v2\/types\/post"}],"author":[{"embeddable":true,"href":"https:\/\/www.tucomarca.com\/wordpress\/segunda\/wp-json\/wp\/v2\/users\/12"}],"replies":[{"embeddable":true,"href":"https:\/\/www.tucomarca.com\/wordpress\/segunda\/wp-json\/wp\/v2\/comments?post=298442"}],"version-history":[{"count":0,"href":"https:\/\/www.tucomarca.com\/wordpress\/segunda\/wp-json\/wp\/v2\/posts\/298442\/revisions"}],"wp:featuredmedia":[{"embeddable":true,"href":"https:\/\/www.tucomarca.com\/wordpress\/segunda\/wp-json\/wp\/v2\/media\/163834"}],"wp:attachment":[{"href":"https:\/\/www.tucomarca.com\/wordpress\/segunda\/wp-json\/wp\/v2\/media?parent=298442"}],"wp:term":[{"taxonomy":"category","embeddable":true,"href":"https:\/\/www.tucomarca.com\/wordpress\/segunda\/wp-json\/wp\/v2\/categories?post=298442"},{"taxonomy":"post_tag","embeddable":true,"href":"https:\/\/www.tucomarca.com\/wordpress\/segunda\/wp-json\/wp\/v2\/tags?post=298442"}],"curies":[{"name":"wp","href":"https:\/\/api.w.org\/{rel}","templated":true}]}}