{"id":298464,"date":"2026-04-10T08:45:00","date_gmt":"2026-04-10T06:45:00","guid":{"rendered":"https:\/\/www.tucomarca.com\/wordpress\/segunda\/?p=298464"},"modified":"2026-04-10T19:47:21","modified_gmt":"2026-04-10T17:47:21","slug":"la-diputacio-de-valencia-ofrece-para-este-fin-de-semana-un-amplio-programa-cultural-para-todas-las-edades","status":"publish","type":"post","link":"https:\/\/www.tucomarca.com\/wordpress\/segunda\/la-diputacio-de-valencia-ofrece-para-este-fin-de-semana-un-amplio-programa-cultural-para-todas-las-edades\/","title":{"rendered":"La Diputaci\u00f3 de Val\u00e8ncia ofrece para este fin de semana un amplio programa cultural para todas las edades"},"content":{"rendered":"\n<h3 class=\"wp-block-heading\">La corporaci\u00f3n provincial, a trav\u00e9s de su \u00e1rea de Cultura, organiza talleres infantiles, conciertos y visitas guiadas en el Centre Cultural la Benefic\u00e8ncia.<\/h3>\n\n\n\n<h3 class=\"wp-block-heading\">L&#8217;ETNO lleva a Macastre hasta el pr\u00f3ximo 17 de mayo \u2018Rituales de fiesta y fuego\u2019, con fotograf\u00edas de David Cantillo.<\/h3>\n\n\n\n<p>La Diputaci\u00f3 de Val\u00e8ncia ofrece este fin de semana una variada agenda cultural repleta de actividades que van desde exposiciones de fotograf\u00eda, talleres infantiles y conciertos que ponen en valor el patrimonio musical valenciano, programaci\u00f3n que viene acompa\u00f1ada por las visitas guiadas que ofrecen la oportunidad de recorrer en familia las exposiciones de los museos de la corporaci\u00f3n provincial.<\/p>\n\n\n\n<p><strong>&#8216;Rituales de fiesta y fuego&#8217;<\/strong><\/p>\n\n\n\n<p>El edificio polivalente Doctor Eduardo Alonso de Macastre acoge desde este s\u00e1bado 11 de abril y hasta el pr\u00f3ximo 17 de mayo \u2018Rituales de fiesta y fuego\u2019, con fotograf\u00edas de David Cantillo, una muestra que forma parte del programa de exposiciones itinerantes de L\u2019ETNO, Museu Valenci\u00e0 d\u2019Etnologia.<\/p>\n\n\n\n<p>David Cantillo narra a trav\u00e9s de su objetivo el papel que tiene el fuego en las diferentes manifestaciones festivas de la Comunitat Valenciana. Una cuidada selecci\u00f3n de fotograf\u00edas de diversos tama\u00f1os que invita a realizar un recorrido por los festejos en los cuales se combina la belleza que otorgan las llamas a la fiesta y el componente cultural.<\/p>\n\n\n\n<figure class=\"wp-block-gallery has-nested-images columns-default is-cropped wp-block-gallery-1 is-layout-flex wp-block-gallery-is-layout-flex\">\n<figure class=\"wp-block-image size-large\"><img loading=\"lazy\" decoding=\"async\" width=\"945\" height=\"614\" data-id=\"298469\" src=\"https:\/\/www.tucomarca.com\/wordpress\/segunda\/wp-content\/uploads\/2026\/04\/Rituales_2.jpg\" alt=\"\" class=\"wp-image-298469\" srcset=\"https:\/\/www.tucomarca.com\/wordpress\/segunda\/wp-content\/uploads\/2026\/04\/Rituales_2.jpg 945w, https:\/\/www.tucomarca.com\/wordpress\/segunda\/wp-content\/uploads\/2026\/04\/Rituales_2-300x195.jpg 300w, https:\/\/www.tucomarca.com\/wordpress\/segunda\/wp-content\/uploads\/2026\/04\/Rituales_2-768x499.jpg 768w\" sizes=\"auto, (max-width: 945px) 100vw, 945px\" \/><\/figure>\n<\/figure>\n\n\n\n<p><strong>&#8216;Llavors de la terra&#8217;<\/strong><\/p>\n\n\n\n<p>Dentro del programa &#8216;Llavors de la terra&#8217;, la Diputaci\u00f3 de Val\u00e8ncia ofrecer\u00e1 este s\u00e1bado 11 de abril a las 18:00 horas en la Sala Alfons el Magn\u00e0nim el Centre Cultural La Benefic\u00e8ncia el concierto del Orfe\u00f3 de Veus Juntes de Quart de Poblet. Las entradas (son gratuitas) ya est\u00e1n disponibles para recoger en el punto de Informaci\u00f3n del Centre Cultural La Benefic\u00e8ncia.<\/p>\n\n\n\n<p>Asimismo, el Museu de Prehist\u00f2ria de Val\u00e8ncia ofrece este domingo 12 de abril a las 12 horas el taller Despierta tus sentidos en el museo, en el que los participantes podr\u00e1n experimentar y aprender cosas nuevas a partir de los objetos que se encuentran en las salas del Mupreva. La propuesta est\u00e1 recomendada para mayores de cuatro a\u00f1os.<\/p>\n\n\n\n<p>El museo ofrece tambi\u00e9n visitas guiadas a sus exposiciones. Para este domingo d\u00eda 12 a las 11:00 horas est\u00e1 programada una visita comentada donde se descubrir\u00e1n algunas curiosidades sobre el Neol\u00edtico y la Edad de los Metales. Las entradas para las actividades y visitas guiadas se pueden recoger en el punto de Informaci\u00f3n el mismo domingo a partir de las 10:00 horas.<\/p>\n\n\n\n<p>Tambi\u00e9n para el domingo, la Diputaci\u00f3 de Val\u00e8ncia, a trav\u00e9s de su \u00e1rea de Cultura, ha organizado el cuentacuentos en valenciano Indiana Bones i el misteri dels monstres d&#8217;\u00cdtaca. La actividad narrar\u00e1 las aventuras de Ulises en su camino a \u00cdtaca de la mano de un paleont\u00f3logo que viaja con sus f\u00f3siles para dar a conocer las historias que hay detr\u00e1s de ellos. La actividad tendr\u00e1 lugar este domingo 12 de abril a las 11:00 h.<\/p>\n\n\n\n<p><\/p>\n","protected":false},"excerpt":{"rendered":"<div class=\"mh-excerpt\">La corporaci\u00f3n provincial, a trav\u00e9s de su \u00e1rea de Cultura, organiza talleres infantiles, conciertos y visitas guiadas en el Centre Cultural la Benefic\u00e8ncia. L&#8217;ETNO lleva a Macastre hasta el pr\u00f3ximo 17 de mayo \u2018Rituales de <a class=\"mh-excerpt-more\" href=\"https:\/\/www.tucomarca.com\/wordpress\/segunda\/la-diputacio-de-valencia-ofrece-para-este-fin-de-semana-un-amplio-programa-cultural-para-todas-las-edades\/\" title=\"La Diputaci\u00f3 de Val\u00e8ncia ofrece para este fin de semana un amplio programa cultural para todas las edades\">[+] <\/a><\/div>\n","protected":false},"author":12,"featured_media":298467,"comment_status":"closed","ping_status":"open","sticky":false,"template":"","format":"standard","meta":{"footnotes":""},"categories":[4,8,10,13,7,3],"tags":[3677,20473,5952],"class_list":{"0":"post-298464","1":"post","2":"type-post","3":"status-publish","4":"format-standard","5":"has-post-thumbnail","7":"category-agenda","8":"category-la-comarca","9":"category-la-hoya","10":"category-macastre","11":"category-ocio-y-cultura","12":"category-seccion","13":"tag-diputacio-de-valencia","14":"tag-letno","15":"tag-la-hoya-de-bunol-chiva"},"_links":{"self":[{"href":"https:\/\/www.tucomarca.com\/wordpress\/segunda\/wp-json\/wp\/v2\/posts\/298464","targetHints":{"allow":["GET"]}}],"collection":[{"href":"https:\/\/www.tucomarca.com\/wordpress\/segunda\/wp-json\/wp\/v2\/posts"}],"about":[{"href":"https:\/\/www.tucomarca.com\/wordpress\/segunda\/wp-json\/wp\/v2\/types\/post"}],"author":[{"embeddable":true,"href":"https:\/\/www.tucomarca.com\/wordpress\/segunda\/wp-json\/wp\/v2\/users\/12"}],"replies":[{"embeddable":true,"href":"https:\/\/www.tucomarca.com\/wordpress\/segunda\/wp-json\/wp\/v2\/comments?post=298464"}],"version-history":[{"count":0,"href":"https:\/\/www.tucomarca.com\/wordpress\/segunda\/wp-json\/wp\/v2\/posts\/298464\/revisions"}],"wp:featuredmedia":[{"embeddable":true,"href":"https:\/\/www.tucomarca.com\/wordpress\/segunda\/wp-json\/wp\/v2\/media\/298467"}],"wp:attachment":[{"href":"https:\/\/www.tucomarca.com\/wordpress\/segunda\/wp-json\/wp\/v2\/media?parent=298464"}],"wp:term":[{"taxonomy":"category","embeddable":true,"href":"https:\/\/www.tucomarca.com\/wordpress\/segunda\/wp-json\/wp\/v2\/categories?post=298464"},{"taxonomy":"post_tag","embeddable":true,"href":"https:\/\/www.tucomarca.com\/wordpress\/segunda\/wp-json\/wp\/v2\/tags?post=298464"}],"curies":[{"name":"wp","href":"https:\/\/api.w.org\/{rel}","templated":true}]}}