{"id":298478,"date":"2026-04-10T12:00:00","date_gmt":"2026-04-10T10:00:00","guid":{"rendered":"https:\/\/www.tucomarca.com\/wordpress\/segunda\/?p=298478"},"modified":"2026-04-10T19:56:39","modified_gmt":"2026-04-10T17:56:39","slug":"el-consell-autoriza-la-contratacion-de-emergencia-del-suministro-electrico-para-dar-servicio-al-complejo-educativo-de-cheste","status":"publish","type":"post","link":"https:\/\/www.tucomarca.com\/wordpress\/segunda\/el-consell-autoriza-la-contratacion-de-emergencia-del-suministro-electrico-para-dar-servicio-al-complejo-educativo-de-cheste\/","title":{"rendered":"El Consell autoriza la contrataci\u00f3n de emergencia del suministro el\u00e9ctrico para dar servicio al Complejo Educativo de Cheste"},"content":{"rendered":"\n<h3 class=\"wp-block-heading\">El contrato\u00a0incluye el alquiler de celdas y de un generador el\u00e9ctrico para garantizar el suministro a\u00a0las zonas dependientes del centro de transformaci\u00f3n n\u00famero 3 hasta su contrataci\u00f3n por v\u00eda ordinaria.<\/h3>\n\n\n\n<p>El Consell ha autorizado la declaraci\u00f3n de emergencia de la contrataci\u00f3n, en r\u00e9gimen de alquiler, del suministro el\u00e9ctrico y equipamiento necesario para el centro de transformaci\u00f3n n\u00famero 3 del Complejo Educativo de Cheste, con un coste de 77.585 euros.<\/p>\n\n\n\n<p>El contrato incluye el suministro de celdas modulares de protecci\u00f3n general, as\u00ed como un generador el\u00e9ctrico auxiliar y el suministro del gas\u00f3leo necesario para el funcionamiento del grupo electr\u00f3geno.&nbsp;<\/p>\n\n\n\n<p>El objetivo es garantizar el suministro el\u00e9ctrico a las zonas del Complejo Educativo de Cheste que dependen del centro de transformaci\u00f3n n\u00famero 3 hasta que se contraten por tramitaci\u00f3n ordinaria el resto de prestaciones necesarias para completar la actuaci\u00f3n.<\/p>\n\n\n\n<p>Este contrato tiene un plazo estimado de ejecuci\u00f3n de 9 meses, si bien su vigencia se prolongar\u00e1 hasta la instalaci\u00f3n de las celdas modulares de protecci\u00f3n definitivas, que se realizar\u00e1 mediante la correspondiente contrataci\u00f3n ordinaria.&nbsp;<\/p>\n","protected":false},"excerpt":{"rendered":"<div class=\"mh-excerpt\">El contrato\u00a0incluye el alquiler de celdas y de un generador el\u00e9ctrico para garantizar el suministro a\u00a0las zonas dependientes del centro de transformaci\u00f3n n\u00famero 3 hasta su contrataci\u00f3n por v\u00eda ordinaria. El Consell ha autorizado la <a class=\"mh-excerpt-more\" href=\"https:\/\/www.tucomarca.com\/wordpress\/segunda\/el-consell-autoriza-la-contratacion-de-emergencia-del-suministro-electrico-para-dar-servicio-al-complejo-educativo-de-cheste\/\" title=\"El Consell autoriza la contrataci\u00f3n de emergencia del suministro el\u00e9ctrico para dar servicio al Complejo Educativo de Cheste\">[+] <\/a><\/div>\n","protected":false},"author":1,"featured_media":257007,"comment_status":"closed","ping_status":"open","sticky":false,"template":"","format":"standard","meta":{"footnotes":""},"categories":[17,128,8,72,10,142,3,45],"tags":[339,2163,5952],"class_list":{"0":"post-298478","1":"post","2":"type-post","3":"status-publish","4":"format-standard","5":"has-post-thumbnail","7":"category-cheste","8":"category-infraestructuras","9":"category-la-comarca","10":"category-sin-categorizar","11":"category-la-hoya","12":"category-politica-la-comarca","13":"category-seccion","14":"category-ventana","15":"tag-cheste-2","16":"tag-consell","17":"tag-la-hoya-de-bunol-chiva"},"_links":{"self":[{"href":"https:\/\/www.tucomarca.com\/wordpress\/segunda\/wp-json\/wp\/v2\/posts\/298478","targetHints":{"allow":["GET"]}}],"collection":[{"href":"https:\/\/www.tucomarca.com\/wordpress\/segunda\/wp-json\/wp\/v2\/posts"}],"about":[{"href":"https:\/\/www.tucomarca.com\/wordpress\/segunda\/wp-json\/wp\/v2\/types\/post"}],"author":[{"embeddable":true,"href":"https:\/\/www.tucomarca.com\/wordpress\/segunda\/wp-json\/wp\/v2\/users\/1"}],"replies":[{"embeddable":true,"href":"https:\/\/www.tucomarca.com\/wordpress\/segunda\/wp-json\/wp\/v2\/comments?post=298478"}],"version-history":[{"count":0,"href":"https:\/\/www.tucomarca.com\/wordpress\/segunda\/wp-json\/wp\/v2\/posts\/298478\/revisions"}],"wp:featuredmedia":[{"embeddable":true,"href":"https:\/\/www.tucomarca.com\/wordpress\/segunda\/wp-json\/wp\/v2\/media\/257007"}],"wp:attachment":[{"href":"https:\/\/www.tucomarca.com\/wordpress\/segunda\/wp-json\/wp\/v2\/media?parent=298478"}],"wp:term":[{"taxonomy":"category","embeddable":true,"href":"https:\/\/www.tucomarca.com\/wordpress\/segunda\/wp-json\/wp\/v2\/categories?post=298478"},{"taxonomy":"post_tag","embeddable":true,"href":"https:\/\/www.tucomarca.com\/wordpress\/segunda\/wp-json\/wp\/v2\/tags?post=298478"}],"curies":[{"name":"wp","href":"https:\/\/api.w.org\/{rel}","templated":true}]}}