{"id":298494,"date":"2026-04-10T11:50:00","date_gmt":"2026-04-10T09:50:00","guid":{"rendered":"https:\/\/www.tucomarca.com\/wordpress\/segunda\/?p=298494"},"modified":"2026-04-10T20:25:47","modified_gmt":"2026-04-10T18:25:47","slug":"la-diputacio-de-valencia-eleva-su-apuesta-por-la-salud-publica-y-alcanza-los-450-000-euros-en-ayudas-para-los-municipios","status":"publish","type":"post","link":"https:\/\/www.tucomarca.com\/wordpress\/segunda\/la-diputacio-de-valencia-eleva-su-apuesta-por-la-salud-publica-y-alcanza-los-450-000-euros-en-ayudas-para-los-municipios\/","title":{"rendered":"La Diputaci\u00f3 de Val\u00e8ncia eleva su apuesta por la salud p\u00fablica y alcanza los 450.000 euros en ayudas para los municipios"},"content":{"rendered":"\n<h3 class=\"wp-block-heading\">La corporaci\u00f3n provincial subvenciona las campa\u00f1as de municipios y entidades locales menores de desratizaci\u00f3n, desinsectaci\u00f3n y desinfecci\u00f3n en edificios municipales y alcantarillado, o control de vectores.<\/h3>\n\n\n\n<p>La Diputaci\u00f3 de Val\u00e8ncia subvenciona las campa\u00f1as de salud p\u00fablica de 2026 de municipios y entidades locales menores con una poblaci\u00f3n inferior a 20.000 habitantes mediante la convocatoria anual de subvenciones. As\u00ed, para este a\u00f1o, la corporaci\u00f3n provincial invierte 449.000 euros -45.000 euros m\u00e1s que en la anterior convocatoria- que se repartir\u00e1n entre un total de 221 municipios \u00abpara garantizar un adecuado mantenimiento de las instalaciones locales y mejorar las condiciones de salubridad en los municipios de la provincia\u00bb, ha se\u00f1alado la diputada de Bienestar e Inclusi\u00f3n Social, Imma Gonz\u00e1lez.<\/p>\n\n\n\n<p>En este sentido, Gonz\u00e1lez ha destacado que la corporaci\u00f3n provincial \u201ccomo la instituci\u00f3n m\u00e1s pr\u00f3xima a los municipios, considera necesario invertir para ayudar a los municipios a hacer frente al coste de estas actuaciones\u00bb.&nbsp; As\u00ed, la Diputaci\u00f3 de Val\u00e8ncia ayuda a los municipios para llevar a cabo una de las siguientes campa\u00f1as: desratizaci\u00f3n, desinsectaci\u00f3n y desinfecci\u00f3n en edificios municipales y alcantarillado; y control de vectores (moscas y mosquitos). En esta \u00faltima se incluyen las actuaciones espec\u00edficas contra la mosca negra y el mosquito tigre. &nbsp;&nbsp;La cuant\u00eda m\u00e1xima subvencionable se determina tomando como referencia el importe de la campa\u00f1a y el n\u00famero de habitantes conforme a los baremos de la convocatoria.&nbsp;<\/p>\n\n\n\n<p>Las ayudas enmarcadas en la campa\u00f1a de desratizaci\u00f3n, desinsectaci\u00f3n y desinfecci\u00f3n en edificios municipales y alcantarillado se otorgan en funci\u00f3n de la poblaci\u00f3n de cada municipio y el importe de la campa\u00f1a, que va desde 1.650 euros (poblaci\u00f3n de 1 a 2.500 habitantes) hasta los 5.150 (poblaci\u00f3n de 17.501 hasta los 19.999 habitantes). As\u00ed, se subvenciona desde el 65% y hasta el 100% de dicho importe. El porcentaje es mayor en los municipios con una poblaci\u00f3n inferior. En cuanto a la campa\u00f1a de control de vectores, el importe de la subvenci\u00f3n es como m\u00e1ximo de 3.150 euros, y se subvencionar\u00e1 desde un 65% del coste, hasta un 100%, dependiendo del n\u00famero de habitantes. Al igual que en la otra campa\u00f1a, el porcentaje resulta mayor en municipios con menos habitantes. Adem\u00e1s, se han distribuido los remanentes de la convocatoria aumentando las cantidades en algunos casos, sin sobrepasar el l\u00edmite del coste.<\/p>\n","protected":false},"excerpt":{"rendered":"<div class=\"mh-excerpt\">La corporaci\u00f3n provincial subvenciona las campa\u00f1as de municipios y entidades locales menores de desratizaci\u00f3n, desinsectaci\u00f3n y desinfecci\u00f3n en edificios municipales y alcantarillado, o control de vectores. La Diputaci\u00f3 de Val\u00e8ncia subvenciona las campa\u00f1as de salud <a class=\"mh-excerpt-more\" href=\"https:\/\/www.tucomarca.com\/wordpress\/segunda\/la-diputacio-de-valencia-eleva-su-apuesta-por-la-salud-publica-y-alcanza-los-450-000-euros-en-ayudas-para-los-municipios\/\" title=\"La Diputaci\u00f3 de Val\u00e8ncia eleva su apuesta por la salud p\u00fablica y alcanza los 450.000 euros en ayudas para los municipios\">[+] <\/a><\/div>\n","protected":false},"author":1,"featured_media":298495,"comment_status":"closed","ping_status":"open","sticky":false,"template":"","format":"standard","meta":{"footnotes":""},"categories":[119,128,8,72,117,142,3,116,45],"tags":[3677,2142],"class_list":{"0":"post-298494","1":"post","2":"type-post","3":"status-publish","4":"format-standard","5":"has-post-thumbnail","7":"category-sanidad-la-comarca","8":"category-infraestructuras","9":"category-la-comarca","10":"category-sin-categorizar","11":"category-medio-ambiente-la-comarca","12":"category-politica-la-comarca","13":"category-seccion","14":"category-sucesos-la-comarca","15":"category-ventana","16":"tag-diputacio-de-valencia","17":"tag-la-comunitat"},"_links":{"self":[{"href":"https:\/\/www.tucomarca.com\/wordpress\/segunda\/wp-json\/wp\/v2\/posts\/298494","targetHints":{"allow":["GET"]}}],"collection":[{"href":"https:\/\/www.tucomarca.com\/wordpress\/segunda\/wp-json\/wp\/v2\/posts"}],"about":[{"href":"https:\/\/www.tucomarca.com\/wordpress\/segunda\/wp-json\/wp\/v2\/types\/post"}],"author":[{"embeddable":true,"href":"https:\/\/www.tucomarca.com\/wordpress\/segunda\/wp-json\/wp\/v2\/users\/1"}],"replies":[{"embeddable":true,"href":"https:\/\/www.tucomarca.com\/wordpress\/segunda\/wp-json\/wp\/v2\/comments?post=298494"}],"version-history":[{"count":0,"href":"https:\/\/www.tucomarca.com\/wordpress\/segunda\/wp-json\/wp\/v2\/posts\/298494\/revisions"}],"wp:featuredmedia":[{"embeddable":true,"href":"https:\/\/www.tucomarca.com\/wordpress\/segunda\/wp-json\/wp\/v2\/media\/298495"}],"wp:attachment":[{"href":"https:\/\/www.tucomarca.com\/wordpress\/segunda\/wp-json\/wp\/v2\/media?parent=298494"}],"wp:term":[{"taxonomy":"category","embeddable":true,"href":"https:\/\/www.tucomarca.com\/wordpress\/segunda\/wp-json\/wp\/v2\/categories?post=298494"},{"taxonomy":"post_tag","embeddable":true,"href":"https:\/\/www.tucomarca.com\/wordpress\/segunda\/wp-json\/wp\/v2\/tags?post=298494"}],"curies":[{"name":"wp","href":"https:\/\/api.w.org\/{rel}","templated":true}]}}