{"id":2985,"date":"2012-06-05T10:48:05","date_gmt":"2012-06-05T08:48:05","guid":{"rendered":"http:\/\/www.tucomarca.com\/wordpress\/segunda\/?p=2985"},"modified":"2012-06-05T12:54:02","modified_gmt":"2012-06-05T10:54:02","slug":"centenares-de-chestanos-llenaron-el-liceo-de-cheste-para-participar-en-el-homenaje-a-francisco-sanchez-de-la-coral-san-lucas-evangelista","status":"publish","type":"post","link":"https:\/\/www.tucomarca.com\/wordpress\/segunda\/centenares-de-chestanos-llenaron-el-liceo-de-cheste-para-participar-en-el-homenaje-a-francisco-sanchez-de-la-coral-san-lucas-evangelista\/","title":{"rendered":"Centenares de chestanos llenaron el Liceo de Cheste para participar en el homenaje a Francisco S\u00e1nchez de la Coral San Lucas Evangelista"},"content":{"rendered":"<p>En este homenaje organizado por la Coral chestana San Lucas Evangelista se ha contado con la participaci\u00f3n y colaboraci\u00f3n del Grupo Jade, de la Arpista Mayte Pardo que toc\u00f3 Balse de Concert, de Santiago Urb\u00e1n que cant\u00f3 la canci\u00f3n de Amigo, M\u00aa Dolores Garc\u00eda de Paterna, soprano, Fernando Manzanera, Tenor chestano que deleit\u00f3 a sus vecinos con Romanza para Tenor de Black el Payaso, Ignacio Rodrigo tambi\u00e9n Tenor chestano que interpret\u00f3 Bella Enamorada del \u00daltimo rom\u00e1ntico de Juan Vert.<\/p>\n<p>A destacar muy especialmente la participaci\u00f3n de la Soprano del coro de la Generalitat y vecina de Chiva, Inma Burriel que a modo solista cant\u00f3 Oh m\u00edo Babbino Caro y tambi\u00e9n ofreci\u00f3 duetos de enorme calidad con los tenores presentes. Acompa\u00f1ados al piano todos los cantantes por\u00a0 Jos\u00e9 Madrid Giordano y en la direcci\u00f3n de la banda musical por el Director Javier Engu\u00eddanos.<\/p>\n<p>Francisco S\u00e1nchez recibi\u00f3 numerosas muestras de apoyo por parte de sus vecinos. Entre ellos y en nombre de todo el pueblo, del Alcalde de Cheste, David Dom\u00e9nech quien le impuso el escudo insignia del Ayuntamiento de Cheste en reconocimiento a su trabajo dedicado al pueblo.<\/p>\n<p>La tarde cont\u00f3 con emotivos momentos y sobretodo con interpretaciones musicales y vocales de enorme nivel que arrancaron del p\u00fablico continuamente aplausos e incluso ovaciones.<\/p>\n<p>La segunda parte a cargo ya de la coral San Lucas Evangelista fue inaugurada con El Ave Mar\u00eda, de Francisco S\u00e1nchez Rodrigo, con la que tambi\u00e9n se homenajeaba la parte compositora de este reconocido chestano que ha destacado por ser Organista, Director Musical y Compositor.<\/p>\n<p>La coral chestana ha sido la encargada de poner, con este maravilloso concierto, el punto final al ciclo M\u00fasica en Primavera organizado por la Concejal\u00eda de Cultura del Ayuntamiento de Cheste.<\/p>\n","protected":false},"excerpt":{"rendered":"<div class=\"mh-excerpt\">En este homenaje organizado por la Coral chestana San Lucas Evangelista se ha contado con la participaci\u00f3n y colaboraci\u00f3n del Grupo Jade, de la Arpista Mayte Pardo que toc\u00f3 Balse de Concert, de Santiago Urb\u00e1n <a class=\"mh-excerpt-more\" href=\"https:\/\/www.tucomarca.com\/wordpress\/segunda\/centenares-de-chestanos-llenaron-el-liceo-de-cheste-para-participar-en-el-homenaje-a-francisco-sanchez-de-la-coral-san-lucas-evangelista\/\" title=\"Centenares de chestanos llenaron el Liceo de Cheste para participar en el homenaje a Francisco S\u00e1nchez de la Coral San Lucas Evangelista\">[+] <\/a><\/div>\n","protected":false},"author":1,"featured_media":2989,"comment_status":"open","ping_status":"open","sticky":false,"template":"","format":"standard","meta":{"footnotes":""},"categories":[66,17,10,7,3,45],"tags":[],"class_list":{"0":"post-2985","1":"post","2":"type-post","3":"status-publish","4":"format-standard","5":"has-post-thumbnail","7":"category-musica","8":"category-cheste","9":"category-la-hoya","10":"category-ocio-y-cultura","11":"category-seccion","12":"category-ventana"},"_links":{"self":[{"href":"https:\/\/www.tucomarca.com\/wordpress\/segunda\/wp-json\/wp\/v2\/posts\/2985","targetHints":{"allow":["GET"]}}],"collection":[{"href":"https:\/\/www.tucomarca.com\/wordpress\/segunda\/wp-json\/wp\/v2\/posts"}],"about":[{"href":"https:\/\/www.tucomarca.com\/wordpress\/segunda\/wp-json\/wp\/v2\/types\/post"}],"author":[{"embeddable":true,"href":"https:\/\/www.tucomarca.com\/wordpress\/segunda\/wp-json\/wp\/v2\/users\/1"}],"replies":[{"embeddable":true,"href":"https:\/\/www.tucomarca.com\/wordpress\/segunda\/wp-json\/wp\/v2\/comments?post=2985"}],"version-history":[{"count":0,"href":"https:\/\/www.tucomarca.com\/wordpress\/segunda\/wp-json\/wp\/v2\/posts\/2985\/revisions"}],"wp:featuredmedia":[{"embeddable":true,"href":"https:\/\/www.tucomarca.com\/wordpress\/segunda\/wp-json\/wp\/v2\/media\/2989"}],"wp:attachment":[{"href":"https:\/\/www.tucomarca.com\/wordpress\/segunda\/wp-json\/wp\/v2\/media?parent=2985"}],"wp:term":[{"taxonomy":"category","embeddable":true,"href":"https:\/\/www.tucomarca.com\/wordpress\/segunda\/wp-json\/wp\/v2\/categories?post=2985"},{"taxonomy":"post_tag","embeddable":true,"href":"https:\/\/www.tucomarca.com\/wordpress\/segunda\/wp-json\/wp\/v2\/tags?post=2985"}],"curies":[{"name":"wp","href":"https:\/\/api.w.org\/{rel}","templated":true}]}}