{"id":298546,"date":"2026-04-13T09:20:00","date_gmt":"2026-04-13T07:20:00","guid":{"rendered":"https:\/\/www.tucomarca.com\/wordpress\/segunda\/?p=298546"},"modified":"2026-04-13T12:56:19","modified_gmt":"2026-04-13T10:56:19","slug":"alborache-acogera-la-tercera-edicion-del-zorricos-fest-un-festival-de-circo-en-la-calle-para-toda-la-familia","status":"publish","type":"post","link":"https:\/\/www.tucomarca.com\/wordpress\/segunda\/alborache-acogera-la-tercera-edicion-del-zorricos-fest-un-festival-de-circo-en-la-calle-para-toda-la-familia\/","title":{"rendered":"Alborache acoger\u00e1 la tercera edici\u00f3n del Zorricos Fest, un festival de circo en la calle para toda la familia"},"content":{"rendered":"\n<p>Tras el \u00e9xito de sus anteriores ediciones, el Zorricos Fest regresa a Alborache los d\u00edas 17, 18 y 19 de abril de 2026 con una propuesta ampliada que combina circo, cultura y ocio para todos los p\u00fablicos. Durante todo el fin de semana, el municipio volver\u00e1 a transformarse en un gran escenario al aire libre donde la magia, la acrobacia y la diversi\u00f3n ser\u00e1n protagonistas.<\/p>\n\n\n\n<p>El festival contar\u00e1 con una variada programaci\u00f3n de espect\u00e1culos circenses repartidos por distintos puntos del pueblo. Malabaristas, acr\u00f3batas, equilibristas y payasos ofrecer\u00e1n actuaciones de primer nivel que sorprender\u00e1n tanto a vecinos como a visitantes, consolidando el evento como una cita imprescindible en la agenda cultural de la comarca.<\/p>\n\n\n\n<p>Como novedad en esta edici\u00f3n, el Zorricos Fest incorporar\u00e1 una zona de merchandising oficial del festival, as\u00ed como un espacio ampliado con tiendas de artesan\u00eda donde el p\u00fablico podr\u00e1 descubrir y adquirir productos \u00fanicos hechos a mano. Adem\u00e1s, se reforzar\u00e1 la oferta gastron\u00f3mica con una selecci\u00f3n de food trucks que ofrecer\u00e1n opciones variadas para todos los gustos, incluyendo alternativas sin gluten y vegetarianas.<\/p>\n\n\n\n<p>El programa se completar\u00e1 con talleres de circo infantil, donde los m\u00e1s peque\u00f1os podr\u00e1n iniciarse en disciplinas como los malabares, el equilibrio o la acrobacia, as\u00ed como con un pasacalles participativo que recorrer\u00e1 las calles del municipio, implicando a p\u00fablico y artistas en una experiencia colectiva.<\/p>\n\n\n\n<p>El Ayuntamiento de Alborache y la organizaci\u00f3n del festival invitan a toda la ciudadan\u00eda a disfrutar de esta tercera edici\u00f3n del Zorricos Fest, un evento que sigue creciendo y que refuerza el compromiso del municipio con la cultura, el arte en la calle y la dinamizaci\u00f3n del entorno rural.<\/p>\n\n\n\n<p>\u00a1No te pierdas un fin de semana lleno de espect\u00e1culo, creatividad y diversi\u00f3n en Alborache!<\/p>\n\n\n\n<p>M\u00e1s informaci\u00f3n:\u2028Facebook: Ayuntamiento de Alborache<\/p>\n\n\n\n<p>Instagram: @zorricosfest<\/p>\n\n\n\n<figure class=\"wp-block-gallery has-nested-images columns-2 is-cropped wp-block-gallery-1 is-layout-flex wp-block-gallery-is-layout-flex\">\n<figure class=\"wp-block-image size-large\"><img loading=\"lazy\" decoding=\"async\" width=\"819\" height=\"1024\" data-id=\"298550\" src=\"https:\/\/www.tucomarca.com\/wordpress\/segunda\/wp-content\/uploads\/2026\/04\/ProgramaManana.jpg\" alt=\"\" class=\"wp-image-298550\" srcset=\"https:\/\/www.tucomarca.com\/wordpress\/segunda\/wp-content\/uploads\/2026\/04\/ProgramaManana.jpg 819w, https:\/\/www.tucomarca.com\/wordpress\/segunda\/wp-content\/uploads\/2026\/04\/ProgramaManana-240x300.jpg 240w, https:\/\/www.tucomarca.com\/wordpress\/segunda\/wp-content\/uploads\/2026\/04\/ProgramaManana-768x960.jpg 768w\" sizes=\"auto, (max-width: 819px) 100vw, 819px\" \/><\/figure>\n\n\n\n<figure class=\"wp-block-image size-large\"><img loading=\"lazy\" decoding=\"async\" width=\"819\" height=\"1024\" data-id=\"298552\" src=\"https:\/\/www.tucomarca.com\/wordpress\/segunda\/wp-content\/uploads\/2026\/04\/ProgramaTarde.jpg\" alt=\"\" class=\"wp-image-298552\" srcset=\"https:\/\/www.tucomarca.com\/wordpress\/segunda\/wp-content\/uploads\/2026\/04\/ProgramaTarde.jpg 819w, https:\/\/www.tucomarca.com\/wordpress\/segunda\/wp-content\/uploads\/2026\/04\/ProgramaTarde-240x300.jpg 240w, https:\/\/www.tucomarca.com\/wordpress\/segunda\/wp-content\/uploads\/2026\/04\/ProgramaTarde-768x960.jpg 768w\" sizes=\"auto, (max-width: 819px) 100vw, 819px\" \/><\/figure>\n\n\n\n<figure class=\"wp-block-image size-large\"><img loading=\"lazy\" decoding=\"async\" width=\"692\" height=\"1024\" data-id=\"298556\" src=\"https:\/\/www.tucomarca.com\/wordpress\/segunda\/wp-content\/uploads\/2026\/04\/FotoArtistas-692x1024.jpg\" alt=\"\" class=\"wp-image-298556\" srcset=\"https:\/\/www.tucomarca.com\/wordpress\/segunda\/wp-content\/uploads\/2026\/04\/FotoArtistas-692x1024.jpg 692w, https:\/\/www.tucomarca.com\/wordpress\/segunda\/wp-content\/uploads\/2026\/04\/FotoArtistas-203x300.jpg 203w, https:\/\/www.tucomarca.com\/wordpress\/segunda\/wp-content\/uploads\/2026\/04\/FotoArtistas-768x1137.jpg 768w, https:\/\/www.tucomarca.com\/wordpress\/segunda\/wp-content\/uploads\/2026\/04\/FotoArtistas-1038x1536.jpg 1038w, https:\/\/www.tucomarca.com\/wordpress\/segunda\/wp-content\/uploads\/2026\/04\/FotoArtistas-1384x2048.jpg 1384w, https:\/\/www.tucomarca.com\/wordpress\/segunda\/wp-content\/uploads\/2026\/04\/FotoArtistas-scaled.jpg 1730w\" sizes=\"auto, (max-width: 692px) 100vw, 692px\" \/><\/figure>\n\n\n\n<figure class=\"wp-block-image size-large\"><img loading=\"lazy\" decoding=\"async\" width=\"682\" height=\"1024\" data-id=\"298558\" src=\"https:\/\/www.tucomarca.com\/wordpress\/segunda\/wp-content\/uploads\/2026\/04\/Equilibrismo-682x1024.jpg\" alt=\"\" class=\"wp-image-298558\" srcset=\"https:\/\/www.tucomarca.com\/wordpress\/segunda\/wp-content\/uploads\/2026\/04\/Equilibrismo-682x1024.jpg 682w, https:\/\/www.tucomarca.com\/wordpress\/segunda\/wp-content\/uploads\/2026\/04\/Equilibrismo-200x300.jpg 200w, https:\/\/www.tucomarca.com\/wordpress\/segunda\/wp-content\/uploads\/2026\/04\/Equilibrismo-768x1153.jpg 768w, https:\/\/www.tucomarca.com\/wordpress\/segunda\/wp-content\/uploads\/2026\/04\/Equilibrismo.jpg 886w\" sizes=\"auto, (max-width: 682px) 100vw, 682px\" \/><\/figure>\n\n\n\n<figure class=\"wp-block-image size-large\"><img loading=\"lazy\" decoding=\"async\" width=\"1024\" height=\"577\" data-id=\"298554\" src=\"https:\/\/www.tucomarca.com\/wordpress\/segunda\/wp-content\/uploads\/2026\/04\/EspectaculoInfantil-1024x577.jpg\" alt=\"\" class=\"wp-image-298554\" srcset=\"https:\/\/www.tucomarca.com\/wordpress\/segunda\/wp-content\/uploads\/2026\/04\/EspectaculoInfantil-1024x577.jpg 1024w, https:\/\/www.tucomarca.com\/wordpress\/segunda\/wp-content\/uploads\/2026\/04\/EspectaculoInfantil-300x169.jpg 300w, https:\/\/www.tucomarca.com\/wordpress\/segunda\/wp-content\/uploads\/2026\/04\/EspectaculoInfantil-768x432.jpg 768w, https:\/\/www.tucomarca.com\/wordpress\/segunda\/wp-content\/uploads\/2026\/04\/EspectaculoInfantil-678x381.jpg 678w, https:\/\/www.tucomarca.com\/wordpress\/segunda\/wp-content\/uploads\/2026\/04\/EspectaculoInfantil.jpg 1181w\" sizes=\"auto, (max-width: 1024px) 100vw, 1024px\" \/><\/figure>\n<\/figure>\n","protected":false},"excerpt":{"rendered":"<div class=\"mh-excerpt\">Tras el \u00e9xito de sus anteriores ediciones, el Zorricos Fest regresa a Alborache los d\u00edas 17, 18 y 19 de abril de 2026 con una propuesta ampliada que combina circo, cultura y ocio para todos <a class=\"mh-excerpt-more\" href=\"https:\/\/www.tucomarca.com\/wordpress\/segunda\/alborache-acogera-la-tercera-edicion-del-zorricos-fest-un-festival-de-circo-en-la-calle-para-toda-la-familia\/\" title=\"Alborache acoger\u00e1 la tercera edici\u00f3n del Zorricos Fest, un festival de circo en la calle para toda la familia\">[+] <\/a><\/div>\n","protected":false},"author":12,"featured_media":298548,"comment_status":"closed","ping_status":"open","sticky":false,"template":"","format":"gallery","meta":{"footnotes":""},"categories":[4,19,8,10,7,3],"tags":[10386,5952,19924],"class_list":{"0":"post-298546","1":"post","2":"type-post","3":"status-publish","4":"format-gallery","5":"has-post-thumbnail","7":"category-agenda","8":"category-alborache","9":"category-la-comarca","10":"category-la-hoya","11":"category-ocio-y-cultura","12":"category-seccion","13":"tag-alborache","14":"tag-la-hoya-de-bunol-chiva","15":"tag-zorricos-fest","16":"post_format-post-format-gallery"},"_links":{"self":[{"href":"https:\/\/www.tucomarca.com\/wordpress\/segunda\/wp-json\/wp\/v2\/posts\/298546","targetHints":{"allow":["GET"]}}],"collection":[{"href":"https:\/\/www.tucomarca.com\/wordpress\/segunda\/wp-json\/wp\/v2\/posts"}],"about":[{"href":"https:\/\/www.tucomarca.com\/wordpress\/segunda\/wp-json\/wp\/v2\/types\/post"}],"author":[{"embeddable":true,"href":"https:\/\/www.tucomarca.com\/wordpress\/segunda\/wp-json\/wp\/v2\/users\/12"}],"replies":[{"embeddable":true,"href":"https:\/\/www.tucomarca.com\/wordpress\/segunda\/wp-json\/wp\/v2\/comments?post=298546"}],"version-history":[{"count":0,"href":"https:\/\/www.tucomarca.com\/wordpress\/segunda\/wp-json\/wp\/v2\/posts\/298546\/revisions"}],"wp:featuredmedia":[{"embeddable":true,"href":"https:\/\/www.tucomarca.com\/wordpress\/segunda\/wp-json\/wp\/v2\/media\/298548"}],"wp:attachment":[{"href":"https:\/\/www.tucomarca.com\/wordpress\/segunda\/wp-json\/wp\/v2\/media?parent=298546"}],"wp:term":[{"taxonomy":"category","embeddable":true,"href":"https:\/\/www.tucomarca.com\/wordpress\/segunda\/wp-json\/wp\/v2\/categories?post=298546"},{"taxonomy":"post_tag","embeddable":true,"href":"https:\/\/www.tucomarca.com\/wordpress\/segunda\/wp-json\/wp\/v2\/tags?post=298546"}],"curies":[{"name":"wp","href":"https:\/\/api.w.org\/{rel}","templated":true}]}}