{"id":298571,"date":"2026-04-13T10:00:00","date_gmt":"2026-04-13T08:00:00","guid":{"rendered":"https:\/\/www.tucomarca.com\/wordpress\/segunda\/?p=298571"},"modified":"2026-04-13T13:01:58","modified_gmt":"2026-04-13T11:01:58","slug":"la-generalitat-amplia-en-casi-medio-millon-de-euros-la-convocatoria-de-ayudas-de-2026-para-la-promocion-del-valenciano-en-el-ambito-local","status":"publish","type":"post","link":"https:\/\/www.tucomarca.com\/wordpress\/segunda\/la-generalitat-amplia-en-casi-medio-millon-de-euros-la-convocatoria-de-ayudas-de-2026-para-la-promocion-del-valenciano-en-el-ambito-local\/","title":{"rendered":"La Generalitat ampl\u00eda en casi medio mill\u00f3n de euros la convocatoria de ayudas de 2026 para la promoci\u00f3n del valenciano en el \u00e1mbito local"},"content":{"rendered":"\n<h3 class=\"wp-block-heading\">El importe global m\u00e1ximo es de 1.671.116 euros.<\/h3>\n\n\n\n<h3 class=\"wp-block-heading\">La dotaci\u00f3n para oficinas y servicios de promoci\u00f3n del valenciano a los ayuntamientos y mancomunidades aumenta un 53%.<\/h3>\n\n\n\n<p>La Direcci\u00f3n General de Pol\u00edtica Ling\u00fc\u00edstica ha ampliado en 481.116,96 euros el importe de la convocatoria de ayudas de 2026 para la promoci\u00f3n del valenciano en el \u00e1mbito local. De este modo, de la previsi\u00f3n inicial publicada en la convocatoria del 18 de diciembre de 2025, por un importe de 1.119.000 euros, se ha pasado a un importe global m\u00e1ximo de 1.671.116 euros.<\/p>\n\n\n\n<p>El incremento m\u00e1s importante se produce en la dotaci\u00f3n destinada a las oficinas y servicios de promoci\u00f3n del valenciano a los ayuntamientos y mancomunidades, con un aumento del 53%, que supera as\u00ed el mill\u00f3n de euros, mientras que el otro aumento significativo, de un 10%, se destina a la realizaci\u00f3n de campa\u00f1as, que alcan\u00e7ar\u00e0 los 480.000 euros.<\/p>\n\n\n\n<p>La Vicepresidencia Segunda y Conseller\u00eda de Presidencia ha publicado en el Diari Oficial de la Generalitat Valenciana (DOGV) la resoluci\u00f3n que aumenta las cantidades inicialmente previstas en la convocatoria.<\/p>\n\n\n\n<p>El objetivo de estas subvenciones es colaborar y ayudar en las acciones de promoci\u00f3n, de fomento y del uso del valenciano que las entidades beneficiarias llevan a cabo, con la financiaci\u00f3n parcial o total de los gastos generados.<\/p>\n\n\n\n<p>Las ayudas van dirigidas a los municipios, las mancomunidades de municipios o las entidades locales menores de la Comunidad Valenciana.<\/p>\n\n\n\n<p>La distribuci\u00f3n de los cr\u00e9ditos entre los programas de la convocatoria queda de la manera siguiente: para campa\u00f1as (480.000 euros), cursos de valenciano (30.000 euros), rotulaciones y se\u00f1alizaciones (60.000 euros), y oficinas o servicios de promoci\u00f3n del valenciano dotados de personal (1.101.116,96 euros).<\/p>\n\n\n\n<p><strong>Acciones subvencionables<\/strong><\/p>\n\n\n\n<p>Las acciones subvencionables se clasifican por programas.<\/p>\n\n\n\n<p>En el programa de Campa\u00f1as, se incluyen actividades culturales, organizaci\u00f3n de ferias de libros en valenciano, campa\u00f1as de teatro o cine en valenciano y festivales de m\u00fasica en valenciano, as\u00ed como actividades o campa\u00f1as municipales de sensibilizaci\u00f3n y promoci\u00f3n del uso del valenciano en los diversos \u00e1mbitos de actuaci\u00f3n municipal. En este apartado tambi\u00e9n se subvencionan actividades o campa\u00f1as de voluntariado ling\u00fc\u00edstico y de acogida ling\u00fc\u00edstica en valenciano a personas reci\u00e9n llegadas.<\/p>\n\n\n\n<p>Otro programa subvencionable son los Cursos de valenciano, tanto presenciales, semipresenciales o en l\u00ednea, para el personal de la Administraci\u00f3n local, para la poblaci\u00f3n adulta y para colectivos espec\u00edficos.<\/p>\n\n\n\n<p>El programa de Rotulaciones y se\u00f1alizaciones va dirigido a los indicadores urbanos: las v\u00edas urbanas y la se\u00f1alizaci\u00f3n interior y exterior de los edificios municipales, y los indicadores de caminos, de rutas tur\u00edsticas, literarias, hist\u00f3ricas, de monumentos y de itinerarios paisaj\u00edsticos y de la naturaleza, a los carteles fijos informativos con duraci\u00f3n temporal, y a la rotulaci\u00f3n de veh\u00edculos adscritos a los varios servicios que presta la entidad local.<\/p>\n\n\n\n<p>Los indicadores, los carteles o la rotulaci\u00f3n tienen que estar escritos exclusivamente en valenciano para ser subvencionables.<\/p>\n\n\n\n<p>El programa de Oficinas o servicios de promoci\u00f3n del valenciano dotadas de personal va dirigido a la puesta en marcha, mantenimiento y gesti\u00f3n de la oficina o del servicio de promoci\u00f3n del valenciano dotados de personal.<\/p>\n","protected":false},"excerpt":{"rendered":"<div class=\"mh-excerpt\">El importe global m\u00e1ximo es de 1.671.116 euros. La dotaci\u00f3n para oficinas y servicios de promoci\u00f3n del valenciano a los ayuntamientos y mancomunidades aumenta un 53%. La Direcci\u00f3n General de Pol\u00edtica Ling\u00fc\u00edstica ha ampliado en <a class=\"mh-excerpt-more\" href=\"https:\/\/www.tucomarca.com\/wordpress\/segunda\/la-generalitat-amplia-en-casi-medio-millon-de-euros-la-convocatoria-de-ayudas-de-2026-para-la-promocion-del-valenciano-en-el-ambito-local\/\" title=\"La Generalitat ampl\u00eda en casi medio mill\u00f3n de euros la convocatoria de ayudas de 2026 para la promoci\u00f3n del valenciano en el \u00e1mbito local\">[+] <\/a><\/div>\n","protected":false},"author":12,"featured_media":239324,"comment_status":"closed","ping_status":"open","sticky":false,"template":"","format":"standard","meta":{"footnotes":""},"categories":[8,72,7,3,45],"tags":[10716,24121],"class_list":{"0":"post-298571","1":"post","2":"type-post","3":"status-publish","4":"format-standard","5":"has-post-thumbnail","7":"category-la-comarca","8":"category-sin-categorizar","9":"category-ocio-y-cultura","10":"category-seccion","11":"category-ventana","12":"tag-generalitat-valenciana","13":"tag-promocio-del-valencia"},"_links":{"self":[{"href":"https:\/\/www.tucomarca.com\/wordpress\/segunda\/wp-json\/wp\/v2\/posts\/298571","targetHints":{"allow":["GET"]}}],"collection":[{"href":"https:\/\/www.tucomarca.com\/wordpress\/segunda\/wp-json\/wp\/v2\/posts"}],"about":[{"href":"https:\/\/www.tucomarca.com\/wordpress\/segunda\/wp-json\/wp\/v2\/types\/post"}],"author":[{"embeddable":true,"href":"https:\/\/www.tucomarca.com\/wordpress\/segunda\/wp-json\/wp\/v2\/users\/12"}],"replies":[{"embeddable":true,"href":"https:\/\/www.tucomarca.com\/wordpress\/segunda\/wp-json\/wp\/v2\/comments?post=298571"}],"version-history":[{"count":0,"href":"https:\/\/www.tucomarca.com\/wordpress\/segunda\/wp-json\/wp\/v2\/posts\/298571\/revisions"}],"wp:featuredmedia":[{"embeddable":true,"href":"https:\/\/www.tucomarca.com\/wordpress\/segunda\/wp-json\/wp\/v2\/media\/239324"}],"wp:attachment":[{"href":"https:\/\/www.tucomarca.com\/wordpress\/segunda\/wp-json\/wp\/v2\/media?parent=298571"}],"wp:term":[{"taxonomy":"category","embeddable":true,"href":"https:\/\/www.tucomarca.com\/wordpress\/segunda\/wp-json\/wp\/v2\/categories?post=298571"},{"taxonomy":"post_tag","embeddable":true,"href":"https:\/\/www.tucomarca.com\/wordpress\/segunda\/wp-json\/wp\/v2\/tags?post=298571"}],"curies":[{"name":"wp","href":"https:\/\/api.w.org\/{rel}","templated":true}]}}