{"id":298576,"date":"2026-04-13T12:00:00","date_gmt":"2026-04-13T10:00:00","guid":{"rendered":"https:\/\/www.tucomarca.com\/wordpress\/segunda\/?p=298576"},"modified":"2026-04-13T13:03:59","modified_gmt":"2026-04-13T11:03:59","slug":"la-diputacio-de-valencia-estabiliza-el-acceso-al-barranco-de-deula-en-serra-para-garantizar-el-paso-de-emergencias-y-frenar-la-erosion","status":"publish","type":"post","link":"https:\/\/www.tucomarca.com\/wordpress\/segunda\/la-diputacio-de-valencia-estabiliza-el-acceso-al-barranco-de-deula-en-serra-para-garantizar-el-paso-de-emergencias-y-frenar-la-erosion\/","title":{"rendered":"La Diputaci\u00f3 de Val\u00e8ncia estabiliza el acceso al barranco de Deula en Serra para garantizar el paso de emergencias y frenar la erosi\u00f3n"},"content":{"rendered":"\n<h3 class=\"wp-block-heading\">La actuaci\u00f3n, ya finalizada, ha contado con una inversi\u00f3n de 70.841 euros y combina soluciones de bioingenier\u00eda con integraci\u00f3n paisaj\u00edstica.<\/h3>\n\n\n\n<h3 class=\"wp-block-heading\">Los trabajos han permitido recuperar la anchura del camino, afectado por la degradaci\u00f3n del talud, mejorando la seguridad de usuarios y servicios de intervenci\u00f3n.<\/h3>\n\n\n\n<p>La Diputaci\u00f3 de Val\u00e8ncia, a trav\u00e9s del \u00e1rea de Medio Ambiente, ha finalizado durante el mes de marzo las obras de estabilizaci\u00f3n de un talud en el camino de acceso al barranco de Deula, en el t\u00e9rmino municipal de Serra.&nbsp;<\/p>\n\n\n\n<p>La intervenci\u00f3n, que ha sido coordinada por la secci\u00f3n de Riesgos Geol\u00f3gicos y Espacios Degradados, se ha llevado a cabo para dar soluci\u00f3n a los problemas de erosi\u00f3n detectados en el talud, que hab\u00edan reducido de forma considerable la zona de paso y compromet\u00edan tanto la seguridad de viandantes como el tr\u00e1nsito de veh\u00edculos de emergencias y extinci\u00f3n de incendios.<\/p>\n\n\n\n<p>As\u00ed, los trabajos han consistido en la instalaci\u00f3n de 240 metros cuadrados de malla de acero, anclada al terreno mediante piquetas, que posteriormente se ha rellenado con tierra vegetal para facilitar la revegetaci\u00f3n de la zona. Esta soluci\u00f3n ha permitido la plantaci\u00f3n de especies aut\u00f3ctonas como romero, retama, madro\u00f1o y laurel.<\/p>\n\n\n\n<p>Seg\u00fan explica el diputado de Medio Ambiente, Avelino Mascarell, \u00abeste sistema no solo contribuye a frenar el proceso erosivo y mejorar la estabilidad del talud, sino que tambi\u00e9n favorece la integraci\u00f3n paisaj\u00edstica de la actuaci\u00f3n, respetando el entorno natural y promoviendo la recuperaci\u00f3n de la cubierta vegetal\u00bb.<\/p>\n\n\n\n<p>Asimismo, Mascarell ha destacado que \u201cesta actuaci\u00f3n permite recuperar un acceso fundamental para garantizar la intervenci\u00f3n de los servicios de emergencias en una zona especialmente sensible desde el punto de vista forestal\u201d.<\/p>\n\n\n\n<p>La actuaci\u00f3n, ya recepcionada, ha contado con una inversi\u00f3n total de 70.841,10 euros, y las obras han tenido una duraci\u00f3n cercana a los tres meses.<\/p>\n","protected":false},"excerpt":{"rendered":"<div class=\"mh-excerpt\">La actuaci\u00f3n, ya finalizada, ha contado con una inversi\u00f3n de 70.841 euros y combina soluciones de bioingenier\u00eda con integraci\u00f3n paisaj\u00edstica. Los trabajos han permitido recuperar la anchura del camino, afectado por la degradaci\u00f3n del talud, <a class=\"mh-excerpt-more\" href=\"https:\/\/www.tucomarca.com\/wordpress\/segunda\/la-diputacio-de-valencia-estabiliza-el-acceso-al-barranco-de-deula-en-serra-para-garantizar-el-paso-de-emergencias-y-frenar-la-erosion\/\" title=\"La Diputaci\u00f3 de Val\u00e8ncia estabiliza el acceso al barranco de Deula en Serra para garantizar el paso de emergencias y frenar la erosi\u00f3n\">[+] <\/a><\/div>\n","protected":false},"author":1,"featured_media":298586,"comment_status":"closed","ping_status":"open","sticky":false,"template":"","format":"standard","meta":{"footnotes":""},"categories":[46,128,8,72,117,142,3,76,116,45],"tags":[3677,3912,10400,10404],"class_list":{"0":"post-298576","1":"post","2":"type-post","3":"status-publish","4":"format-standard","5":"has-post-thumbnail","7":"category-camp-de-turia","8":"category-infraestructuras","9":"category-la-comarca","10":"category-sin-categorizar","11":"category-medio-ambiente-la-comarca","12":"category-politica-la-comarca","13":"category-seccion","14":"category-serra","15":"category-sucesos-la-comarca","16":"category-ventana","17":"tag-diputacio-de-valencia","18":"tag-la-serrania","19":"tag-los-serranos","20":"tag-serra"},"_links":{"self":[{"href":"https:\/\/www.tucomarca.com\/wordpress\/segunda\/wp-json\/wp\/v2\/posts\/298576","targetHints":{"allow":["GET"]}}],"collection":[{"href":"https:\/\/www.tucomarca.com\/wordpress\/segunda\/wp-json\/wp\/v2\/posts"}],"about":[{"href":"https:\/\/www.tucomarca.com\/wordpress\/segunda\/wp-json\/wp\/v2\/types\/post"}],"author":[{"embeddable":true,"href":"https:\/\/www.tucomarca.com\/wordpress\/segunda\/wp-json\/wp\/v2\/users\/1"}],"replies":[{"embeddable":true,"href":"https:\/\/www.tucomarca.com\/wordpress\/segunda\/wp-json\/wp\/v2\/comments?post=298576"}],"version-history":[{"count":0,"href":"https:\/\/www.tucomarca.com\/wordpress\/segunda\/wp-json\/wp\/v2\/posts\/298576\/revisions"}],"wp:featuredmedia":[{"embeddable":true,"href":"https:\/\/www.tucomarca.com\/wordpress\/segunda\/wp-json\/wp\/v2\/media\/298586"}],"wp:attachment":[{"href":"https:\/\/www.tucomarca.com\/wordpress\/segunda\/wp-json\/wp\/v2\/media?parent=298576"}],"wp:term":[{"taxonomy":"category","embeddable":true,"href":"https:\/\/www.tucomarca.com\/wordpress\/segunda\/wp-json\/wp\/v2\/categories?post=298576"},{"taxonomy":"post_tag","embeddable":true,"href":"https:\/\/www.tucomarca.com\/wordpress\/segunda\/wp-json\/wp\/v2\/tags?post=298576"}],"curies":[{"name":"wp","href":"https:\/\/api.w.org\/{rel}","templated":true}]}}