{"id":298577,"date":"2026-04-13T09:15:00","date_gmt":"2026-04-13T07:15:00","guid":{"rendered":"https:\/\/www.tucomarca.com\/wordpress\/segunda\/?p=298577"},"modified":"2026-04-13T12:45:46","modified_gmt":"2026-04-13T10:45:46","slug":"empate-sin-goles-del-cd-bunol-en-casa-ante-el-ac-torrellano","status":"publish","type":"post","link":"https:\/\/www.tucomarca.com\/wordpress\/segunda\/empate-sin-goles-del-cd-bunol-en-casa-ante-el-ac-torrellano\/","title":{"rendered":"Empate sin goles del CD Bu\u00f1ol en casa ante el AC Torrellano"},"content":{"rendered":"\n<p>El CD Bu\u00f1ol no pudo pasar del empate (0-0) ante el AC Torrellano en un encuentro marcado por la igualdad y la falta de acierto de cara a porter\u00eda.<\/p>\n\n\n\n<p>El conjunto local dispuso de varias ocasiones claras para adelantarse en el marcador, especialmente en la primera mitad. La primera lleg\u00f3 en el minuto 19, cuando Pastor protagoniz\u00f3 una acci\u00f3n peligrosa que estuvo cerca de convertirse en el 1-0. M\u00e1s tarde, en el 35\u2019, fue Jonas quien lo intent\u00f3 sin \u00e9xito, manteniendo la sensaci\u00f3n de que el gol pod\u00eda llegar en cualquier momento.<\/p>\n\n\n\n<p>Ya al borde del descanso, en el minuto 44, Mangel tuvo otra oportunidad destacada, pero el bal\u00f3n no encontr\u00f3 porter\u00eda y el marcador no se movi\u00f3.<\/p>\n\n\n\n<p>Tras el paso por vestuarios, ambos equipos mantuvieron el pulso, aunque sin generar ocasiones suficientemente claras como para romper la igualdad inicial.<\/p>\n\n\n\n<p>Con este resultado, el CD Bu\u00f1ol suma un punto en casa en un partido en el que mereci\u00f3 m\u00e1s, pero en el que la falta de definici\u00f3n impidi\u00f3 transformar las ocasiones en goles.<\/p>\n","protected":false},"excerpt":{"rendered":"<div class=\"mh-excerpt\">El CD Bu\u00f1ol no pudo pasar del empate (0-0) ante el AC Torrellano en un encuentro marcado por la igualdad y la falta de acierto de cara a porter\u00eda. El conjunto local dispuso de varias <a class=\"mh-excerpt-more\" href=\"https:\/\/www.tucomarca.com\/wordpress\/segunda\/empate-sin-goles-del-cd-bunol-en-casa-ante-el-ac-torrellano\/\" title=\"Empate sin goles del CD Bu\u00f1ol en casa ante el AC Torrellano\">[+] <\/a><\/div>\n","protected":false},"author":12,"featured_media":298579,"comment_status":"closed","ping_status":"open","sticky":false,"template":"","format":"standard","meta":{"footnotes":""},"categories":[18,50,6,8,10,3],"tags":[10385,537,10379,5952],"class_list":{"0":"post-298577","1":"post","2":"type-post","3":"status-publish","4":"format-standard","5":"has-post-thumbnail","7":"category-bunol","8":"category-futbol-deportes","9":"category-deportes","10":"category-la-comarca","11":"category-la-hoya","12":"category-seccion","13":"tag-bunol","14":"tag-cd-bunol","15":"tag-deportes","16":"tag-la-hoya-de-bunol-chiva"},"_links":{"self":[{"href":"https:\/\/www.tucomarca.com\/wordpress\/segunda\/wp-json\/wp\/v2\/posts\/298577","targetHints":{"allow":["GET"]}}],"collection":[{"href":"https:\/\/www.tucomarca.com\/wordpress\/segunda\/wp-json\/wp\/v2\/posts"}],"about":[{"href":"https:\/\/www.tucomarca.com\/wordpress\/segunda\/wp-json\/wp\/v2\/types\/post"}],"author":[{"embeddable":true,"href":"https:\/\/www.tucomarca.com\/wordpress\/segunda\/wp-json\/wp\/v2\/users\/12"}],"replies":[{"embeddable":true,"href":"https:\/\/www.tucomarca.com\/wordpress\/segunda\/wp-json\/wp\/v2\/comments?post=298577"}],"version-history":[{"count":0,"href":"https:\/\/www.tucomarca.com\/wordpress\/segunda\/wp-json\/wp\/v2\/posts\/298577\/revisions"}],"wp:featuredmedia":[{"embeddable":true,"href":"https:\/\/www.tucomarca.com\/wordpress\/segunda\/wp-json\/wp\/v2\/media\/298579"}],"wp:attachment":[{"href":"https:\/\/www.tucomarca.com\/wordpress\/segunda\/wp-json\/wp\/v2\/media?parent=298577"}],"wp:term":[{"taxonomy":"category","embeddable":true,"href":"https:\/\/www.tucomarca.com\/wordpress\/segunda\/wp-json\/wp\/v2\/categories?post=298577"},{"taxonomy":"post_tag","embeddable":true,"href":"https:\/\/www.tucomarca.com\/wordpress\/segunda\/wp-json\/wp\/v2\/tags?post=298577"}],"curies":[{"name":"wp","href":"https:\/\/api.w.org\/{rel}","templated":true}]}}