{"id":298641,"date":"2026-04-13T11:45:00","date_gmt":"2026-04-13T09:45:00","guid":{"rendered":"https:\/\/www.tucomarca.com\/wordpress\/segunda\/?p=298641"},"modified":"2026-04-13T16:38:14","modified_gmt":"2026-04-13T14:38:14","slug":"la-generalitat-avanza-en-la-renovacion-tecnologica-de-la-red-de-extension-de-tdt-en-170-municipios-para-garantizar-el-acceso-a-la-television-digital-de-ultima-generacion","status":"publish","type":"post","link":"https:\/\/www.tucomarca.com\/wordpress\/segunda\/la-generalitat-avanza-en-la-renovacion-tecnologica-de-la-red-de-extension-de-tdt-en-170-municipios-para-garantizar-el-acceso-a-la-television-digital-de-ultima-generacion\/","title":{"rendered":"La Generalitat avanza en la renovaci\u00f3n tecnol\u00f3gica de la red de extensi\u00f3n de TDT en 170 municipios para garantizar el acceso a la televisi\u00f3n digital de \u00faltima generaci\u00f3n"},"content":{"rendered":"\n<p>El gerente de la empresa p\u00fablica de Infraestructures i Serveis de Telecomunicacions i Certificaci\u00f3 (ISTEC), Juan Alegre, ha destacado el avance del plan de modernizaci\u00f3n de la red de extensi\u00f3n de Televisi\u00f3n Digital Terrestre (TDT) de la Generalitat, que ya ha alcanzado un grado de ejecuci\u00f3n del 70,37 % y cuya finalizaci\u00f3n est\u00e1 prevista este a\u00f1o.<\/p>\n\n\n\n<p>Este proyecto, impulsado por la Generalitat y desarrollado por ISTEC, permitir\u00e1 garantizar el acceso a la televisi\u00f3n digital de \u00faltima generaci\u00f3n en 170 municipios de la Comunitat Valenciana, beneficiando a m\u00e1s de 210.000 habitantes, principalmente en zonas rurales y \u00e1reas con dificultades orogr\u00e1ficas.<\/p>\n\n\n\n<p>La actuaci\u00f3n contempla la renovaci\u00f3n tecnol\u00f3gica de un total de 135 centros de telecomunicaciones distribuidos por todo el territorio auton\u00f3mico, as\u00ed como la actualizaci\u00f3n de 1.017 canales de emisi\u00f3n, lo que supone una mejora significativa en la calidad, fiabilidad y prestaciones del servicio.<\/p>\n\n\n\n<p>Juan Alegre ha subrayado que este proyecto \u201cpermite garantizar que todos los ciudadanos, vivan donde vivan, tengan acceso a una oferta televisiva completa en condiciones equitativas, contribuyendo a homogeneizar la calidad y disponibilidad del servicio audiovisual en todo el territorio y reforzar la cohesi\u00f3n territorial de la Comunitat Valenciana\u201d.<\/p>\n\n\n\n<p><strong>Nuevos canales y mejora del servicio<\/strong><\/p>\n\n\n\n<p>Entre las principales novedades del proyecto destaca la incorporaci\u00f3n de los m\u00faltiplex MPE4 y MPE5 en los centros de extensi\u00f3n de cobertura. Esta mejora permite a los ciudadanos acceder a nuevos canales que hasta ahora no estaban disponibles en estas zonas. Asimismo, los nuevos equipos instalados est\u00e1n preparados para la futura implantaci\u00f3n del est\u00e1ndar de difusi\u00f3n DVB-T2 (TDT2), lo que garantiza la evoluci\u00f3n tecnol\u00f3gica del servicio en los pr\u00f3ximos a\u00f1os.<\/p>\n\n\n\n<p>La red de extensi\u00f3n de TDT de la Generalitat da servicio a la denominada \u2018Zona II\u2019, que engloba municipios que, por sus caracter\u00edsticas geogr\u00e1ficas, no estaban obligados a ser cubiertos por los operadores estatales durante el despliegue inicial de la TDT. Gracias a esta actuaci\u00f3n, la Generalitat refuerza su compromiso con la vertebraci\u00f3n del territorio, asegurando el acceso a la informaci\u00f3n, la cultura y el entretenimiento en todo el territorio.<\/p>\n\n\n\n<p>El gerente del ISTEC ha se\u00f1alado que el objetivo \u201ces que ning\u00fan municipio quede atr\u00e1s en el acceso a la televisi\u00f3n digital, consolidando una red moderna, eficiente y preparada para el futuro\u201d.<\/p>\n\n\n\n<p><strong>Ejecuci\u00f3n del proyecto<\/strong><\/p>\n\n\n\n<p>El proyecto, iniciado en 2024, se desarrolla de forma progresiva durante tres a\u00f1os y avanza a buen ritmo, con m\u00e1s de dos tercios de las actuaciones ya completadas. La previsi\u00f3n es culminar la renovaci\u00f3n tecnol\u00f3gica durante el presente ejercicio.<\/p>\n\n\n\n<p>Con esta actuaci\u00f3n, la Generalitat consolida su red de difusi\u00f3n de TDT como una de las m\u00e1s avanzadas a nivel nacional, mejorando la calidad del servicio y reduciendo, adem\u00e1s, el consumo energ\u00e9tico de los centros emisores.<\/p>\n","protected":false},"excerpt":{"rendered":"<div class=\"mh-excerpt\">El gerente de la empresa p\u00fablica de Infraestructures i Serveis de Telecomunicacions i Certificaci\u00f3 (ISTEC), Juan Alegre, ha destacado el avance del plan de modernizaci\u00f3n de la red de extensi\u00f3n de Televisi\u00f3n Digital Terrestre (TDT) <a class=\"mh-excerpt-more\" href=\"https:\/\/www.tucomarca.com\/wordpress\/segunda\/la-generalitat-avanza-en-la-renovacion-tecnologica-de-la-red-de-extension-de-tdt-en-170-municipios-para-garantizar-el-acceso-a-la-television-digital-de-ultima-generacion\/\" title=\"La Generalitat avanza en la renovaci\u00f3n tecnol\u00f3gica de la red de extensi\u00f3n de TDT en 170 municipios para garantizar el acceso a la televisi\u00f3n digital de \u00faltima generaci\u00f3n\">[+] <\/a><\/div>\n","protected":false},"author":12,"featured_media":298643,"comment_status":"closed","ping_status":"open","sticky":false,"template":"","format":"standard","meta":{"footnotes":""},"categories":[128,8,72,142,3,45],"tags":[15323,10412],"class_list":{"0":"post-298641","1":"post","2":"type-post","3":"status-publish","4":"format-standard","5":"has-post-thumbnail","7":"category-infraestructuras","8":"category-la-comarca","9":"category-sin-categorizar","10":"category-politica-la-comarca","11":"category-seccion","12":"category-ventana","13":"tag-gva","14":"tag-infraestructuras"},"_links":{"self":[{"href":"https:\/\/www.tucomarca.com\/wordpress\/segunda\/wp-json\/wp\/v2\/posts\/298641","targetHints":{"allow":["GET"]}}],"collection":[{"href":"https:\/\/www.tucomarca.com\/wordpress\/segunda\/wp-json\/wp\/v2\/posts"}],"about":[{"href":"https:\/\/www.tucomarca.com\/wordpress\/segunda\/wp-json\/wp\/v2\/types\/post"}],"author":[{"embeddable":true,"href":"https:\/\/www.tucomarca.com\/wordpress\/segunda\/wp-json\/wp\/v2\/users\/12"}],"replies":[{"embeddable":true,"href":"https:\/\/www.tucomarca.com\/wordpress\/segunda\/wp-json\/wp\/v2\/comments?post=298641"}],"version-history":[{"count":0,"href":"https:\/\/www.tucomarca.com\/wordpress\/segunda\/wp-json\/wp\/v2\/posts\/298641\/revisions"}],"wp:featuredmedia":[{"embeddable":true,"href":"https:\/\/www.tucomarca.com\/wordpress\/segunda\/wp-json\/wp\/v2\/media\/298643"}],"wp:attachment":[{"href":"https:\/\/www.tucomarca.com\/wordpress\/segunda\/wp-json\/wp\/v2\/media?parent=298641"}],"wp:term":[{"taxonomy":"category","embeddable":true,"href":"https:\/\/www.tucomarca.com\/wordpress\/segunda\/wp-json\/wp\/v2\/categories?post=298641"},{"taxonomy":"post_tag","embeddable":true,"href":"https:\/\/www.tucomarca.com\/wordpress\/segunda\/wp-json\/wp\/v2\/tags?post=298641"}],"curies":[{"name":"wp","href":"https:\/\/api.w.org\/{rel}","templated":true}]}}