{"id":298655,"date":"2026-04-14T12:00:00","date_gmt":"2026-04-14T10:00:00","guid":{"rendered":"https:\/\/www.tucomarca.com\/wordpress\/segunda\/?p=298655"},"modified":"2026-04-14T20:57:32","modified_gmt":"2026-04-14T18:57:32","slug":"camarero-anuncia-talleres-de-empleo-para-jovenes-en-municipios-afectados-por-la-dana-que-beneficiaran-a-450-personas","status":"publish","type":"post","link":"https:\/\/www.tucomarca.com\/wordpress\/segunda\/camarero-anuncia-talleres-de-empleo-para-jovenes-en-municipios-afectados-por-la-dana-que-beneficiaran-a-450-personas\/","title":{"rendered":"Camarero anuncia talleres de empleo para j\u00f3venes en municipios afectados por la DANA que beneficiar\u00e1n a 450 personas"},"content":{"rendered":"\n<h3 class=\"wp-block-heading\">La vicepresidenta avanza que la convocatoria se publicar\u00e1 pr\u00f3ximamente en el DOGV.<\/h3>\n\n\n\n<h3 class=\"wp-block-heading\">Este programa, dotado con 9,9 millones de euros, combina formaci\u00f3n y empleo en proyectos vinculados a la reconstrucci\u00f3n del territorio.<\/h3>\n\n\n\n<p>La vicepresidenta primera y consellera de Vivienda, Empleo, Juventud e Igualdad, Susana Camarero, ha anunciado la puesta en marcha de nuevos talleres de empleo dirigidos a j\u00f3venes para contribuir a la recuperaci\u00f3n de los municipios afectados por la DANA, que podr\u00e1n beneficiar a alrededor de 450 personas.<\/p>\n\n\n\n<p>Camarero ha realizado este anuncio durante su visita a los talleres de empleo de Alc\u00e0sser, donde ha adelantado que pr\u00f3ximamente se publicar\u00e1 en el Diari Oficial de la Generalitat Valenciana (DOGV) la convocatoria del programa Talento Joven Garant\u00eda Juvenil.<\/p>\n\n\n\n<p>La vicepresidenta ha destacado que \u201cestos programas permiten a los j\u00f3venes formarse en un oficio mientras trabajan en proyectos reales vinculados a la reconstrucci\u00f3n de sus municipios, lo que mejora su cualificaci\u00f3n y multiplica sus oportunidades de acceso al mercado laboral\u201d.<\/p>\n\n\n\n<figure class=\"wp-block-image size-full\"><img loading=\"lazy\" decoding=\"async\" width=\"945\" height=\"638\" src=\"https:\/\/www.tucomarca.com\/wordpress\/segunda\/wp-content\/uploads\/2026\/04\/LaboraCamarero2.jpg\" alt=\"\" class=\"wp-image-298659\" srcset=\"https:\/\/www.tucomarca.com\/wordpress\/segunda\/wp-content\/uploads\/2026\/04\/LaboraCamarero2.jpg 945w, https:\/\/www.tucomarca.com\/wordpress\/segunda\/wp-content\/uploads\/2026\/04\/LaboraCamarero2-300x203.jpg 300w, https:\/\/www.tucomarca.com\/wordpress\/segunda\/wp-content\/uploads\/2026\/04\/LaboraCamarero2-768x519.jpg 768w\" sizes=\"auto, (max-width: 945px) 100vw, 945px\" \/><\/figure>\n\n\n\n<p><strong>Formaci\u00f3n y empleo para la reconstrucci\u00f3n<\/strong><\/p>\n\n\n\n<p>El programa Talento Joven Garant\u00eda Juvenil contar\u00e1 con una inversi\u00f3n de 9,9 millones de euros y permitir\u00e1 desarrollar proyectos en municipios afectados por la DANA, combinando formaci\u00f3n profesional acreditable y empleo efectivo durante un periodo de doce meses.<\/p>\n\n\n\n<p>Las personas participantes podr\u00e1n obtener certificados profesionales completos, al tiempo que adquieren experiencia laboral en actuaciones de inter\u00e9s general vinculadas a la recuperaci\u00f3n del entorno.<\/p>\n\n\n\n<p>Adem\u00e1s, el programa incorpora formaci\u00f3n complementaria en inserci\u00f3n laboral, competencias digitales, igualdad de g\u00e9nero, prevenci\u00f3n de riesgos laborales y emprendimiento.<\/p>\n\n\n\n<p><strong>Impulso al empleo juvenil<\/strong><\/p>\n\n\n\n<p>Camarero ha subrayado que \u201cel empleo juvenil es una prioridad para el Consell, porque facilitar una primera experiencia laboral es clave para que los j\u00f3venes puedan desarrollar su proyecto de vida\u201d.<\/p>\n\n\n\n<p>En esta l\u00ednea, ha destacado la evoluci\u00f3n positiva del mercado laboral entre la juventud valenciana. Seg\u00fan los datos de paro del mes de marzo, el desempleo entre menores de 25 a\u00f1os ha descendido un 4,6 % en t\u00e9rminos interanuales, lo que supone 890 j\u00f3venes menos en paro y el mejor dato para un mes de marzo de toda la serie hist\u00f3rica.<\/p>\n\n\n\n<p>En este sentido, ha destacado que estos talleres refuerzan la apuesta del Consell por los programas mixtos de empleo-formaci\u00f3n como una de las herramientas m\u00e1s eficaces para mejorar la empleabilidad.<\/p>\n\n\n\n<p><strong>C\u00f3mo participar<\/strong><\/p>\n\n\n\n<p>El programa est\u00e1 dirigido a j\u00f3venes de entre 16 y 30 a\u00f1os empadronados en los municipios afectados por la DANA, que deber\u00e1n estar inscritos en Labora y en el Sistema Nacional de Garant\u00eda Juvenil.<\/p>\n\n\n\n<p>Labora realizar\u00e1 la selecci\u00f3n de las personas participantes entre aquellas inscritas que cumplan los requisitos del programa.<\/p>\n\n\n\n<p>Las personas interesadas pueden solicitar cita en su Espai Labora, donde el personal orientador les informar\u00e1 sobre los requisitos y les acompa\u00f1ar\u00e1 en su itinerario de inserci\u00f3n.<\/p>\n","protected":false},"excerpt":{"rendered":"<div class=\"mh-excerpt\">La vicepresidenta avanza que la convocatoria se publicar\u00e1 pr\u00f3ximamente en el DOGV. Este programa, dotado con 9,9 millones de euros, combina formaci\u00f3n y empleo en proyectos vinculados a la reconstrucci\u00f3n del territorio. La vicepresidenta primera <a class=\"mh-excerpt-more\" href=\"https:\/\/www.tucomarca.com\/wordpress\/segunda\/camarero-anuncia-talleres-de-empleo-para-jovenes-en-municipios-afectados-por-la-dana-que-beneficiaran-a-450-personas\/\" title=\"Camarero anuncia talleres de empleo para j\u00f3venes en municipios afectados por la DANA que beneficiar\u00e1n a 450 personas\">[+] <\/a><\/div>\n","protected":false},"author":12,"featured_media":298657,"comment_status":"closed","ping_status":"open","sticky":false,"template":"","format":"standard","meta":{"footnotes":""},"categories":[21465,128,8,72,117,142,3,116,45],"tags":[12831,68,10716,11484],"class_list":{"0":"post-298655","1":"post","2":"type-post","3":"status-publish","4":"format-standard","5":"has-post-thumbnail","7":"category-dana","8":"category-infraestructuras","9":"category-la-comarca","10":"category-sin-categorizar","11":"category-medio-ambiente-la-comarca","12":"category-politica-la-comarca","13":"category-seccion","14":"category-sucesos-la-comarca","15":"category-ventana","16":"tag-dana-2","17":"tag-empleo","18":"tag-generalitat-valenciana","19":"tag-labora"},"_links":{"self":[{"href":"https:\/\/www.tucomarca.com\/wordpress\/segunda\/wp-json\/wp\/v2\/posts\/298655","targetHints":{"allow":["GET"]}}],"collection":[{"href":"https:\/\/www.tucomarca.com\/wordpress\/segunda\/wp-json\/wp\/v2\/posts"}],"about":[{"href":"https:\/\/www.tucomarca.com\/wordpress\/segunda\/wp-json\/wp\/v2\/types\/post"}],"author":[{"embeddable":true,"href":"https:\/\/www.tucomarca.com\/wordpress\/segunda\/wp-json\/wp\/v2\/users\/12"}],"replies":[{"embeddable":true,"href":"https:\/\/www.tucomarca.com\/wordpress\/segunda\/wp-json\/wp\/v2\/comments?post=298655"}],"version-history":[{"count":0,"href":"https:\/\/www.tucomarca.com\/wordpress\/segunda\/wp-json\/wp\/v2\/posts\/298655\/revisions"}],"wp:featuredmedia":[{"embeddable":true,"href":"https:\/\/www.tucomarca.com\/wordpress\/segunda\/wp-json\/wp\/v2\/media\/298657"}],"wp:attachment":[{"href":"https:\/\/www.tucomarca.com\/wordpress\/segunda\/wp-json\/wp\/v2\/media?parent=298655"}],"wp:term":[{"taxonomy":"category","embeddable":true,"href":"https:\/\/www.tucomarca.com\/wordpress\/segunda\/wp-json\/wp\/v2\/categories?post=298655"},{"taxonomy":"post_tag","embeddable":true,"href":"https:\/\/www.tucomarca.com\/wordpress\/segunda\/wp-json\/wp\/v2\/tags?post=298655"}],"curies":[{"name":"wp","href":"https:\/\/api.w.org\/{rel}","templated":true}]}}