{"id":298664,"date":"2026-04-14T10:00:00","date_gmt":"2026-04-14T08:00:00","guid":{"rendered":"https:\/\/www.tucomarca.com\/wordpress\/segunda\/?p=298664"},"modified":"2026-04-14T20:47:34","modified_gmt":"2026-04-14T18:47:34","slug":"caixa-popular-impulsa-la-inclusion-con-30-000-euros-en-ayudas-a-proyectos-para-personas-con-discapacidad","status":"publish","type":"post","link":"https:\/\/www.tucomarca.com\/wordpress\/segunda\/caixa-popular-impulsa-la-inclusion-con-30-000-euros-en-ayudas-a-proyectos-para-personas-con-discapacidad\/","title":{"rendered":"Caixa Popular impulsa la inclusi\u00f3n con 30.000 euros en ayudas a proyectos para personas con discapacidad"},"content":{"rendered":"\n<h3 class=\"wp-block-heading\">El acto de entrega de las ayudas se celebrar\u00e1 el martes 28 de abril en la sede de la ONCE en Val\u00e8ncia.<\/h3>\n\n\n\n<h3 class=\"wp-block-heading\">Estar\u00e1 conducido por la deportista Mireia Caba\u00f1es y contar\u00e1 con la actuaci\u00f3n del Cuarteto de Cuerda Valencia.<\/h3>\n\n\n\n<p>Caixa Popular lanz\u00f3 el pasado mes de diciembre&nbsp;laquinta convocatoria de las<strong> ayudas Sense Barreres<\/strong>&nbsp;dirigidas a proyectos que promueven la igualdad y la inclusi\u00f3n de las personas con discapacidad.<\/p>\n\n\n\n<p>Con una dotaci\u00f3n total de&nbsp;<strong>30.000 \u20ac<\/strong>, la entidad reafirma su compromiso con iniciativas capaces de transformar vidas y generar un impacto social positivo. Las ayudas se destinan a <strong>entidades sociales<\/strong> que trabajan en proyectos orientados a la inclusi\u00f3n, la igualdad de oportunidades y el apoyo a personas con discapacidad.<\/p>\n\n\n\n<p>En esta edici\u00f3n se han presentado <strong>m\u00e1s de 100 proyectos<\/strong>, entre los cuales los trabajadores y trabajadoras de Caixa Popular y los miembros del <strong>Club Populines<\/strong>, el club de fidelizaci\u00f3n de la entidad, han seleccionado los seis proyectos ganadores.<\/p>\n\n\n\n<p>Los proyectos beneficiarios de las ayudas son:<\/p>\n\n\n\n<ul class=\"wp-block-list\">\n<li><strong>Ayuda de 8.000 euros<\/strong>: \u201cTEAcercamos el ocio 2026: Un Derecho Fundamental\u00bb de l&#8217;Asociaci\u00f3n Valenciana de Padres de Personas con Autismo.&nbsp;<\/li>\n\n\n\n<li><strong>Ayuda de 8.000 euros<\/strong>: \u201cAtenci\u00f3n Integral al Da\u00f1o Cerebral Adquirido\u201d de Da\u00f1o Cerebral Valencia.&nbsp;<\/li>\n\n\n\n<li><strong>Ayuda de 5.000 euros<\/strong>: M\u00e1s all\u00e1 del aula\u00bb de Escuela 2 Cooperativa Valenciana.&nbsp;<\/li>\n\n\n\n<li><strong>Ayuda de 5.000 euros<\/strong>: \u201cEl hilo rojo del recreo. Patios inclusivos para que todas las personas puedan jugar\u201d del Patronato Intermunicipal Francisco Esteve.&nbsp;<\/li>\n\n\n\n<li><strong>Ayuda de 2.000 euros<\/strong>: \u201cMar Sin Barreras\u201d de Voluntaris del Mar.&nbsp;<\/li>\n\n\n\n<li><strong>Ayuda de 2.000 euros<\/strong>: \u201cTaller de deporte inclusivo y juego compartido\u201d de ACATUR Atenci\u00f3n Temprana.<\/li>\n<\/ul>\n\n\n\n<p>El pr\u00f3ximo <strong>martes 28 de abril a las 19:00 h<\/strong>, la sede de <strong>ONCE Val\u00e8ncia<\/strong> (Gran V\u00eda Ram\u00f3n y Cajal, 13) acoger\u00e1 el acto de entrega de los premios a los seis proyectos seleccionados.<\/p>\n\n\n\n<p>El evento estar\u00e1 conducido por la deportista Mireia Caba\u00f1es, ejemplo de superaci\u00f3n, y contar\u00e1 con m\u00fasica en directo del Cuarteto de Cuerda Valencia.&nbsp;<\/p>\n\n\n\n<p>Las personas interesadas en asistir pueden inscribirse en el enlace siguiente: <a href=\"https:\/\/www.caixapopular.es\/es\/acto-ayudas-sense-barreres\">https:\/\/www.caixapopular.es\/es\/acto-ayudas-sense-barreres<\/a><\/p>\n\n\n\n<p>Durante el acto, las asociaciones presentar\u00e1n su labor y explicar\u00e1n c\u00f3mo las ayudas contribuir\u00e1n a mejorar la vida de las personas con discapacidad a trav\u00e9s de sus proyectos.<\/p>\n\n\n\n<p><\/p>\n","protected":false},"excerpt":{"rendered":"<div class=\"mh-excerpt\">El acto de entrega de las ayudas se celebrar\u00e1 el martes 28 de abril en la sede de la ONCE en Val\u00e8ncia. Estar\u00e1 conducido por la deportista Mireia Caba\u00f1es y contar\u00e1 con la actuaci\u00f3n del <a class=\"mh-excerpt-more\" href=\"https:\/\/www.tucomarca.com\/wordpress\/segunda\/caixa-popular-impulsa-la-inclusion-con-30-000-euros-en-ayudas-a-proyectos-para-personas-con-discapacidad\/\" title=\"Caixa Popular impulsa la inclusi\u00f3n con 30.000 euros en ayudas a proyectos para personas con discapacidad\">[+] <\/a><\/div>\n","protected":false},"author":12,"featured_media":298666,"comment_status":"closed","ping_status":"open","sticky":false,"template":"","format":"standard","meta":{"footnotes":""},"categories":[4,128,8,72,7,3,45],"tags":[9331,23436],"class_list":{"0":"post-298664","1":"post","2":"type-post","3":"status-publish","4":"format-standard","5":"has-post-thumbnail","7":"category-agenda","8":"category-infraestructuras","9":"category-la-comarca","10":"category-sin-categorizar","11":"category-ocio-y-cultura","12":"category-seccion","13":"category-ventana","14":"tag-caixa-popular","15":"tag-diversidad-e-inclusion"},"_links":{"self":[{"href":"https:\/\/www.tucomarca.com\/wordpress\/segunda\/wp-json\/wp\/v2\/posts\/298664","targetHints":{"allow":["GET"]}}],"collection":[{"href":"https:\/\/www.tucomarca.com\/wordpress\/segunda\/wp-json\/wp\/v2\/posts"}],"about":[{"href":"https:\/\/www.tucomarca.com\/wordpress\/segunda\/wp-json\/wp\/v2\/types\/post"}],"author":[{"embeddable":true,"href":"https:\/\/www.tucomarca.com\/wordpress\/segunda\/wp-json\/wp\/v2\/users\/12"}],"replies":[{"embeddable":true,"href":"https:\/\/www.tucomarca.com\/wordpress\/segunda\/wp-json\/wp\/v2\/comments?post=298664"}],"version-history":[{"count":0,"href":"https:\/\/www.tucomarca.com\/wordpress\/segunda\/wp-json\/wp\/v2\/posts\/298664\/revisions"}],"wp:featuredmedia":[{"embeddable":true,"href":"https:\/\/www.tucomarca.com\/wordpress\/segunda\/wp-json\/wp\/v2\/media\/298666"}],"wp:attachment":[{"href":"https:\/\/www.tucomarca.com\/wordpress\/segunda\/wp-json\/wp\/v2\/media?parent=298664"}],"wp:term":[{"taxonomy":"category","embeddable":true,"href":"https:\/\/www.tucomarca.com\/wordpress\/segunda\/wp-json\/wp\/v2\/categories?post=298664"},{"taxonomy":"post_tag","embeddable":true,"href":"https:\/\/www.tucomarca.com\/wordpress\/segunda\/wp-json\/wp\/v2\/tags?post=298664"}],"curies":[{"name":"wp","href":"https:\/\/api.w.org\/{rel}","templated":true}]}}