{"id":298671,"date":"2026-04-14T09:15:00","date_gmt":"2026-04-14T07:15:00","guid":{"rendered":"https:\/\/www.tucomarca.com\/wordpress\/segunda\/?p=298671"},"modified":"2026-04-14T20:50:41","modified_gmt":"2026-04-14T18:50:41","slug":"cheste-se-prepara-para-acoger-la-quinta-edicion-de-vinachest","status":"publish","type":"post","link":"https:\/\/www.tucomarca.com\/wordpress\/segunda\/cheste-se-prepara-para-acoger-la-quinta-edicion-de-vinachest\/","title":{"rendered":"Cheste se prepara para acoger la quinta edici\u00f3n de Vinachest"},"content":{"rendered":"\n<h3 class=\"wp-block-heading\">El evento se celebrar\u00e1 del 22 al 24 de mayo de 2026 en la Plaza Doctor Cajal.<\/h3>\n\n\n\n<h3 class=\"wp-block-heading\">La programaci\u00f3n contar\u00e1 con bodegas locales, food trucks, m\u00fasica en directo y actividades para toda la familia.<\/h3>\n\n\n\n<p>La Plaza Doctor Cajal de Cheste volver\u00e1 a convertirse en el epicentro del enoturismo valenciano con una nueva edici\u00f3n de <strong>Vinachest<\/strong>, la Feria del Vino de Cheste, que se celebrar\u00e1 del <strong>22 al 24 de mayo de 2026<\/strong>. El evento reunir\u00e1 a bodegas, <em>food trucks<\/em>, actuaciones musicales y actividades para todos los p\u00fablicos, consolid\u00e1ndose un a\u00f1o m\u00e1s como una de las citas imprescindibles de la primavera en la comarca.<\/p>\n\n\n\n<p>Bajo el lema <em>\u00abEl mejor plan con familia y amigos\u00bb<\/em>, esta edici\u00f3n promete repetir el \u00e9xito de a\u00f1os anteriores, ofreciendo una experiencia completa que combina la tradici\u00f3n vin\u00edcola de la zona con una oferta l\u00fadica moderna. Los asistentes podr\u00e1n disfrutar de una cuidada selecci\u00f3n de <strong>bodegas<\/strong>, una variada oferta gastron\u00f3mica de la mano de <strong>food trucks<\/strong>, <strong>m\u00fasica en directo<\/strong> para amenizar las jornadas y un programa espec\u00edfico de <strong>animaci\u00f3n infantil<\/strong> para que los m\u00e1s peque\u00f1os tambi\u00e9n disfruten de la fiesta.<\/p>\n\n\n\n<p>La concejala de Comercio, <strong>Brenda Jim\u00e9nez<\/strong>, ante la proximidad del evento, ha subrayado que \u201cestamos preparando esta edici\u00f3n de Vinachest con much\u00edsima ilusi\u00f3n. Es una cita clave para poner en valor nuestros productos y dinamizar el comercio local en un ambiente festivo y acogedor\u201d.<\/p>\n\n\n\n<p>Asimismo, la concejala ha querido lanzar una invitaci\u00f3n directa a la ciudadan\u00eda: \u201cAnimo a todos los vecinos y vecinas, as\u00ed como a los visitantes de toda la comarca, a que se reserven ya estas fechas en su agenda. Queremos que la Plaza Doctor Cajal se llene de vida y que Vinachest vuelva a ser ese espacio de reuni\u00f3n y alegr\u00eda que tanto nos gusta\u201d.<\/p>\n\n\n\n<p>Desde la organizaci\u00f3n se informa de que, aunque el cartel oficial ya es p\u00fablico, los detalles espec\u00edficos de las catas, los horarios de los conciertos y el resto de actividades paralelas se dar\u00e1n a conocer muy pronto. <strong>En los pr\u00f3ximos d\u00edas se anunciar\u00e1 el programa de actos completo<\/strong> a trav\u00e9s de los canales oficiales del Ayuntamiento de Cheste.<\/p>\n\n\n\n<p>Vinachest 2026 cuenta con la colaboraci\u00f3n de la Generalitat Valenciana, Val\u00e8ncia Turisme y la Diputaci\u00f3 de Val\u00e8ncia, reforzando as\u00ed el car\u00e1cter institucional y tur\u00edstico de una feria que es ya un referente en la provincia.<\/p>\n","protected":false},"excerpt":{"rendered":"<div class=\"mh-excerpt\">El evento se celebrar\u00e1 del 22 al 24 de mayo de 2026 en la Plaza Doctor Cajal. La programaci\u00f3n contar\u00e1 con bodegas locales, food trucks, m\u00fasica en directo y actividades para toda la familia. La <a class=\"mh-excerpt-more\" href=\"https:\/\/www.tucomarca.com\/wordpress\/segunda\/cheste-se-prepara-para-acoger-la-quinta-edicion-de-vinachest\/\" title=\"Cheste se prepara para acoger la quinta edici\u00f3n de Vinachest\">[+] <\/a><\/div>\n","protected":false},"author":12,"featured_media":298673,"comment_status":"closed","ping_status":"open","sticky":false,"template":"","format":"standard","meta":{"footnotes":""},"categories":[4,113,17,8,10,7,3],"tags":[339,19146,5952],"class_list":{"0":"post-298671","1":"post","2":"type-post","3":"status-publish","4":"format-standard","5":"has-post-thumbnail","7":"category-agenda","8":"category-vinos","9":"category-cheste","10":"category-la-comarca","11":"category-la-hoya","12":"category-ocio-y-cultura","13":"category-seccion","14":"tag-cheste-2","15":"tag-feria-del-vino-vinachest","16":"tag-la-hoya-de-bunol-chiva"},"_links":{"self":[{"href":"https:\/\/www.tucomarca.com\/wordpress\/segunda\/wp-json\/wp\/v2\/posts\/298671","targetHints":{"allow":["GET"]}}],"collection":[{"href":"https:\/\/www.tucomarca.com\/wordpress\/segunda\/wp-json\/wp\/v2\/posts"}],"about":[{"href":"https:\/\/www.tucomarca.com\/wordpress\/segunda\/wp-json\/wp\/v2\/types\/post"}],"author":[{"embeddable":true,"href":"https:\/\/www.tucomarca.com\/wordpress\/segunda\/wp-json\/wp\/v2\/users\/12"}],"replies":[{"embeddable":true,"href":"https:\/\/www.tucomarca.com\/wordpress\/segunda\/wp-json\/wp\/v2\/comments?post=298671"}],"version-history":[{"count":0,"href":"https:\/\/www.tucomarca.com\/wordpress\/segunda\/wp-json\/wp\/v2\/posts\/298671\/revisions"}],"wp:featuredmedia":[{"embeddable":true,"href":"https:\/\/www.tucomarca.com\/wordpress\/segunda\/wp-json\/wp\/v2\/media\/298673"}],"wp:attachment":[{"href":"https:\/\/www.tucomarca.com\/wordpress\/segunda\/wp-json\/wp\/v2\/media?parent=298671"}],"wp:term":[{"taxonomy":"category","embeddable":true,"href":"https:\/\/www.tucomarca.com\/wordpress\/segunda\/wp-json\/wp\/v2\/categories?post=298671"},{"taxonomy":"post_tag","embeddable":true,"href":"https:\/\/www.tucomarca.com\/wordpress\/segunda\/wp-json\/wp\/v2\/tags?post=298671"}],"curies":[{"name":"wp","href":"https:\/\/api.w.org\/{rel}","templated":true}]}}