{"id":298677,"date":"2026-04-14T08:00:00","date_gmt":"2026-04-14T06:00:00","guid":{"rendered":"https:\/\/www.tucomarca.com\/wordpress\/segunda\/?p=298677"},"modified":"2026-04-15T12:51:18","modified_gmt":"2026-04-15T10:51:18","slug":"eu-unides-podem-de-bunol-denuncia-sobrecostes-del-423-y-falta-de-transparencia-en-el-pleno-de-marzo-que-duro-7-horas","status":"publish","type":"post","link":"https:\/\/www.tucomarca.com\/wordpress\/segunda\/eu-unides-podem-de-bunol-denuncia-sobrecostes-del-423-y-falta-de-transparencia-en-el-pleno-de-marzo-que-duro-7-horas\/","title":{"rendered":"EU-Unides Podem de Bu\u00f1ol denuncia \u00absobrecostes del 423% y falta de transparencia\u00bb en el pleno de marzo que dur\u00f3 7 horas"},"content":{"rendered":"\n<p>Izquierda Unida-Unides Podem ha denunciado que el \u00faltimo pleno municipal \u00abtuvo una duraci\u00f3n de 7 horas como consecuencia de que el gobierno municipal insiste en hacer <strong>plenos cada dos meses<\/strong>, en lugar de uno al mes. As\u00ed alejan y evitan debatir la incapacidad de gesti\u00f3n y la incoherencia del gobierno municipal del PP y X Bu\u00f1ol\u00bb, seg\u00fan la formaci\u00f3n.\u00a0<\/p>\n\n\n\n<p>\u00ab<strong>Las principales conclusiones del pleno fueron<\/strong> que<strong> el gobierno municipal se niega hacer una auditor\u00eda externa de las obras de la cuesta de Navarro a pesar de que el interventor hizo un Reparo de legalidad <\/strong>y que el presupuesto inicial de la adjudicaci\u00f3n de la obra es de 270.000 euros y actualmente se ha incrementado en 900.000 euros, ascendiendo a un total de 1.200.000 euros, es decir se ha AUMENT el coste en el 423%. Un verdadero esc\u00e1ndalo\u00bb.<br><\/p>\n\n\n\n<p>\u00ab<strong>El PP y X Bu\u00f1ol votaron en contra del apoyo a Cuba y niegan una subvenci\u00f3n de ayuda de 1.000 euros. Con argumentos vergonzosos e indignos<\/strong>. <strong>Se aprueba nuestras mociones sobre el rechazo a la guerra criminal de Netanyahu y Trump contra Ir\u00e1n y <\/strong>se acepta <strong>hacer un programa del debate de la gesti\u00f3n municipal en Bu\u00f1ol <\/strong>con la participaci\u00f3n de los portavoces de los grupos municipales del Ayuntamiento\u00bb<strong>.<\/strong><\/p>\n\n\n\n<p>\u00ab<strong>Por unanimidad, fue aprobado un documento con Salvemos Farrajon para trabajar conjuntamente ante cualquier proyecto de Macro fotovoltaicas o Biometano<\/strong>\u00ab. <strong>Los presupuestos municipales del 2026 todav\u00eda no se han presentado, incluso no se pronunciaron para cuando los van a presentar\u00bb, han resumido desde EU-Unidas Podem.\u00a0<\/strong><\/p>\n\n\n\n<p>\u00abLa <strong>no aprobaci\u00f3n <\/strong>de los presupuestos en el mes de <strong>diciembre <\/strong>como <strong>dice la Ley, genera unos perjuicios importantes en la gesti\u00f3n municipal y sobre todo afecta totalmente a las asociaciones y entidades ciudadanas que est\u00e1n subvencionadas por el Ayuntamiento<\/strong>, porque hasta que no se aprueben, no pueden pagarse. Sirva de ejemplo que el Club Deportivo Bu\u00f1ol ha tenido que suscribir un cr\u00e9dito bancario para poder abonar los salarios a los jugadores ya que el Ayuntamiento no les ha pagado la subvenci\u00f3n\u00bb, han a\u00f1adido.\u00a0<\/p>\n\n\n\n<p><strong>Para EU-Unidas Podem, \u00abel gobierno municipal ha alcanzado unas cotas de incompetencia y desgobierno tremendas. Teniendo mayor\u00eda absoluta no son capaces de hacer unos presupuestos<\/strong>, <strong>no vigilan las obras <\/strong>irracionales de los <strong>muros de las calles Ruiz Pons y Balmes<\/strong>, acometen obras sin sentido com\u00fan como las de la calle G\u00f3mez Ferrer y ahora cuatriplican el costo del colector de aguas pluviales de la Cuesta Navarro elev\u00e1ndolo a 1.200.000 euros.\u00a0<strong>Mayor incompetencia, desprop\u00f3sitos y despilfarro econ\u00f3mico es dif\u00edcil<\/strong>\u00ab.<\/p>\n","protected":false},"excerpt":{"rendered":"<div class=\"mh-excerpt\">Izquierda Unida-Unides Podem ha denunciado que el \u00faltimo pleno municipal \u00abtuvo una duraci\u00f3n de 7 horas como consecuencia de que el gobierno municipal insiste en hacer plenos cada dos meses, en lugar de uno al <a class=\"mh-excerpt-more\" href=\"https:\/\/www.tucomarca.com\/wordpress\/segunda\/eu-unides-podem-de-bunol-denuncia-sobrecostes-del-423-y-falta-de-transparencia-en-el-pleno-de-marzo-que-duro-7-horas\/\" title=\"EU-Unides Podem de Bu\u00f1ol denuncia \u00absobrecostes del 423% y falta de transparencia\u00bb en el pleno de marzo que dur\u00f3 7 horas\">[+] <\/a><\/div>\n","protected":false},"author":12,"featured_media":201844,"comment_status":"closed","ping_status":"open","sticky":false,"template":"","format":"standard","meta":{"footnotes":""},"categories":[18,8,10,142,3],"tags":[5335,10385,19332,5952],"class_list":{"0":"post-298677","1":"post","2":"type-post","3":"status-publish","4":"format-standard","5":"has-post-thumbnail","7":"category-bunol","8":"category-la-comarca","9":"category-la-hoya","10":"category-politica-la-comarca","11":"category-seccion","12":"tag-ayuntamiento-de-bunol","13":"tag-bunol","14":"tag-eu-unides-podem","15":"tag-la-hoya-de-bunol-chiva"},"_links":{"self":[{"href":"https:\/\/www.tucomarca.com\/wordpress\/segunda\/wp-json\/wp\/v2\/posts\/298677","targetHints":{"allow":["GET"]}}],"collection":[{"href":"https:\/\/www.tucomarca.com\/wordpress\/segunda\/wp-json\/wp\/v2\/posts"}],"about":[{"href":"https:\/\/www.tucomarca.com\/wordpress\/segunda\/wp-json\/wp\/v2\/types\/post"}],"author":[{"embeddable":true,"href":"https:\/\/www.tucomarca.com\/wordpress\/segunda\/wp-json\/wp\/v2\/users\/12"}],"replies":[{"embeddable":true,"href":"https:\/\/www.tucomarca.com\/wordpress\/segunda\/wp-json\/wp\/v2\/comments?post=298677"}],"version-history":[{"count":0,"href":"https:\/\/www.tucomarca.com\/wordpress\/segunda\/wp-json\/wp\/v2\/posts\/298677\/revisions"}],"wp:featuredmedia":[{"embeddable":true,"href":"https:\/\/www.tucomarca.com\/wordpress\/segunda\/wp-json\/wp\/v2\/media\/201844"}],"wp:attachment":[{"href":"https:\/\/www.tucomarca.com\/wordpress\/segunda\/wp-json\/wp\/v2\/media?parent=298677"}],"wp:term":[{"taxonomy":"category","embeddable":true,"href":"https:\/\/www.tucomarca.com\/wordpress\/segunda\/wp-json\/wp\/v2\/categories?post=298677"},{"taxonomy":"post_tag","embeddable":true,"href":"https:\/\/www.tucomarca.com\/wordpress\/segunda\/wp-json\/wp\/v2\/tags?post=298677"}],"curies":[{"name":"wp","href":"https:\/\/api.w.org\/{rel}","templated":true}]}}