{"id":298683,"date":"2026-04-15T12:00:00","date_gmt":"2026-04-15T10:00:00","guid":{"rendered":"https:\/\/www.tucomarca.com\/wordpress\/segunda\/?p=298683"},"modified":"2026-04-15T20:25:26","modified_gmt":"2026-04-15T18:25:26","slug":"labora-te-acompana-en-cada-paso-de-tu-camino-profesional","status":"publish","type":"post","link":"https:\/\/www.tucomarca.com\/wordpress\/segunda\/labora-te-acompana-en-cada-paso-de-tu-camino-profesional\/","title":{"rendered":"Labora te acompa\u00f1a en cada paso de tu camino profesional"},"content":{"rendered":"\n<p><strong>Un servicio gratuito que te ayuda a encontrar y mejorar tus oportunidades laborales<\/strong><\/p>\n\n\n\n<p>Encontrar trabajo y moverse en un mercado laboral en constante cambio no es f\u00e1cil. Por eso, Labora, el Servicio Valenciano de Empleo y Formaci\u00f3n, se encarga de facilitar el acceso y la mejora de empleo a la ciudadan\u00eda para que puedan descubrir nuevas oportunidades, mejorar competencias y destacar en el mercado de trabajo. Labora ofrece orientaci\u00f3n laboral individualizada, formaci\u00f3n y talleres pr\u00e1cticos, apoyo a empresas para encontrar talento y programas con subvenciones para diferentes colectivos, todo con el objetivo de facilitar a la sociedad valenciana su desarrollo profesional.&nbsp;<\/p>\n\n\n\n<p><strong>Una ayuda para encontrar empleo<\/strong><\/p>\n\n\n\n<p>En internet hay miles de ofertas de empleo en todo tipo de p\u00e1ginas, y aun as\u00ed muchas personas sienten que env\u00edan curr\u00edculums sin recibir respuesta. Esto puede resultar frustrante y hacer que encontrar trabajo parezca m\u00e1s dif\u00edcil de lo que es. Por eso, contar con la ayuda adecuada marca la diferencia: en Labora tienes a tu disposici\u00f3n un servicio gratuito de atenci\u00f3n individualizada, donde el personal te acompa\u00f1a en tu b\u00fasqueda de empleo y te ayuda a avanzar hacia tu futuro profesional.<\/p>\n\n\n\n<p>Desde el inicio cuentas con un orientador u orientadora de referencia que act\u00faa como tu gu\u00eda, conociendo tu perfil y ayud\u00e1ndote a trazar un camino claro hacia el empleo. Te da las herramientas para mejorar tu curr\u00edculum, prepararte para entrevistas y descubrir cursos y oportunidades que encajen contigo. Adem\u00e1s, tambi\u00e9n hay disponibles talleres pr\u00e1cticos donde aprender a afrontar entrevistas con m\u00e1s seguridad y a desenvolverte mejor en la b\u00fasqueda de empleo. Adem\u00e1s, puedes solicitar citas siempre que lo necesites, avanzando paso a paso y resolviendo tus dudas. Un apoyo cercano y continuo para que no tengas que hacerlo solo y que te motiva para mantener una actitud positiva durante todo el proceso de buscar trabajo.&nbsp;<\/p>\n\n\n<div class=\"wp-block-image\">\n<figure class=\"alignleft size-large is-resized\"><img loading=\"lazy\" decoding=\"async\" width=\"683\" height=\"1024\" src=\"https:\/\/www.tucomarca.com\/wordpress\/segunda\/wp-content\/uploads\/2026\/04\/11_LABORA-683x1024.jpg\" alt=\"\" class=\"wp-image-298794\" style=\"width:412px;height:auto\" srcset=\"https:\/\/www.tucomarca.com\/wordpress\/segunda\/wp-content\/uploads\/2026\/04\/11_LABORA-683x1024.jpg 683w, https:\/\/www.tucomarca.com\/wordpress\/segunda\/wp-content\/uploads\/2026\/04\/11_LABORA-200x300.jpg 200w, https:\/\/www.tucomarca.com\/wordpress\/segunda\/wp-content\/uploads\/2026\/04\/11_LABORA-768x1152.jpg 768w, https:\/\/www.tucomarca.com\/wordpress\/segunda\/wp-content\/uploads\/2026\/04\/11_LABORA.jpg 886w\" sizes=\"auto, (max-width: 683px) 100vw, 683px\" \/><\/figure>\n<\/div>\n\n\n<p><strong>Formaci\u00f3n para avanzar<\/strong><\/p>\n\n\n\n<p>Desde Labora saben lo importante que es la formaci\u00f3n en la b\u00fasqueda de empleo. Es una herramienta que ayuda a que mejores tus habilidades y destaques en las entrevistas de trabajo. Por ello, ponen a tu disposici\u00f3n una gran variedad de cursos gratuitos tanto para personas desempleadas u ocupadas. Sobre todo, se presta especial atenci\u00f3n a que j\u00f3venes, mujeres y colectivos de atenci\u00f3n prioritaria reciban formaci\u00f3n para mejorar sus oportunidades laborales.<\/p>\n\n\n\n<p>Existen cursos de diferentes duraciones y de sectores laborales muy diversos que se realizan por toda la Comunitat Valenciana. Por ejemplo, certificados profesionales, programas de empleo y formaci\u00f3n o el Campus Virtual.&nbsp;<\/p>\n\n\n\n<p>Tambi\u00e9n tienes la opci\u00f3n de acreditar las competencias laborales que has conseguido por tu experiencia trabajando. Si es tu caso, acude a tu Espai Labora y te informar\u00e1n de c\u00f3mo puedes conseguirlo.<\/p>\n\n\n\n<p>Los datos hablan por s\u00ed solos, m\u00e1s de la mitad de las personas que participan en los cursos de Labora consiguen empleo en menos de un a\u00f1o. Entra en el apartado <a href=\"https:\/\/labora.gva.es\/es\/ciutadania\/busque-formacio\/general\">Busco Formaci\u00f3n<\/a> de su p\u00e1gina web y encuentra el curso que m\u00e1s se adapte a ti.<\/p>\n\n\n\n<p><strong>Empresas que encuentran talento en Labora<\/strong><\/p>\n\n\n\n<p>\u00bfNecesitas cubrir un puesto de trabajo? En Labora conectan tu empresa con el talento que buscas. Registra la oferta de empleo en su portal GVAJobs, consulta las candidaturas presentadas por las personas interesadas en la oferta, revisa sus curr\u00edculums, cita a los candidatos\/as que consideres m\u00e1s id\u00f3neos y encuentra el talento que tu empresa necesita.<\/p>\n\n\n\n<p>En Labora se fomenta el empleo ofreciendo ayudas y subvenciones a empresas y entidades por la contrataci\u00f3n de diferentes colectivos. \u00a1Consulta todas las <a href=\"https:\/\/labora.gva.es\/es\/empreses\/busque-ajudes-subvencions\/ajudes-foment-de-l-ocupacio-2026\">convocatorias disponibles<\/a>!<\/p>\n\n\n\n<p>Si quieres contactar con ellos para resolver dudas, solicitar informaci\u00f3n o quieres que vayan a visitarte, contacta con su atenci\u00f3n especializada en <a href=\"https:\/\/labora.gva.es\/es\/contacte-con-nosotros\">Espai Empreses<\/a>.<\/p>\n\n\n\n<p><strong>Contigo en cada paso&nbsp;<\/strong><\/p>\n\n\n\n<p>\u00a1Labora quiere conocerte! No dudes en acudir al Espai Labora que te corresponde para que te puedan ayudar personalmente. Tienen m\u00e1s de 50 centros por toda la Comunitat Valenciana. \u00a1Encuentra el <a href=\"https:\/\/puntlabora.gva.es\/micentrosr\/?lang=es\">tuyo<\/a>!<\/p>\n\n\n\n<p>En <a href=\"https:\/\/puntlabora.gva.es\/puntlabora\/?lang=es\">Punt Labora<\/a> puedes encontrar m\u00e1s de 2.000 ofertas de empleo diariamente. Entra desde tu navegador web o desde la aplicaci\u00f3n. Inscr\u00edbete a todas las ofertas que te interesen y haz un seguimiento de tu candidatura. Tambi\u00e9n puedes consultar la oferta formativa actual, cuentan con m\u00faltiples centros de formaci\u00f3n donde ampliar tus conocimientos o aprender sobre otros sectores laborales.<\/p>\n\n\n\n<p>Labora impulsa el empleo, acompa\u00f1ando a personas y empresas en cada paso de su camino laboral.&nbsp;<\/p>\n","protected":false},"excerpt":{"rendered":"<div class=\"mh-excerpt\">Un servicio gratuito que te ayuda a encontrar y mejorar tus oportunidades laborales Encontrar trabajo y moverse en un mercado laboral en constante cambio no es f\u00e1cil. Por eso, Labora, el Servicio Valenciano de Empleo <a class=\"mh-excerpt-more\" href=\"https:\/\/www.tucomarca.com\/wordpress\/segunda\/labora-te-acompana-en-cada-paso-de-tu-camino-profesional\/\" title=\"Labora te acompa\u00f1a en cada paso de tu camino profesional\">[+] <\/a><\/div>\n","protected":false},"author":1,"featured_media":297688,"comment_status":"closed","ping_status":"open","sticky":false,"template":"","format":"standard","meta":{"footnotes":""},"categories":[8,72,7,142,3,45],"tags":[68,10716,11484],"class_list":{"0":"post-298683","1":"post","2":"type-post","3":"status-publish","4":"format-standard","5":"has-post-thumbnail","7":"category-la-comarca","8":"category-sin-categorizar","9":"category-ocio-y-cultura","10":"category-politica-la-comarca","11":"category-seccion","12":"category-ventana","13":"tag-empleo","14":"tag-generalitat-valenciana","15":"tag-labora"},"_links":{"self":[{"href":"https:\/\/www.tucomarca.com\/wordpress\/segunda\/wp-json\/wp\/v2\/posts\/298683","targetHints":{"allow":["GET"]}}],"collection":[{"href":"https:\/\/www.tucomarca.com\/wordpress\/segunda\/wp-json\/wp\/v2\/posts"}],"about":[{"href":"https:\/\/www.tucomarca.com\/wordpress\/segunda\/wp-json\/wp\/v2\/types\/post"}],"author":[{"embeddable":true,"href":"https:\/\/www.tucomarca.com\/wordpress\/segunda\/wp-json\/wp\/v2\/users\/1"}],"replies":[{"embeddable":true,"href":"https:\/\/www.tucomarca.com\/wordpress\/segunda\/wp-json\/wp\/v2\/comments?post=298683"}],"version-history":[{"count":0,"href":"https:\/\/www.tucomarca.com\/wordpress\/segunda\/wp-json\/wp\/v2\/posts\/298683\/revisions"}],"wp:featuredmedia":[{"embeddable":true,"href":"https:\/\/www.tucomarca.com\/wordpress\/segunda\/wp-json\/wp\/v2\/media\/297688"}],"wp:attachment":[{"href":"https:\/\/www.tucomarca.com\/wordpress\/segunda\/wp-json\/wp\/v2\/media?parent=298683"}],"wp:term":[{"taxonomy":"category","embeddable":true,"href":"https:\/\/www.tucomarca.com\/wordpress\/segunda\/wp-json\/wp\/v2\/categories?post=298683"},{"taxonomy":"post_tag","embeddable":true,"href":"https:\/\/www.tucomarca.com\/wordpress\/segunda\/wp-json\/wp\/v2\/tags?post=298683"}],"curies":[{"name":"wp","href":"https:\/\/api.w.org\/{rel}","templated":true}]}}