{"id":298685,"date":"2026-04-14T09:50:00","date_gmt":"2026-04-14T07:50:00","guid":{"rendered":"https:\/\/www.tucomarca.com\/wordpress\/segunda\/?p=298685"},"modified":"2026-04-14T20:59:35","modified_gmt":"2026-04-14T18:59:35","slug":"la-diputacio-forma-a-los-empleados-publicos-de-la-provincia-para-mejorar-la-comunicacion-de-las-administraciones-con-la-ciudadania","status":"publish","type":"post","link":"https:\/\/www.tucomarca.com\/wordpress\/segunda\/la-diputacio-forma-a-los-empleados-publicos-de-la-provincia-para-mejorar-la-comunicacion-de-las-administraciones-con-la-ciudadania\/","title":{"rendered":"La Diputaci\u00f3 forma a los empleados p\u00fablicos de la provincia para mejorar la comunicaci\u00f3n de las administraciones con la ciudadan\u00eda"},"content":{"rendered":"\n<h3 class=\"wp-block-heading\">Las \u00e1reas de Formaci\u00f3n y Foment de l\u2019\u00das del Valenci\u00e0 ponen en marcha la segunda edici\u00f3n del curso DIVALComunica, para extender en la administraci\u00f3n el uso de un lenguaje m\u00e1s claro y comprensible para la ciudadan\u00eda.<\/h3>\n\n\n\n<p>La Diputaci\u00f3 de Val\u00e8ncia ha puesto en marcha este martes la segunda edici\u00f3n del itinerario formativo \u2018DIVALComunica. Lenguaje sencillo para la Administraci\u00f3n\u2019, una iniciativa pionera que tiene como objetivo principal mejorar la comunicaci\u00f3n y la informaci\u00f3n a la ciudadan\u00eda, tanto oral como escrita, por parte de los profesionales de las administraciones locales, a trav\u00e9s del uso de un lenguaje m\u00e1s claro y comprensible para todos los ciudadanos.<\/p>\n\n\n\n<p>Organizado por el departamento de Foment de l\u2019\u00das del Valenci\u00e0, en colaboraci\u00f3n con el \u00e1rea de Formaci\u00f3n que dirige el diputado Ricardo Gabald\u00f3n, e impulsado por la secretar\u00eda general de la corporaci\u00f3n provincial, se trata de un curso en el que los empleados p\u00fablicos de las entidades locales aprender\u00e1n c\u00f3mo usar el lenguaje de modo que las comunicaciones que salen de la Administraci\u00f3n resulten m\u00e1s directas y f\u00e1ciles de entender.&nbsp;<\/p>\n\n\n\n<p>La principal novedad de esta edici\u00f3n es que, despu\u00e9s del \u00e9xito de participaci\u00f3n del a\u00f1o pasado, donde el itinerario formativo se imparti\u00f3 \u00fanicamente al personal de la Diputaci\u00f3n, este a\u00f1o DIVALComunica va dirigido al personal empleado p\u00fablico de todas las entidades locales de la provincia de Valencia, siendo este el porcentaje mayoritario de alumnos del curso. Todos ellos saldr\u00e1n del itinerario con las herramientas necesarias para ofrecer una administraci\u00f3n local m\u00e1s cercana y m\u00e1s accesible a la ciudadan\u00eda, mejorando la relaci\u00f3n y la experiencia en el d\u00eda a d\u00eda.<\/p>\n\n\n\n<p>El diputado de Formaci\u00f3n, Ricardo Gabald\u00f3n, ha subrayado \u201cla importancia de poder realizar acciones formativas que faciliten la relaci\u00f3n y mejoren la comunicaci\u00f3n entre las administraciones p\u00fablicas y la ciudadan\u00eda para realizar cualquier tipo de gesti\u00f3n diaria\u201d. Gabald\u00f3n ha expresado adem\u00e1s la intenci\u00f3n que tiene la Diputaci\u00f3n de \u201cconsolidar DIVALComunica en los pr\u00f3ximos a\u00f1os en todo el territorio provincial, al igual que hemos hecho con su \u2018hermano mayor\u2019: DIVALDirectia, referente en el \u00e1mbito de la formaci\u00f3n en la administraci\u00f3n local por la calidad y aplicabilidad real de sus contenidos\u201d<\/p>\n\n\n\n<figure class=\"wp-block-image size-large\"><img loading=\"lazy\" decoding=\"async\" width=\"1024\" height=\"768\" src=\"https:\/\/www.tucomarca.com\/wordpress\/segunda\/wp-content\/uploads\/2026\/04\/DIVALComunica2-1024x768.jpg\" alt=\"\" class=\"wp-image-298690\" srcset=\"https:\/\/www.tucomarca.com\/wordpress\/segunda\/wp-content\/uploads\/2026\/04\/DIVALComunica2-1024x768.jpg 1024w, https:\/\/www.tucomarca.com\/wordpress\/segunda\/wp-content\/uploads\/2026\/04\/DIVALComunica2-300x225.jpg 300w, https:\/\/www.tucomarca.com\/wordpress\/segunda\/wp-content\/uploads\/2026\/04\/DIVALComunica2-768x576.jpg 768w, https:\/\/www.tucomarca.com\/wordpress\/segunda\/wp-content\/uploads\/2026\/04\/DIVALComunica2-1536x1152.jpg 1536w, https:\/\/www.tucomarca.com\/wordpress\/segunda\/wp-content\/uploads\/2026\/04\/DIVALComunica2-678x509.jpg 678w, https:\/\/www.tucomarca.com\/wordpress\/segunda\/wp-content\/uploads\/2026\/04\/DIVALComunica2-326x245.jpg 326w, https:\/\/www.tucomarca.com\/wordpress\/segunda\/wp-content\/uploads\/2026\/04\/DIVALComunica2-80x60.jpg 80w, https:\/\/www.tucomarca.com\/wordpress\/segunda\/wp-content\/uploads\/2026\/04\/DIVALComunica2.jpg 2048w\" sizes=\"auto, (max-width: 1024px) 100vw, 1024px\" \/><\/figure>\n\n\n\n<p><strong>El curso<\/strong><\/p>\n\n\n\n<p>El itinerario formativo \u2018DIVALComunica. Lenguaje sencillo para la Administraci\u00f3n\u2019, que cuenta con una duraci\u00f3n de 110 horas, se prolongar\u00e1 hasta el pr\u00f3ximo mes de junio. El curso se ha organizado en seis m\u00f3dulos, en los que se combina la presencialidad en las aulas con las jornadas online.<\/p>\n\n\n\n<p>Destaca adem\u00e1s la calidad de los ponentes del curso, ya que adem\u00e1s de personal especialista de la propia corporaci\u00f3n, participar\u00e1n profesionales de la Acad\u00e8mia Valenciana de la Llengua, personal docente universitario y especialistas del mundo de la comunicaci\u00f3n. Dentro de los contenidos se ofrece una visi\u00f3n multidisciplinaria que afecta la comunicaci\u00f3n, y que se trabajar\u00e1 tanto desde el contenido como desde el continente sin olvidar aspectos de la comunicaci\u00f3n no verbal<\/p>\n\n\n\n<p>Este martes ha tenido lugar en ADEIT la apertura del curso y la sesi\u00f3n inaugural, que ha contado con la participaci\u00f3n de las coordinadoras de DIVALComunica, Immaculada Cerd\u00e0, jefa del servicio de Foment de l&#8217;\u00das del Valenci\u00e0, Carme Navarro, jefa de Asesoramiento Ling\u00fc\u00edstico del mismo servicio, y Eva Navarrete, jefa de servicio de Formaci\u00f3n, que han explicado los aspectos m\u00e1s destacados del itinerario, los objetivos y el desarrollo de este. La ponencia de la jornada ha corrido a cargo de la presidenta de la AVL, Ver\u00f2nica Cant\u00f3.<\/p>\n","protected":false},"excerpt":{"rendered":"<div class=\"mh-excerpt\">Las \u00e1reas de Formaci\u00f3n y Foment de l\u2019\u00das del Valenci\u00e0 ponen en marcha la segunda edici\u00f3n del curso DIVALComunica, para extender en la administraci\u00f3n el uso de un lenguaje m\u00e1s claro y comprensible para la <a class=\"mh-excerpt-more\" href=\"https:\/\/www.tucomarca.com\/wordpress\/segunda\/la-diputacio-forma-a-los-empleados-publicos-de-la-provincia-para-mejorar-la-comunicacion-de-las-administraciones-con-la-ciudadania\/\" title=\"La Diputaci\u00f3 forma a los empleados p\u00fablicos de la provincia para mejorar la comunicaci\u00f3n de las administraciones con la ciudadan\u00eda\">[+] <\/a><\/div>\n","protected":false},"author":12,"featured_media":298688,"comment_status":"closed","ping_status":"open","sticky":false,"template":"","format":"standard","meta":{"footnotes":""},"categories":[128,8,72,142,3,45],"tags":[22268,3677,24123],"class_list":{"0":"post-298685","1":"post","2":"type-post","3":"status-publish","4":"format-standard","5":"has-post-thumbnail","7":"category-infraestructuras","8":"category-la-comarca","9":"category-sin-categorizar","10":"category-politica-la-comarca","11":"category-seccion","12":"category-ventana","13":"tag-adeit","14":"tag-diputacio-de-valencia","15":"tag-divalcomunica"},"_links":{"self":[{"href":"https:\/\/www.tucomarca.com\/wordpress\/segunda\/wp-json\/wp\/v2\/posts\/298685","targetHints":{"allow":["GET"]}}],"collection":[{"href":"https:\/\/www.tucomarca.com\/wordpress\/segunda\/wp-json\/wp\/v2\/posts"}],"about":[{"href":"https:\/\/www.tucomarca.com\/wordpress\/segunda\/wp-json\/wp\/v2\/types\/post"}],"author":[{"embeddable":true,"href":"https:\/\/www.tucomarca.com\/wordpress\/segunda\/wp-json\/wp\/v2\/users\/12"}],"replies":[{"embeddable":true,"href":"https:\/\/www.tucomarca.com\/wordpress\/segunda\/wp-json\/wp\/v2\/comments?post=298685"}],"version-history":[{"count":0,"href":"https:\/\/www.tucomarca.com\/wordpress\/segunda\/wp-json\/wp\/v2\/posts\/298685\/revisions"}],"wp:featuredmedia":[{"embeddable":true,"href":"https:\/\/www.tucomarca.com\/wordpress\/segunda\/wp-json\/wp\/v2\/media\/298688"}],"wp:attachment":[{"href":"https:\/\/www.tucomarca.com\/wordpress\/segunda\/wp-json\/wp\/v2\/media?parent=298685"}],"wp:term":[{"taxonomy":"category","embeddable":true,"href":"https:\/\/www.tucomarca.com\/wordpress\/segunda\/wp-json\/wp\/v2\/categories?post=298685"},{"taxonomy":"post_tag","embeddable":true,"href":"https:\/\/www.tucomarca.com\/wordpress\/segunda\/wp-json\/wp\/v2\/tags?post=298685"}],"curies":[{"name":"wp","href":"https:\/\/api.w.org\/{rel}","templated":true}]}}