{"id":298696,"date":"2026-04-14T09:30:00","date_gmt":"2026-04-14T07:30:00","guid":{"rendered":"https:\/\/www.tucomarca.com\/wordpress\/segunda\/?p=298696"},"modified":"2026-04-14T20:52:42","modified_gmt":"2026-04-14T18:52:42","slug":"enguix-insta-al-consell-a-dotar-de-fondos-a-fisabio-para-acelerar-la-identificacion-de-los-represaliados-de-la-guerra-civil","status":"publish","type":"post","link":"https:\/\/www.tucomarca.com\/wordpress\/segunda\/enguix-insta-al-consell-a-dotar-de-fondos-a-fisabio-para-acelerar-la-identificacion-de-los-represaliados-de-la-guerra-civil\/","title":{"rendered":"Enguix insta al Consell a dotar de fondos a Fisabio para acelerar la identificaci\u00f3n de los represaliados de la Guerra Civil"},"content":{"rendered":"\n<h3 class=\"wp-block-heading\">La vicepresidenta y diputada de Memoria defiende que \u201cla identificaci\u00f3n de las v\u00edctimas no es una opci\u00f3n, sino una obligaci\u00f3n democr\u00e1tica para que las familias puedan cerrar sus heridas tras d\u00e9cadas de silencio e impunidad\u201d.<\/h3>\n\n\n\n<p>La vicepresidenta primera de la Diputaci\u00f3 de Val\u00e8ncia y responsable de Memoria Democr\u00e1tica, Nat\u00e0lia Enguix, ha reclamado a la Generalitat Valenciana que mantenga el apoyo institucional y econ\u00f3mico a Fisabio (Fundaci\u00f3n para el Fomento de la Investigaci\u00f3n Sanitaria y Biom\u00e9dica de la Comunitat Valenciana). El objetivo de esta petici\u00f3n es evitar que se frenen los trabajos de identificaci\u00f3n por ADN y que las familias de las v\u00edctimas puedan recuperar a sus seres queridos sin m\u00e1s esperas. Enguix ha insistido en que, sin el respaldo necesario a esta entidad encargada de las pruebas biol\u00f3gicas, muchas familias seguir\u00e1n esperando un reconocimiento que es de justicia.<\/p>\n\n\n\n<p>Estas declaraciones se han producido este domingo en el marco del acto de entrega de los restos de Vicente Ribelles y de Juan Moya Gand\u00eda a sus familiares. Enguix ha calificado la jornada como un d\u00eda para la memoria y la justicia democr\u00e1tica, se\u00f1alando que la recuperaci\u00f3n de estos dos hombres \u2014que no fueron fusilados por sus actos, sino por sus ideas de justicia social y libertad\u2014 representa una victoria frente al silencio y el olvido impuesto durante d\u00e9cadas.&nbsp;<\/p>\n\n\n\n<p>Ante la disminuci\u00f3n de ayudas por parte de otras administraciones, Enguix ha reafirmado que la Diputaci\u00f3 de Val\u00e8ncia ha blindado estas pol\u00edticas aumentando el presupuesto de Memoria Democr\u00e1tica hasta superar los dos millones de euros anuales. La intenci\u00f3n de la instituci\u00f3n provincial es dar continuidad y estabilidad a estos trabajos, \u201cincluso solicitando m\u00e1s cr\u00e9dito si fuera necesario\u201d, para que los procesos de exhumaci\u00f3n e identificaci\u00f3n no dependan de la voluntad pol\u00edtica del momento. \u00abLa memoria no es una opci\u00f3n, sino una obligaci\u00f3n democr\u00e1tica que tenemos desde las instituciones\u00bb, ha aseverado la vicepresidenta.<\/p>\n\n\n\n<p>Finalmente, Enguix ha hecho hincapi\u00e9 en la importancia de desarrollar la Ley de Memoria Democr\u00e1tica en su vertiente pedag\u00f3gica. Para la responsable provincial, la labor no debe concluir con la entrega de los restos, sino que debe integrarse de forma transversal en el sistema educativo para que las generaciones j\u00f3venes conozcan la \u00abhistoria completa\u00bb.&nbsp;<\/p>\n\n\n\n<p>Por este motivo, desde la Diputaci\u00f3 de Val\u00e8ncia se est\u00e1n desarrollando proyectos que puedan llegar a las nuevas generaciones a trav\u00e9s de proyectos pedag\u00f3gicos y culturales de vanguardia. En este sentido, ha destacado la consolidaci\u00f3n de iniciativas como &#8216;Mem\u00f2ria a l&#8217;Escola&#8217;, la colaboraci\u00f3n en el proyecto laboratorios de democracia con la Fundaci\u00f3n Internacional Baltasar Garz\u00f3n, as\u00ed como con &#8216;Missions de la Mem\u00f2ria&#8217;, un programa que lleva testimonios directos a los institutos para que los j\u00f3venes conozcan la historia de su entorno.<\/p>\n\n\n\n<p>A esta apuesta educativa se suman acciones de divulgaci\u00f3n cultural como el proyecto &#8216;Mar\u00eda la Jabalina&#8217;, que rescata figuras silenciadas, el Congreso Internacional de Memoria Democr\u00e1tica celebrado el pasado mes de octubre o la reciente exposici\u00f3n sobre el fot\u00f3grafo Luis Vidal Corella, que recupera la memoria visual de la posguerra.&nbsp;<\/p>\n\n\n\n<p>La delegaci\u00f3n tambi\u00e9n explora nuevos formatos como el podcast de \u2018Mural Memorial\u00edstic Valenci\u00e0\u2019 producido en colaboraci\u00f3n con Eldiario.es, una herramienta digital para acercar los lugares de la memoria al p\u00fablico joven o \u2018El Mur\u2019 de Carlos Solana en \u00c0punt radio.&nbsp; \u00abNuestro objetivo es que la memoria sea una herramienta para que la juventud entienda la importancia de la libertad; por eso seguiremos apostando por una memoria que se lee, se escucha y se estudia en las aulas\u00bb, ha concluido la vicepresidenta.<\/p>\n","protected":false},"excerpt":{"rendered":"<div class=\"mh-excerpt\">La vicepresidenta y diputada de Memoria defiende que \u201cla identificaci\u00f3n de las v\u00edctimas no es una opci\u00f3n, sino una obligaci\u00f3n democr\u00e1tica para que las familias puedan cerrar sus heridas tras d\u00e9cadas de silencio e impunidad\u201d. <a class=\"mh-excerpt-more\" href=\"https:\/\/www.tucomarca.com\/wordpress\/segunda\/enguix-insta-al-consell-a-dotar-de-fondos-a-fisabio-para-acelerar-la-identificacion-de-los-represaliados-de-la-guerra-civil\/\" title=\"Enguix insta al Consell a dotar de fondos a Fisabio para acelerar la identificaci\u00f3n de los represaliados de la Guerra Civil\">[+] <\/a><\/div>\n","protected":false},"author":12,"featured_media":297487,"comment_status":"closed","ping_status":"open","sticky":false,"template":"","format":"standard","meta":{"footnotes":""},"categories":[128,8,72,142,3,116,45],"tags":[3677,1849,16618,20401],"class_list":{"0":"post-298696","1":"post","2":"type-post","3":"status-publish","4":"format-standard","5":"has-post-thumbnail","7":"category-infraestructuras","8":"category-la-comarca","9":"category-sin-categorizar","10":"category-politica-la-comarca","11":"category-seccion","12":"category-sucesos-la-comarca","13":"category-ventana","14":"tag-diputacio-de-valencia","15":"tag-fisabio","16":"tag-memoria-democratica","17":"tag-natalia-enguix-2"},"_links":{"self":[{"href":"https:\/\/www.tucomarca.com\/wordpress\/segunda\/wp-json\/wp\/v2\/posts\/298696","targetHints":{"allow":["GET"]}}],"collection":[{"href":"https:\/\/www.tucomarca.com\/wordpress\/segunda\/wp-json\/wp\/v2\/posts"}],"about":[{"href":"https:\/\/www.tucomarca.com\/wordpress\/segunda\/wp-json\/wp\/v2\/types\/post"}],"author":[{"embeddable":true,"href":"https:\/\/www.tucomarca.com\/wordpress\/segunda\/wp-json\/wp\/v2\/users\/12"}],"replies":[{"embeddable":true,"href":"https:\/\/www.tucomarca.com\/wordpress\/segunda\/wp-json\/wp\/v2\/comments?post=298696"}],"version-history":[{"count":0,"href":"https:\/\/www.tucomarca.com\/wordpress\/segunda\/wp-json\/wp\/v2\/posts\/298696\/revisions"}],"wp:featuredmedia":[{"embeddable":true,"href":"https:\/\/www.tucomarca.com\/wordpress\/segunda\/wp-json\/wp\/v2\/media\/297487"}],"wp:attachment":[{"href":"https:\/\/www.tucomarca.com\/wordpress\/segunda\/wp-json\/wp\/v2\/media?parent=298696"}],"wp:term":[{"taxonomy":"category","embeddable":true,"href":"https:\/\/www.tucomarca.com\/wordpress\/segunda\/wp-json\/wp\/v2\/categories?post=298696"},{"taxonomy":"post_tag","embeddable":true,"href":"https:\/\/www.tucomarca.com\/wordpress\/segunda\/wp-json\/wp\/v2\/tags?post=298696"}],"curies":[{"name":"wp","href":"https:\/\/api.w.org\/{rel}","templated":true}]}}