{"id":298702,"date":"2026-04-14T09:45:00","date_gmt":"2026-04-14T07:45:00","guid":{"rendered":"https:\/\/www.tucomarca.com\/wordpress\/segunda\/?p=298702"},"modified":"2026-04-15T10:14:46","modified_gmt":"2026-04-15T08:14:46","slug":"las-corales-villa-de-san-esteban-de-gormaz-y-coral-federico-olmeda-actuaran-este-viernes-en-bunol-invitadas-por-el-coro-orfeos-de-la-sm-la-artistica","status":"publish","type":"post","link":"https:\/\/www.tucomarca.com\/wordpress\/segunda\/las-corales-villa-de-san-esteban-de-gormaz-y-coral-federico-olmeda-actuaran-este-viernes-en-bunol-invitadas-por-el-coro-orfeos-de-la-sm-la-artistica\/","title":{"rendered":"Las corales Villa de San Esteban de Gormaz y Coral Federico Olmeda actuar\u00e1n en Bu\u00f1ol invitadas por el Coro OrFeos de La SM \u00abLa Art\u00edstica\u00bb"},"content":{"rendered":"\n<p>El Teatro Montecarlo acoger\u00e1 el pr\u00f3ximo viernes 24 de abril a las 19:00 horas un destacado concierto coral que contar\u00e1 con la participaci\u00f3n especial de la Coral de Villa de San Esteban de Gormaz y la Coral Federico Olmeda de Soria, en una cita musical que refuerza los lazos culturales entre territorios.<\/p>\n\n\n\n<p>El encuentro est\u00e1 organizado por el Coro OrFeos de la Sociedad Musical \u201cLa Art\u00edstica\u201d, que ejercer\u00e1 de anfitri\u00f3n en una velada en la que tambi\u00e9n participar\u00e1 el Coro de Voces Blancas de la Escuela de M\u00fasica \u201cLuis Ayll\u00f3n\u201d.<\/p>\n\n\n\n<p>La primera parte del concierto ofrecer\u00e1 un repertorio variado de piezas populares de distintas tradiciones, desde la polinesia hasta la africana. Adem\u00e1s, el Coro OrFeos, bajo la direcci\u00f3n de Jos\u00e9 Ram\u00f3n Peinado Montero, interpretar\u00e1 obras como <em>La trompa i fil<\/em>, <em>Vivo por ella<\/em> y <em>Alma, coraz\u00f3n y vida<\/em>.<\/p>\n\n\n\n<p>La segunda parte estar\u00e1 protagonizada por las corales invitadas procedentes de Soria, dirigidas por Jessica Redondo. Como colof\u00f3n, todas las agrupaciones unir\u00e1n sus voces para interpretar conjuntamente piezas como <em>Esta tierra<\/em> y <em>La vida es bella<\/em>, poniendo el broche final a una velada que promete emoci\u00f3n y calidad musical.<\/p>\n\n\n\n<p>El concierto supone una oportunidad \u00fanica para disfrutar de la m\u00fasica coral y del intercambio cultural entre agrupaciones, consolidando a Bu\u00f1ol como un referente en la actividad musical. Informa, <strong>P. Ferrer<\/strong>.<\/p>\n","protected":false},"excerpt":{"rendered":"<div class=\"mh-excerpt\">El Teatro Montecarlo acoger\u00e1 el pr\u00f3ximo viernes 24 de abril a las 19:00 horas un destacado concierto coral que contar\u00e1 con la participaci\u00f3n especial de la Coral de Villa de San Esteban de Gormaz y <a class=\"mh-excerpt-more\" href=\"https:\/\/www.tucomarca.com\/wordpress\/segunda\/las-corales-villa-de-san-esteban-de-gormaz-y-coral-federico-olmeda-actuaran-este-viernes-en-bunol-invitadas-por-el-coro-orfeos-de-la-sm-la-artistica\/\" title=\"Las corales Villa de San Esteban de Gormaz y Coral Federico Olmeda actuar\u00e1n en Bu\u00f1ol invitadas por el Coro OrFeos de La SM \u00abLa Art\u00edstica\u00bb\">[+] <\/a><\/div>\n","protected":false},"author":12,"featured_media":298704,"comment_status":"closed","ping_status":"open","sticky":false,"template":"","format":"standard","meta":{"footnotes":""},"categories":[4,18,66,8,10,7,3],"tags":[10385,22105,5952],"class_list":{"0":"post-298702","1":"post","2":"type-post","3":"status-publish","4":"format-standard","5":"has-post-thumbnail","7":"category-agenda","8":"category-bunol","9":"category-musica","10":"category-la-comarca","11":"category-la-hoya","12":"category-ocio-y-cultura","13":"category-seccion","14":"tag-bunol","15":"tag-coro-orfeos","16":"tag-la-hoya-de-bunol-chiva"},"_links":{"self":[{"href":"https:\/\/www.tucomarca.com\/wordpress\/segunda\/wp-json\/wp\/v2\/posts\/298702","targetHints":{"allow":["GET"]}}],"collection":[{"href":"https:\/\/www.tucomarca.com\/wordpress\/segunda\/wp-json\/wp\/v2\/posts"}],"about":[{"href":"https:\/\/www.tucomarca.com\/wordpress\/segunda\/wp-json\/wp\/v2\/types\/post"}],"author":[{"embeddable":true,"href":"https:\/\/www.tucomarca.com\/wordpress\/segunda\/wp-json\/wp\/v2\/users\/12"}],"replies":[{"embeddable":true,"href":"https:\/\/www.tucomarca.com\/wordpress\/segunda\/wp-json\/wp\/v2\/comments?post=298702"}],"version-history":[{"count":0,"href":"https:\/\/www.tucomarca.com\/wordpress\/segunda\/wp-json\/wp\/v2\/posts\/298702\/revisions"}],"wp:featuredmedia":[{"embeddable":true,"href":"https:\/\/www.tucomarca.com\/wordpress\/segunda\/wp-json\/wp\/v2\/media\/298704"}],"wp:attachment":[{"href":"https:\/\/www.tucomarca.com\/wordpress\/segunda\/wp-json\/wp\/v2\/media?parent=298702"}],"wp:term":[{"taxonomy":"category","embeddable":true,"href":"https:\/\/www.tucomarca.com\/wordpress\/segunda\/wp-json\/wp\/v2\/categories?post=298702"},{"taxonomy":"post_tag","embeddable":true,"href":"https:\/\/www.tucomarca.com\/wordpress\/segunda\/wp-json\/wp\/v2\/tags?post=298702"}],"curies":[{"name":"wp","href":"https:\/\/api.w.org\/{rel}","templated":true}]}}