{"id":298724,"date":"2026-04-14T11:50:00","date_gmt":"2026-04-14T09:50:00","guid":{"rendered":"https:\/\/www.tucomarca.com\/wordpress\/segunda\/?p=298724"},"modified":"2026-04-15T21:07:08","modified_gmt":"2026-04-15T19:07:08","slug":"la-diputacio-de-valencia-asigna-23-millones-de-euros-para-gestion-forestal-y-prevencion-de-incendios-en-camp-de-turia-rincon-de-ademuz-y-la-serrania","status":"publish","type":"post","link":"https:\/\/www.tucomarca.com\/wordpress\/segunda\/la-diputacio-de-valencia-asigna-23-millones-de-euros-para-gestion-forestal-y-prevencion-de-incendios-en-camp-de-turia-rincon-de-ademuz-y-la-serrania\/","title":{"rendered":"La Diputaci\u00f3 de Val\u00e8ncia asigna 2,3 millones de euros para gesti\u00f3n forestal y prevenci\u00f3n de incendios en Camp de T\u00faria, Rinc\u00f3n de Ademuz y la Serran\u00eda\u00a0"},"content":{"rendered":"\n<h3 class=\"wp-block-heading\">El presidente Vicent Momp\u00f3 presenta ante alcaldes y alcaldesas de la provincia las novedades del programa de subvenciones del \u00e1rea de Medio Ambiente para hacerlo \u00abm\u00e1s \u00fatil, m\u00e1s inteligente y profundamente conectado con la realidad de nuestros ayuntamientos\u00bb.<\/h3>\n\n\n\n<h3 class=\"wp-block-heading\">La distribuci\u00f3n de las ayudas atiende a criterios como el tama\u00f1o del municipio, la extensi\u00f3n de masa forestal o la existencia de planes forestales.<\/h3>\n\n\n\n<h3 class=\"wp-block-heading\">El diputado de Medio Ambiente, Avelino Mascarell, destaca como novedad de esta convocatoria \u00abla reducci\u00f3n de la burocracia para simplificar la gesti\u00f3n por parte de los ayuntamientos que permitir\u00e1 que las acciones se lleven a cabo de manera m\u00e1s \u00e1gil\u00bb.<\/h3>\n\n\n\n<p>El presidente de la Diputaci\u00f3 de Val\u00e8ncia, Vicent Momp\u00f3, ha presentado esta ma\u00f1ana, junto al diputado de Medio Ambiente, Avelino Mascarell, las novedades de la edici\u00f3n 2026 del programa de subvenciones en materia de gesti\u00f3n forestal y prevenci\u00f3n de incendios.<\/p>\n\n\n\n<p>Se trata del programa anual Gestifoc que este a\u00f1o, seg\u00fan ha anunciado el propio Momp\u00f3 \u00abha redise\u00f1ado completamente su operativa para simplificar al m\u00e1ximo la burocracia\u00bb. \u00abDe esta manera -ha explicado el propio presidente- seguimos consolidando una forma de entender la acci\u00f3n p\u00fablica m\u00e1s \u00fatil, m\u00e1s inteligente y conectada con la realidad de nuestros ayuntamientos\u00bb.<\/p>\n\n\n\n<p>En la comarca del Rinc\u00f3n de Ademuz, la asignaci\u00f3n global del \u00e1rea de Medio Ambiente de la instituci\u00f3n provincial asciende a 451.231,11 euros, que se distribuir\u00e1n entre sus siete municipios, con cantidades que oscilan entre los 32.670 \u20ac de Torrebaja y los 92.206 \u20ac de Castielfabib; mientras que en la Serran\u00eda, el total de inversi\u00f3n provincial en Gestifoc 2026 asciende a 1.275,466,50 euros, con dos poblaciones, Andilla y Chelva, que superan los 100.000 euros de asignaci\u00f3n. &nbsp;<\/p>\n\n\n\n<p>Por lo que se refiere al Camp de T\u00faria, las cantidades destinadas a los ayuntamientos suman un total de 600.000 euros, siendo Loriguilla con 69.300 euros y Serra, con 61.300, los municipios con mayor asignaci\u00f3n.<\/p>\n\n\n\n<p>El c\u00e1lculo de las cantidades que corresponden a cada ayuntamiento se ha llevado a cabo seg\u00fan el baremo t\u00e9cnico que recoge, entre otros aspectos, los siguientes: tama\u00f1o del municipio (se prioriza los m\u00e1s peque\u00f1os), superficie forestal (cuanto m\u00e1s monte, m\u00e1s ayuda), planificaci\u00f3n (planes forestales o de prevenci\u00f3n de incendios), y la existencia de espacios naturales protegidos y\/o montes de utilidad p\u00fablica.<\/p>\n\n\n\n<p><strong>Caracter\u00edsticas generales del programa<\/strong><\/p>\n\n\n\n<p>Con un montante global de 8 millones de euros, la edici\u00f3n 2026 de Gestifoc presenta como novedad m\u00e1s relevante, tal como explica el diputado Avelino Mascarell, \u00abla reducci\u00f3n a la mitad de la burocracia que hasta ahora acompa\u00f1aba a este plan\u00bb y destaca que \u00abesto tiene un doble beneficio: simplifica la gesti\u00f3n por parte de los ayuntamientos, y, lo que es m\u00e1s importante, permite que las acciones preventivas se lleven a cabo de manera m\u00e1s \u00e1gil\u00bb.<\/p>\n\n\n\n<p>Tambi\u00e9n enmarcado en este proceso de simplificaci\u00f3n administrativa, el \u00e1rea de Medio Ambiente ha adelantado la convocatoria de estas subvenciones al mes de marzo, tres meses antes que en el ejercicio anterior, lo que permitir\u00e1 iniciar antes las actuaciones y mejorar su impacto preventivo.<\/p>\n\n\n\n<p>En cuanto a la modalidad de las ayudas, Gestifoc contempla dos l\u00edneas de actuaci\u00f3n. Por un lado, se destinan 2 millones de euros a los municipios propietarios de montes para desarrollar trabajos de gesti\u00f3n forestal, como tratamientos silv\u00edcolas y mejora de masas vegetales. Por otro, se movilizan 6 millones de euros para ejecutar las infraestructuras previstas en los planes locales de prevenci\u00f3n de incendios, incluyendo \u00e1reas cortafuegos, mejora de caminos forestales y puntos de agua para la extinci\u00f3n.<\/p>\n\n\n\n<p><strong>MUNICIPIOS DE LA SERRAN\u00cdA<\/strong><\/p>\n\n\n\n<figure class=\"wp-block-table\"><table class=\"has-fixed-layout\"><tbody><tr><td>Alcublas<\/td><td>33.224,21 \u20ac<\/td><td>&nbsp;&nbsp; &nbsp; &nbsp; &nbsp; &nbsp; &nbsp; &nbsp; &nbsp; &nbsp; 19.303,85 \u20ac&nbsp;<\/td><td>52.528,06 \u20ac&nbsp;<\/td><\/tr><tr><td>Alpuente<\/td><td>60.442,31 \u20ac<\/td><td>&nbsp;&nbsp; &nbsp; &nbsp; &nbsp; &nbsp; &nbsp; &nbsp; &nbsp; &nbsp; 26.749,70 \u20ac&nbsp;<\/td><td>&nbsp; &nbsp; &nbsp; &nbsp; &nbsp; &nbsp; 87.192,01 \u20ac&nbsp;<\/td><\/tr><tr><td>Andilla<\/td><td>72.306,60 \u20ac<\/td><td>&nbsp;&nbsp; &nbsp; &nbsp; &nbsp; &nbsp; &nbsp; &nbsp; &nbsp; &nbsp; 29.104,04 \u20ac&nbsp;<\/td><td>&nbsp;&nbsp; &nbsp; &nbsp; &nbsp; &nbsp; &nbsp; 101.410,64 \u20ac&nbsp;<\/td><\/tr><tr><td>Aras de los Olmos<\/td><td>47.559,65 \u20ac<\/td><td>&nbsp;&nbsp; &nbsp; &nbsp; &nbsp; &nbsp; &nbsp; &nbsp; &nbsp; &nbsp; 24.127,15 \u20ac&nbsp;<\/td><td>&nbsp; &nbsp; &nbsp; &nbsp; &nbsp; &nbsp; &nbsp; 71.686,80 \u20ac&nbsp;<\/td><\/tr><tr><td>Benag\u00e9ber<\/td><td>50.464,04 \u20ac<\/td><td>&nbsp;&nbsp; &nbsp; &nbsp; &nbsp; &nbsp; &nbsp; &nbsp; &nbsp; &nbsp; 24.751,15 \u20ac&nbsp;<\/td><td>&nbsp; &nbsp; &nbsp; &nbsp; &nbsp; &nbsp; 75.215,19 \u20ac&nbsp;<\/td><\/tr><tr><td>Bugarra<\/td><td>35.957,43 \u20ac<\/td><td>&nbsp;&nbsp; &nbsp; &nbsp; &nbsp; &nbsp; &nbsp; &nbsp; &nbsp; &nbsp; 18.027,53 \u20ac&nbsp;<\/td><td>&nbsp;&nbsp; &nbsp; &nbsp; &nbsp; &nbsp; 53.984,96 \u20ac&nbsp;<\/td><\/tr><tr><td>Calles<\/td><td>51.035,79 \u20ac<\/td><td>&nbsp;&nbsp; &nbsp; &nbsp; &nbsp; &nbsp; &nbsp; &nbsp; &nbsp; &nbsp; 24.997,12 \u20ac&nbsp;<\/td><td>&nbsp; &nbsp; &nbsp; &nbsp; &nbsp; &nbsp; 76.032,91 \u20ac&nbsp;<\/td><\/tr><tr><td>Chelva<\/td><td>78.837,84 \u20ac<\/td><td>&nbsp;&nbsp; &nbsp; &nbsp; &nbsp; &nbsp; &nbsp; &nbsp; &nbsp; &nbsp; 29.762,75 \u20ac&nbsp;<\/td><td>&nbsp; &nbsp; &nbsp; &nbsp; &nbsp; 108.600,59 \u20ac&nbsp;<\/td><\/tr><tr><td>Chulilla<\/td><td>36.902,22 \u20ac<\/td><td>&nbsp;&nbsp; &nbsp; &nbsp; &nbsp; &nbsp; &nbsp; &nbsp; &nbsp; &nbsp; 23.509,07 \u20ac&nbsp;<\/td><td>&nbsp;&nbsp; &nbsp; &nbsp; &nbsp; &nbsp; &nbsp; 60.411,29 \u20ac&nbsp;<\/td><\/tr><tr><td>Dome\u00f1o<\/td><td>49.915,91 \u20ac<\/td><td>&nbsp;&nbsp; &nbsp; &nbsp; &nbsp; &nbsp; &nbsp; &nbsp; &nbsp; &nbsp; 24.910,18 \u20ac&nbsp;<\/td><td>&nbsp; &nbsp; &nbsp; &nbsp; &nbsp; &nbsp; 74.826,09 \u20ac&nbsp;<\/td><\/tr><tr><td>Gestalgar<\/td><td>38.671,77 \u20ac<\/td><td>&nbsp;&nbsp; &nbsp; &nbsp; &nbsp; &nbsp; &nbsp; &nbsp; &nbsp; &nbsp; 17.247,95 \u20ac&nbsp;<\/td><td>&nbsp;&nbsp; &nbsp; &nbsp; &nbsp; &nbsp; &nbsp; 55.919,72 \u20ac&nbsp;<\/td><\/tr><tr><td>Higueruelas<\/td><td>33.009,76 \u20ac<\/td><td>&nbsp;&nbsp; &nbsp; &nbsp; &nbsp; &nbsp; &nbsp; &nbsp; &nbsp; &nbsp; 17.607,43 \u20ac&nbsp;<\/td><td>&nbsp;&nbsp; &nbsp; &nbsp; &nbsp; &nbsp; &nbsp; 50.617,19 \u20ac&nbsp;<\/td><\/tr><tr><td>Losa del Obispo<\/td><td>29.560,37 \u20ac<\/td><td>&nbsp;&nbsp; &nbsp; &nbsp; &nbsp; &nbsp; &nbsp; &nbsp; &nbsp; &nbsp; 16.885,68 \u20ac&nbsp;<\/td><td>&nbsp; &nbsp; &nbsp; &nbsp; &nbsp; &nbsp; &nbsp; 46.446,05 \u20ac&nbsp;<\/td><\/tr><tr><td>Pedralba<\/td><td>29.966,46 \u20ac<\/td><td>&nbsp;&nbsp; &nbsp; &nbsp; &nbsp; &nbsp; &nbsp; &nbsp; &nbsp; &nbsp; 17.492,88 \u20ac&nbsp;<\/td><td>&nbsp;&nbsp; &nbsp; &nbsp; &nbsp; &nbsp; &nbsp; 47.459,34 \u20ac&nbsp;<\/td><\/tr><tr><td>Sot de Chera<\/td><td>42.502,44 \u20ac<\/td><td>&nbsp;&nbsp; &nbsp; &nbsp; &nbsp; &nbsp; &nbsp; &nbsp; &nbsp; &nbsp; 20.250,85 \u20ac&nbsp;<\/td><td>&nbsp; &nbsp; &nbsp; &nbsp; &nbsp; &nbsp; &nbsp; 62.753,29 \u20ac&nbsp;<\/td><\/tr><tr><td>Titaguas<\/td><td>45.561,48 \u20ac<\/td><td>&nbsp;&nbsp; &nbsp; &nbsp; &nbsp; &nbsp; &nbsp; &nbsp; &nbsp; &nbsp; 24.085,24 \u20ac&nbsp;<\/td><td>&nbsp;&nbsp; &nbsp; &nbsp; &nbsp; &nbsp; &nbsp; 69.646,72 \u20ac&nbsp;<\/td><\/tr><tr><td>Tu\u00e9jar<\/td><td>60.453,72 \u20ac<\/td><td>&nbsp;&nbsp; &nbsp; &nbsp; &nbsp; &nbsp; &nbsp; &nbsp; &nbsp; &nbsp; 27.997,55 \u20ac&nbsp;<\/td><td>&nbsp; &nbsp; &nbsp; &nbsp; &nbsp; &nbsp; &nbsp; 88.451,27 \u20ac&nbsp;<\/td><\/tr><tr><td>Villar del Arzobispo<\/td><td>10.013,13 \u20ac<\/td><td>&nbsp;&nbsp; &nbsp; &nbsp; &nbsp; &nbsp; &nbsp; &nbsp; &nbsp; &nbsp; 15.887,40 \u20ac&nbsp;<\/td><td>&nbsp; &nbsp; &nbsp; &nbsp; &nbsp; &nbsp; 25.900,53 \u20ac&nbsp;<\/td><\/tr><tr><td>Yesa, La<\/td><td>48.854,25 \u20ac<\/td><td>&nbsp;&nbsp; &nbsp; &nbsp; &nbsp; &nbsp; &nbsp; &nbsp; &nbsp; &nbsp; 17.529,60 \u20ac&nbsp;<\/td><td>&nbsp;&nbsp; &nbsp; &nbsp; &nbsp; &nbsp; &nbsp; 66.383,85 \u20ac&nbsp;<\/td><\/tr><\/tbody><\/table><\/figure>\n\n\n\n<p><strong>TOTAL LA SERRAN\u00cdA: 1.275.466,50 \u20ac<\/strong><\/p>\n\n\n\n<p><strong>MUNICIPIOS DEL CAMP DE T\u00daRIA<\/strong><\/p>\n\n\n\n<figure class=\"wp-block-table\"><table class=\"has-fixed-layout\"><tbody><tr><td><br><\/td><td><strong>PREVENCI\u00d3N INCENDIOS<\/strong><\/td><td><strong>GESTI\u00d3N FORESTAL<\/strong><\/td><td><strong>TOTAL<\/strong><\/td><\/tr><tr><td>Benaguasil<\/td><td>20.536,73 \u20ac<\/td><td>&nbsp;<\/td><td>20.536,73 \u20ac&nbsp;<\/td><\/tr><tr><td>Benissan\u00f3<\/td><td>25.946,51 \u20ac<\/td><td>&nbsp;<\/td><td>25.946,51 \u20ac&nbsp;<\/td><\/tr><tr><td>B\u00e9tera<\/td><td>22.087,10 \u20ac<\/td><td>&nbsp;<\/td><td>22.087,10 \u20ac&nbsp;<\/td><\/tr><tr><td>Casinos<\/td><td>28.204,39 \u20ac<\/td><td>16.682,75 \u20ac&nbsp;<\/td><td>44.887,14 \u20ac&nbsp;<\/td><\/tr><tr><td>Eliana, l&#8217;<\/td><td>20.015,74 \u20ac<\/td><td>&nbsp;<\/td><td>20.015,74 \u20ac&nbsp;<\/td><\/tr><tr><td>G\u00e1tova<\/td><td>35.826,00 \u20ac<\/td><td>&nbsp;&nbsp; &nbsp; &nbsp; &nbsp; &nbsp; &nbsp; &nbsp; &nbsp; &nbsp; 22.526,16 \u20ac&nbsp;<\/td><td>58.352,16 \u20ac&nbsp;<\/td><\/tr><tr><td>Ll\u00edria<\/td><td>41.483,68 \u20ac<\/td><td>&nbsp;<\/td><td>41.483,68 \u20ac&nbsp;<\/td><\/tr><tr><td>Loriguilla<\/td><td>48.742,50 \u20ac<\/td><td>&nbsp;&nbsp; &nbsp; &nbsp; &nbsp; &nbsp; &nbsp; &nbsp; &nbsp; &nbsp; 20.558,17 \u20ac&nbsp;<\/td><td>69.300,67 \u20ac&nbsp;<\/td><\/tr><tr><td>Marines<\/td><td>31.025,36 \u20ac<\/td><td>&nbsp;&nbsp; &nbsp; &nbsp; &nbsp; &nbsp; &nbsp; &nbsp; &nbsp; &nbsp; 21.453,42 \u20ac&nbsp;<\/td><td>52.478,78 \u20ac&nbsp;<\/td><\/tr><tr><td>N\u00e0quera<\/td><td>24.649,94 \u20ac<\/td><td>&nbsp;&nbsp; &nbsp; &nbsp; &nbsp; &nbsp; &nbsp; &nbsp; &nbsp; &nbsp; 16.464,62 \u20ac&nbsp;<\/td><td>41.114,56 \u20ac&nbsp;<\/td><\/tr><tr><td>Olocau<\/td><td>29.284,14 \u20ac<\/td><td>&nbsp;&nbsp; &nbsp; &nbsp; &nbsp; &nbsp; &nbsp; &nbsp; &nbsp; &nbsp; 21.282,00 \u20ac&nbsp;<\/td><td>50.566,14 \u20ac&nbsp;<\/td><\/tr><tr><td>Pobla de Vallbona, la<\/td><td>20.580,80 \u20ac<\/td><td>&nbsp;<\/td><td>20.580,80 \u20ac&nbsp;<\/td><\/tr><tr><td>Riba-roja de T\u00faria<\/td><td>22.085,53 \u20ac<\/td><td>&nbsp;<\/td><td>22.085,53 \u20ac&nbsp;<\/td><\/tr><tr><td>San Antonio de Benag\u00e9ber<\/td><td>5.059,81 \u20ac<\/td><td><br><\/td><td>5.059,81 \u20ac&nbsp;<\/td><\/tr><tr><td>Serra<\/td><td>39.701,54 \u20ac<\/td><td>21.674,35 \u20ac&nbsp;<\/td><td>61.375,89 \u20ac&nbsp;<\/td><\/tr><tr><td>Vilamarxant<\/td><td>25.772,97 \u20ac<\/td><td>18.349,82 \u20ac&nbsp;<\/td><td>44.122,79 \u20ac&nbsp;<\/td><\/tr><\/tbody><\/table><\/figure>\n\n\n\n<p><strong>TOTAL RINC\u00d3N DE ADEMUZ: 599.994,03 \u20ac<\/strong><\/p>\n\n\n\n<p><strong>MUNICIPIOS DEL RINC\u00d3N DE ADEMUZ<\/strong><\/p>\n\n\n\n<figure class=\"wp-block-table\"><table class=\"has-fixed-layout\"><tbody><tr><td><br><\/td><td><strong>PREVENCI\u00d3N INCENDIOS<\/strong><\/td><td><strong>GESTI\u00d3N FORESTAL<\/strong><\/td><td><strong>TOTAL<\/strong><\/td><\/tr><tr><td>Ademuz<\/td><td>59.929,58 \u20ac<\/td><td>&nbsp;&nbsp; &nbsp; &nbsp; &nbsp; &nbsp; &nbsp; &nbsp; &nbsp; &nbsp; 22.872,83 \u20ac&nbsp;<\/td><td>82.802,41 \u20ac&nbsp;<\/td><\/tr><tr><td>Casas Altas<\/td><td>34.225,66 \u20ac<\/td><td>&nbsp;&nbsp; &nbsp; &nbsp; &nbsp; &nbsp; &nbsp; &nbsp; &nbsp; &nbsp; 19.427,75 \u20ac&nbsp;<\/td><td>53.653,41 \u20ac&nbsp;<\/td><\/tr><tr><td>Casas Bajas<\/td><td>33.743,23 \u20ac<\/td><td>&nbsp;&nbsp; &nbsp; &nbsp; &nbsp; &nbsp; &nbsp; &nbsp; &nbsp; &nbsp; 17.545,60 \u20ac&nbsp;<\/td><td>51.288,83 \u20ac&nbsp;<\/td><\/tr><tr><td>Castielfabib<\/td><td>63.685,11 \u20ac<\/td><td>&nbsp;&nbsp; &nbsp; &nbsp; &nbsp; &nbsp; &nbsp; &nbsp; &nbsp; &nbsp; 28.521,00 \u20ac&nbsp;<\/td><td>92.206,11 \u20ac&nbsp;<\/td><\/tr><tr><td>Puebla de San Miguel<\/td><td>51.966,80 \u20ac<\/td><td>&nbsp;&nbsp; &nbsp; &nbsp; &nbsp; &nbsp; &nbsp; &nbsp; &nbsp; &nbsp; 22.024,47 \u20ac&nbsp;<\/td><td>73.991,27 \u20ac&nbsp;<\/td><\/tr><tr><td>Torrebaja<\/td><td>15.539,39 \u20ac<\/td><td>&nbsp;&nbsp; &nbsp; &nbsp; &nbsp; &nbsp; &nbsp; &nbsp; &nbsp; &nbsp; 17.131,49 \u20ac&nbsp;<\/td><td>32.670,88 \u20ac&nbsp;<\/td><\/tr><tr><td>Vallanca<\/td><td>41.676,50 \u20ac<\/td><td>&nbsp;&nbsp; &nbsp; &nbsp; &nbsp; &nbsp; &nbsp; &nbsp; &nbsp; &nbsp; 22.941,70 \u20ac&nbsp;<\/td><td>64.618,20 \u20ac&nbsp;<\/td><\/tr><\/tbody><\/table><\/figure>\n\n\n\n<p><strong>TOTAL RINC\u00d3N DE ADEMUZ: 451.231,11 \u20ac<\/strong><\/p>\n","protected":false},"excerpt":{"rendered":"<div class=\"mh-excerpt\">El presidente Vicent Momp\u00f3 presenta ante alcaldes y alcaldesas de la provincia las novedades del programa de subvenciones del \u00e1rea de Medio Ambiente para hacerlo \u00abm\u00e1s \u00fatil, m\u00e1s inteligente y profundamente conectado con la realidad <a class=\"mh-excerpt-more\" href=\"https:\/\/www.tucomarca.com\/wordpress\/segunda\/la-diputacio-de-valencia-asigna-23-millones-de-euros-para-gestion-forestal-y-prevencion-de-incendios-en-camp-de-turia-rincon-de-ademuz-y-la-serrania\/\" title=\"La Diputaci\u00f3 de Val\u00e8ncia asigna 2,3 millones de euros para gesti\u00f3n forestal y prevenci\u00f3n de incendios en Camp de T\u00faria, Rinc\u00f3n de Ademuz y la Serran\u00eda\u00a0\">[+] <\/a><\/div>\n","protected":false},"author":12,"featured_media":298732,"comment_status":"closed","ping_status":"open","sticky":false,"template":"","format":"standard","meta":{"footnotes":""},"categories":[49,46,128,8,59,117,142,3,116,45],"tags":[10395,3677,3912,1318],"class_list":{"0":"post-298724","1":"post","2":"type-post","3":"status-publish","4":"format-standard","5":"has-post-thumbnail","7":"category-ademuz","8":"category-camp-de-turia","9":"category-infraestructuras","10":"category-la-comarca","11":"category-los-serranos","12":"category-medio-ambiente-la-comarca","13":"category-politica-la-comarca","14":"category-seccion","15":"category-sucesos-la-comarca","16":"category-ventana","17":"tag-camp-de-turia","18":"tag-diputacio-de-valencia","19":"tag-la-serrania","20":"tag-rincon-de-ademuz"},"_links":{"self":[{"href":"https:\/\/www.tucomarca.com\/wordpress\/segunda\/wp-json\/wp\/v2\/posts\/298724","targetHints":{"allow":["GET"]}}],"collection":[{"href":"https:\/\/www.tucomarca.com\/wordpress\/segunda\/wp-json\/wp\/v2\/posts"}],"about":[{"href":"https:\/\/www.tucomarca.com\/wordpress\/segunda\/wp-json\/wp\/v2\/types\/post"}],"author":[{"embeddable":true,"href":"https:\/\/www.tucomarca.com\/wordpress\/segunda\/wp-json\/wp\/v2\/users\/12"}],"replies":[{"embeddable":true,"href":"https:\/\/www.tucomarca.com\/wordpress\/segunda\/wp-json\/wp\/v2\/comments?post=298724"}],"version-history":[{"count":0,"href":"https:\/\/www.tucomarca.com\/wordpress\/segunda\/wp-json\/wp\/v2\/posts\/298724\/revisions"}],"wp:featuredmedia":[{"embeddable":true,"href":"https:\/\/www.tucomarca.com\/wordpress\/segunda\/wp-json\/wp\/v2\/media\/298732"}],"wp:attachment":[{"href":"https:\/\/www.tucomarca.com\/wordpress\/segunda\/wp-json\/wp\/v2\/media?parent=298724"}],"wp:term":[{"taxonomy":"category","embeddable":true,"href":"https:\/\/www.tucomarca.com\/wordpress\/segunda\/wp-json\/wp\/v2\/categories?post=298724"},{"taxonomy":"post_tag","embeddable":true,"href":"https:\/\/www.tucomarca.com\/wordpress\/segunda\/wp-json\/wp\/v2\/tags?post=298724"}],"curies":[{"name":"wp","href":"https:\/\/api.w.org\/{rel}","templated":true}]}}